{"meta":{"query":{"text_content":"New york"},"warnings":null,"badfields":null},"data":[{"sig_full":"01.01.00.00.-1878","sig_level1":"1","sig_level2":"1","sig_level3":"0","sig_level4":"0","sig_id":"1878","titel":"G\u00fcnter Grass' Ankunft in New York nach einem Sturm","untertitel":"Stumme Bilder vom Anlegen der besch\u00e4digten \"Michelangelo\""},{"sig_full":"01.01.00.00.-1180","sig_level1":"1","sig_level2":"1","sig_level3":"0","sig_level4":"0","sig_id":"1180","titel":"G\u00fcnter Grass in New York","untertitel":"Eine Nachlese"},{"sig_full":"01.01.00.00.-1691","sig_level1":"1","sig_level2":"1","sig_level3":"0","sig_level4":"0","sig_id":"1691","titel":"\"My broken love\" Kalkutta  (bengali)","untertitel":"Martin K\u00e4mpchen \u00fcber Kalkutta und G\u00fcnter Grass"},{"sig_full":"01.01.00.00.-1824","sig_level1":"1","sig_level2":"1","sig_level3":"0","sig_level4":"0","sig_id":"1824","titel":"Tagesthemen-Sonderbeitrag zu Grass' Gedicht \"Was gesagt werden muss\"","untertitel":"G\u00fcnter Grass im Gespr\u00e4ch mit Tom Buhrow"},{"sig_full":"01.01.00.00.-2248","sig_level1":"1","sig_level2":"1","sig_level3":"0","sig_level4":"0","sig_id":"2248","titel":"Tagesthemen-Sonderbeitrag zu Grass' Gedicht \"Was gesagt werden muss\"(vollst\u00e4ndiges Interview)","untertitel":"G\u00fcnter Grass im Gespr\u00e4ch mit Tom Buhrow"},{"sig_full":"01.01.00.00.-0669","sig_level1":"1","sig_level2":"1","sig_level3":"0","sig_level4":"0","sig_id":"669","titel":"Die b\u00f6sen K\u00f6che","untertitel":"Ein Drama in f\u00fcnf Akten"},{"sig_full":"01.01.00.00.-1811","sig_level1":"1","sig_level2":"1","sig_level3":"0","sig_level4":"0","sig_id":"1811","titel":"Nachruf zum Tod von Helmut Frielinghaus","untertitel":"G\u00fcnter Grass und Denis Scheck im Telefoninterview"},{"sig_full":"01.01.00.00.-1831","sig_level1":"1","sig_level2":"1","sig_level3":"0","sig_level4":"0","sig_id":"1831","titel":"Nachtmagazin-Beitrag zur Diskussion \u00fcber das Israel-Gedicht  vom 05.04.2012","untertitel":null},{"sig_full":"01.01.00.00.-0595","sig_level1":"1","sig_level2":"1","sig_level3":"0","sig_level4":"0","sig_id":"595","titel":"G\u00fcnter Grass bei NTV: Maischberger","untertitel":"Interview anl\u00e4sslich der Entwicklung nach den Anschl\u00e4gen auf das World Trade Center am 11.9.2001"},{"sig_full":"01.01.00.00.-2243","sig_level1":"1","sig_level2":"1","sig_level3":"0","sig_level4":"0","sig_id":"2243","titel":"MedienGrass: Grass' Shame, Germany Same - Coverage of the Waffen-SS Revelation in American Media (engl.)","untertitel":null},{"sig_full":"01.01.00.00.-2152","sig_level1":"1","sig_level2":"1","sig_level3":"0","sig_level4":"0","sig_id":"2152","titel":"Gedenkfeier anstelle einer Trauerfeier f\u00fcr G\u00fcnter Grass","untertitel":"Abschied in L\u00fcbeck"},{"sig_full":"01.01.00.00.-1833","sig_level1":"1","sig_level2":"1","sig_level3":"0","sig_level4":"0","sig_id":"1833","titel":"Micha Brumlik \u00fcbt Kritik am Gedicht von G\u00fcnter Grass (tel.)","untertitel":null},{"sig_full":"01.01.00.00.-1812","sig_level1":"1","sig_level2":"1","sig_level3":"0","sig_level4":"0","sig_id":"1812","titel":"K\u00fcnstlerbiographie G\u00fcnter Grass","untertitel":"Umfassendes Portr\u00e4t von 2011"},{"sig_full":"01.01.00.00.-1174","sig_level1":"1","sig_level2":"1","sig_level3":"0","sig_level4":"0","sig_id":"1174","titel":"Mailer-Grass-Abend in New York","untertitel":null},{"sig_full":"01.01.00.00.-2033","sig_level1":"1","sig_level2":"1","sig_level3":"0","sig_level4":"0","sig_id":"2033","titel":"Von der Problematik der \u00dcbersetzung von Dialekt und Umgangssprache (engl).","untertitel":null},{"sig_full":"01.01.00.00.-1839","sig_level1":"1","sig_level2":"1","sig_level3":"0","sig_level4":"0","sig_id":"1839","titel":"Anhaltende Diskussion zum israelkritischen Gedicht","untertitel":null},{"sig_full":"01.01.00.00.-1163","sig_level1":"1","sig_level2":"1","sig_level3":"0","sig_level4":"0","sig_id":"1163","titel":"\u00dcber den Hunger, wie er beschrieben und schriftlich verbreitet wurde  -  G\u00fcnter Grass und der menschengemachte Mangel","untertitel":"Vortrag von Dr. Anselm Weyer im Rahmen des Kongresses  \"Menschen sind Tiere, die kochen k\u00f6nnen\""},{"sig_full":"01.01.00.00.-1837","sig_level1":"1","sig_level2":"1","sig_level3":"0","sig_level4":"0","sig_id":"1837","titel":"Zusammengefasste Reaktionen zum israelkritischen Gedicht","untertitel":null},{"sig_full":"01.01.00.00.-1827","sig_level1":"1","sig_level2":"1","sig_level3":"0","sig_level4":"0","sig_id":"1827","titel":"Tagesschau-Beitrag am Abend zur Diskussion \u00fcber das Israel-Gedicht","untertitel":null},{"sig_full":"01.01.00.00.-1456","sig_level1":"1","sig_level2":"1","sig_level3":"0","sig_level4":"0","sig_id":"1456","titel":"Steidlville","untertitel":"Ein Besuch beim Grass -Verleger in G\u00f6ttingen"},{"sig_full":"01.01.00.00.-1825","sig_level1":"1","sig_level2":"1","sig_level3":"0","sig_level4":"0","sig_id":"1825","titel":"Tagesthemen-Sonderbeitrag zu Grass' Gedicht \"Was gesagt werden muss\"","untertitel":"Gro\u00dfe Aufregung"},{"sig_full":"01.01.00.00.-1826","sig_level1":"1","sig_level2":"1","sig_level3":"0","sig_level4":"0","sig_id":"1826","titel":"Tagesschau-Beitrag am Vorabend zur Diskussion \u00fcber das  Israel-Gedicht","untertitel":null},{"sig_full":"01.01.00.00.-1793","sig_level1":"1","sig_level2":"1","sig_level3":"0","sig_level4":"0","sig_id":"1793","titel":"Rede vor dem internationalen PEN-Kongress in New York 1986","untertitel":null},{"sig_full":"01.01.00.00.-1836","sig_level1":"1","sig_level2":"1","sig_level3":"0","sig_level4":"0","sig_id":"1836","titel":"Die asymmetrische Debatte zum israelkritischen Gedicht","untertitel":"Kommentar zu Meinungen diverser Kritiker"},{"sig_full":"01.01.00.00.-1834","sig_level1":"1","sig_level2":"1","sig_level3":"0","sig_level4":"0","sig_id":"1834","titel":"Ein St\u00fcck Selbststilisierung","untertitel":null},{"sig_full":"01.01.00.00.-2479","sig_level1":"1","sig_level2":"1","sig_level3":"0","sig_level4":"0","sig_id":"2479","titel":"Lange Nacht anl\u00e4\u00dflich Volker Schl\u00f6ndorffs 80. Geburtstag","untertitel":"Dreist\u00fcndiges Interview mit Originalzuspielern"},{"sig_full":"01.01.00.00.-0939","sig_level1":"1","sig_level2":"1","sig_level3":"0","sig_level4":"0","sig_id":"939","titel":"Freiheit nach B\u00f6rsenma\u00df","untertitel":null},{"sig_full":"01.01.00.00.-2097","sig_level1":"1","sig_level2":"1","sig_level3":"0","sig_level4":"0","sig_id":"2097","titel":"G\u00fcnter Grass und Norman Mailer sprechen \u00fcber das 20. Jahrhundert (engl.)","untertitel":null},{"sig_full":"01.01.00.00.-1678","sig_level1":"1","sig_level2":"1","sig_level3":"0","sig_level4":"0","sig_id":"1678","titel":"Happy Birthday  Mr. Grass!","untertitel":"Gratulationen aus aller Welt  zum 80. Geburtstag"},{"sig_full":"01.01.00.00.-0930","sig_level1":"1","sig_level2":"1","sig_level3":"0","sig_level4":"0","sig_id":"930","titel":"Der Mann von La Mancha","untertitel":"arte-Themenabend: Don Quichotte und sein Dichter"},{"sig_full":"01.01.00.00.-1173","sig_level1":"1","sig_level2":"1","sig_level3":"0","sig_level4":"0","sig_id":"1173","titel":"Umstritten","untertitel":"G\u00fcnter Grass in New York"},{"sig_full":"01.01.00.00.-1116","sig_level1":"1","sig_level2":"1","sig_level3":"0","sig_level4":"0","sig_id":"1116","titel":"Radioskop: Ich bedauere die Auseinandersetzung mit G\u00fcnter Grass","untertitel":null},{"sig_full":"01.01.00.00.-1944","sig_level1":"1","sig_level2":"1","sig_level3":"0","sig_level4":"0","sig_id":"1944","titel":"Ausstellung, Lesung und Diskussion im j\u00fcdischen Kulturzentrum New York","untertitel":"Kritische Fragen zu \"beim H\u00e4uten der Zwiebel\""},{"sig_full":"01.01.00.00.-1222","sig_level1":"1","sig_level2":"1","sig_level3":"0","sig_level4":"0","sig_id":"1222","titel":"Kulturweltspiegel: 48.  Internationaler PEN Kongre\u00df in New York 1986","untertitel":null},{"sig_full":"01.01.00.00.-1840","sig_level1":"1","sig_level2":"1","sig_level3":"0","sig_level4":"0","sig_id":"1840","titel":"Vortrag des israelkritischen Gedichts im Podcall","untertitel":null},{"sig_full":"01.01.00.00.-0528","sig_level1":"1","sig_level2":"1","sig_level3":"0","sig_level4":"0","sig_id":"528","titel":"G\u00fcnter Grass und Wolfgang Thierse bei \"Schriftsteller treffen Politiker. Anstiftung zu einem Dialog\"","untertitel":"Gespr\u00e4ch nach einer Lesung aus \"Mein Jahrhundert\""},{"sig_full":"01.01.00.00.-1710","sig_level1":"1","sig_level2":"1","sig_level3":"0","sig_level4":"0","sig_id":"1710","titel":"How to make a book with Steidl","untertitel":"Portr\u00e4t des Verlegers Gerhard Steidl"},{"sig_full":"01.01.00.00.-2371","sig_level1":"1","sig_level2":"1","sig_level3":"0","sig_level4":"0","sig_id":"2371","titel":"Freiheit nach B\u00f6rsenma\u00df (Rohfassung einer Lesung)","untertitel":null},{"sig_full":"01.01.00.00.-1835","sig_level1":"1","sig_level2":"1","sig_level3":"0","sig_level4":"0","sig_id":"1835","titel":"Tom Segev (tel.) \u00fcber das israelkritische Gedicht von G\u00fcnter Grass","untertitel":null},{"sig_full":"01.01.00.00.-1790","sig_level1":"1","sig_level2":"1","sig_level3":"0","sig_level4":"0","sig_id":"1790","titel":"Das Verh\u00e4ltnis Deutschlands zu den USA","untertitel":"Aus dem  5. Wewelsflether Gespr\u00e4ch anl\u00e4sslich des Besuchs von US-Pr\u00e4sident Ronald Reagan"},{"sig_full":"01.01.00.00.-0759","sig_level1":"1","sig_level2":"1","sig_level3":"0","sig_level4":"0","sig_id":"759","titel":"R\u00fccksichten: Die Leute von der Kommune 1 - Ein Foto und seine Geschichte","untertitel":"Die Studentenbewegung und das Nacktfoto"},{"sig_full":"01.01.00.00.-2257","sig_level1":"1","sig_level2":"1","sig_level3":"0","sig_level4":"0","sig_id":"2257","titel":"Die B\u00fchnenverlegerin Maria Sommer blickt zur\u00fcck (d\u00e4n.)","untertitel":"Per \u00d8hrgaard befragt Maria Sommer zu ihren Erinnerungen"},{"sig_full":"01.01.00.00.-1832","sig_level1":"1","sig_level2":"1","sig_level3":"0","sig_level4":"0","sig_id":"1832","titel":"Nach der Gedichtver\u00f6ffentlichung hagelt es Kritik","untertitel":null},{"sig_full":"01.01.00.00.-1739","sig_level1":"1","sig_level2":"1","sig_level3":"0","sig_level4":"0","sig_id":"1739","titel":"Sechzig Jahre Goethe-Institut","untertitel":"R\u00fcckblick"},{"sig_full":"01.01.00.00.-0783","sig_level1":"1","sig_level2":"1","sig_level3":"0","sig_level4":"0","sig_id":"783","titel":"Gespr\u00e4chszeit  mit Helmut Frielinghaus","untertitel":"\u00dcber Lektorats- und Verlagst\u00e4tigkeit"},{"sig_full":"01.01.00.00.-1195","sig_level1":"1","sig_level2":"1","sig_level3":"0","sig_level4":"0","sig_id":"1195","titel":"Der optimistische Sisyphos","untertitel":"Die ARD Radionacht zum 80. Geburtstag von G\u00fcnter Grass"},{"sig_full":"01.01.00.00.-1505","sig_level1":"1","sig_level2":"1","sig_level3":"0","sig_level4":"0","sig_id":"1505","titel":"Portrait des chilenischen Schriftstellers Fernando Alegria (span.)","untertitel":"Vom Kongre\u00df des internationalen Instituts f\u00fcr Iberoamerikansche Literatur 1986"},{"sig_full":"01.01.00.00.-0904","sig_level1":"1","sig_level2":"1","sig_level3":"0","sig_level4":"0","sig_id":"904","titel":"G\u00fcnter Grass bei den Uwe Johnson Tagen","untertitel":null},{"sig_full":"01.01.00.00.-1475","sig_level1":"1","sig_level2":"1","sig_level3":"0","sig_level4":"0","sig_id":"1475","titel":"Helen and Kurt Wolff \u00dcbersetzer Symposium in Chicago","untertitel":"Landmarks"},{"sig_full":"01.01.00.00.-1838","sig_level1":"1","sig_level2":"1","sig_level3":"0","sig_level4":"0","sig_id":"1838","titel":"Das israelkritische Gedicht als irritierend und geschmacklos bewertet","untertitel":null},{"sig_full":"01.01.00.00.-2340","sig_level1":"1","sig_level2":"1","sig_level3":"0","sig_level4":"0","sig_id":"2340","titel":"Stuss von G\u00fcnter Grass","untertitel":"Satirische Lyrik zum  Israel-Gedicht von Knud Cordsen"},{"sig_full":"01.01.00.00.-0143","sig_level1":"1","sig_level2":"1","sig_level3":"0","sig_level4":"0","sig_id":"143","titel":"Interview mit G\u00fcnter Grass w\u00e4hrend der Buchmesse in Frankfurt\/Main (engl.)","untertitel":null},{"sig_full":"01.01.00.00.-0937","sig_level1":"1","sig_level2":"1","sig_level3":"0","sig_level4":"0","sig_id":"937","titel":"Zum Tod von Czeslaw Milosz","untertitel":"Eine pers\u00f6nliche Erinnerung"},{"sig_full":"01.01.00.00.-1976","sig_level1":"1","sig_level2":"1","sig_level3":"0","sig_level4":"0","sig_id":"1976","titel":"Vom Zeichnen und den Tieren","untertitel":null},{"sig_full":"01.01.00.00.-1268","sig_level1":"1","sig_level2":"1","sig_level3":"0","sig_level4":"0","sig_id":"1268","titel":"Interview mit Grass Buchmesse in Frankfurt\/Main (engl.)","untertitel":null},{"sig_full":"01.01.00.00.-0962","sig_level1":"1","sig_level2":"1","sig_level3":"0","sig_level4":"0","sig_id":"962","titel":"Der Knoten im Revolverlauf","untertitel":"Laudatio auf die Enth\u00fcllung der Skulptur \"Non Violence\" von Carl Frederik Reutersw\u00e4rd"},{"sig_full":"01.01.00.00.-0948","sig_level1":"1","sig_level2":"1","sig_level3":"0","sig_level4":"0","sig_id":"948","titel":"Meissner Tedeum","untertitel":"Nach dem \"Tedeum laudamus\" deutsch von Martin Luther und einem antiphonischen Text von G\u00fcnter Grass"},{"sig_full":"01.01.00.00.-1841","sig_level1":"1","sig_level2":"1","sig_level3":"0","sig_level4":"0","sig_id":"1841","titel":"Kommentar als Polemik zum israelkritischen Gedicht","untertitel":null},{"sig_full":"01.01.00.00.-0002","sig_level1":"1","sig_level2":"1","sig_level3":"0","sig_level4":"0","sig_id":"2","titel":"Erste Reise in die USA - Interview mit G\u00fcnter Grass bei seiner Abfahrt mit dem Schiff \"Bremen\"","untertitel":null},{"sig_full":"01.01.00.00.-0151","sig_level1":"1","sig_level2":"1","sig_level3":"0","sig_level4":"0","sig_id":"151","titel":"Berlin, ach Berlin","untertitel":"Lesung des Kapitels \"In Kreuzberg fehlt ein Minarett\""},{"sig_full":"01.01.00.00.-0194","sig_level1":"1","sig_level2":"1","sig_level3":"0","sig_level4":"0","sig_id":"194","titel":"Grass contra Kaniuk","untertitel":"Deutsch-israelischer Gedankenaustausch nach dem Ende des Golfkrieges"},{"sig_full":"01.01.00.00.-2153","sig_level1":"1","sig_level2":"1","sig_level3":"0","sig_level4":"0","sig_id":"2153","titel":"Gedenkfeier anstelle einer Trauerfeier f\u00fcr G\u00fcnter Grass (Radiofassung)","untertitel":"Abschied in L\u00fcbeck"},{"sig_full":"01.01.00.00.-2434","sig_level1":"1","sig_level2":"1","sig_level3":"0","sig_level4":"0","sig_id":"2434","titel":"Walter H\u00f6llerer und die Beat Generation","untertitel":"Ausstellung im Literaturarchiv Sulzbach Rosenberg zu deutsch-amerikanische Literaturbeziehungen"}],"error":null}