{"data":[{"word":"Kahlschlag in unseren K\u00f6pfen","dsets":[{"sig_full":"03.02.03.00.-0005","titel":"Kulturjournal Frankfurt","untertitel":"Grass \u00fcber die Wiedervereinigung"},{"sig_full":"02.02.03.00.-0005","titel":"Kulturjournal Frankfurt","untertitel":"Grass \u00fcber die Wiedervereinigung"}]},{"word":"Gedichte und Kurzprosa","dsets":[{"sig_full":"01.01.00.00.-0940","titel":"Lyriker-Treffen in L\u00fcbeck","untertitel":null},{"sig_full":"01.01.00.00.-0941","titel":"L\u00fcbecker Lyrikgipfel","untertitel":"Drei Kurzfeatures zur Lesung von G\u00fcnter Grass, Peter R\u00fchmkorf und Hans Magnus Enzensberger"},{"sig_full":"01.01.00.00.-1171","titel":"Mein Schutzengel","untertitel":null},{"sig_full":"01.01.00.00.-0951","titel":"Dichtergipfel in L\u00fcbeck","untertitel":"G\u00fcnter Grass trifft R\u00fchmkorf und Enzensberger"},{"sig_full":"01.01.00.00.-1378","titel":"Geschichten aus der Geschichte der Bundesrepublik","untertitel":"Einer unserer Mitb\u00fcrger: Prinz Karneval"}]},{"word":"Letzte T\u00e4nze","dsets":[{"sig_full":"01.01.00.00.-0940","titel":"Lyriker-Treffen in L\u00fcbeck","untertitel":null},{"sig_full":"01.01.00.00.-1382","titel":"Letzte T\u00e4nze und die Frankfurter Buchmesse 2003","untertitel":"Stimmen von der Buchmesse"},{"sig_full":"01.01.00.00.-0941","titel":"L\u00fcbecker Lyrikgipfel","untertitel":"Drei Kurzfeatures zur Lesung von G\u00fcnter Grass, Peter R\u00fchmkorf und Hans Magnus Enzensberger"},{"sig_full":"01.01.00.00.-1421","titel":"lnterview im Fu\u00dfballstadion am Millerntor","untertitel":"Lesung am Millerntor beim F.C. St. Pauli Hamburg"},{"sig_full":"01.01.00.00.-1452","titel":"K\u00fcnstlerische Doppelbegabung: Zeichnen und Schreiben bei G\u00fcnter Grass","untertitel":"Vortrag von Volker Neuhaus"},{"sig_full":"01.01.00.00.-0846","titel":"G\u00fcnter Grass l\u00e4dt ein zum Tanz","untertitel":"Druckfrisch"},{"sig_full":"01.01.00.00.-0685","titel":"1972 - R\u00fcckblick auf das Jahr","untertitel":null},{"sig_full":"01.01.00.00.-1046","titel":"B\u00fccher, B\u00fccher: Gespr\u00e4ch mit G\u00fcnter Grass zu den \"letzten T\u00e4nzen\"","untertitel":null},{"sig_full":"01.01.00.00.-0782","titel":"55. Buchmesse Frankfurt 2003","untertitel":"Letzte T\u00e4nze - Lesung mit G\u00fcnter Grass"},{"sig_full":"01.01.00.00.-1422","titel":"Eine neue Stadionerfahrung","untertitel":"Nachbericht  der  Lesung am Millerntor beim F.C. St. Pauli Hamburg"},{"sig_full":"01.01.00.00.-0953","titel":"Grass liest in der Herzog-August-Bibliothek","untertitel":"Das Treffen in Telgte"},{"sig_full":"01.01.00.00.-0785","titel":"G\u00fcnter Grass und sein verstorbener Freund Walter H\u00f6llerer","untertitel":"Die Dokumentation"},{"sig_full":"01.01.00.00.-0603","titel":"G\u00fcnter Grass zum 75. Geburtstag - Freunde lesen Grass","untertitel":"G\u00fcnter Grass in der freien Akademie der K\u00fcnste in Hamburg"},{"sig_full":"01.01.00.00.-0789","titel":"Lesung Grass Sulzbach-Rosenberg","untertitel":null},{"sig_full":"01.01.00.00.-0778","titel":"Fu\u00dfball oder Literatur?","untertitel":"Lesung am Millerntor beim F.C. St. Pauli Hamburg"},{"sig_full":"01.01.00.00.-1851","titel":"Res\u00fcmee zur Medienresonanz des israelkritischen Gedichts","untertitel":null},{"sig_full":"01.01.00.00.-0360","titel":"Gebrannte Erde","untertitel":"Rohmaterial der Lesung f\u00fcr \"Extratext\""},{"sig_full":"01.01.00.00.-0951","titel":"Dichtergipfel in L\u00fcbeck","untertitel":"G\u00fcnter Grass trifft R\u00fchmkorf und Enzensberger"},{"sig_full":"01.01.00.00.-1620","titel":"Schleier der Religionen (arab.)","untertitel":"Zweisprachige Lesung"},{"sig_full":"01.01.00.00.-0397","titel":"G\u00fcnter Grass als Linksau\u00dfen","untertitel":"Vorbericht  Lesung am Millerntor beim F.C. St. Pauli Hamburg"}]},{"word":"Die Vorz\u00fcge der Windh\u00fchner","dsets":[{"sig_full":"01.01.00.00.-0940","titel":"Lyriker-Treffen in L\u00fcbeck","untertitel":null},{"sig_full":"01.01.00.00.-1032","titel":"G\u00fcnter Grass - Portr\u00e4t","untertitel":null},{"sig_full":"01.01.00.00.-0941","titel":"L\u00fcbecker Lyrikgipfel","untertitel":"Drei Kurzfeatures zur Lesung von G\u00fcnter Grass, Peter R\u00fchmkorf und Hans Magnus Enzensberger"},{"sig_full":"01.01.00.00.-0033","titel":"Was ist Lyrik? Was ist Prosa?","untertitel":"G\u00fcnter Grass diskutiert mit Berliner Sch\u00fclern \u00fcber moderne Lyrik"},{"sig_full":"01.01.00.00.-1452","titel":"K\u00fcnstlerische Doppelbegabung: Zeichnen und Schreiben bei G\u00fcnter Grass","untertitel":"Vortrag von Volker Neuhaus"},{"sig_full":"01.01.00.00.-0458","titel":"Zur Person: G\u00fcnter Grass","untertitel":null},{"sig_full":"01.01.00.00.-0083","titel":"Von Beruf Handwerker","untertitel":"Ein Werkstattbericht"},{"sig_full":"01.01.00.00.-0465","titel":"Interpretation und Gedichte von G\u00fcnter Grass","untertitel":null},{"sig_full":"01.01.00.00.-0432","titel":"Bei dieser Gelegenheit","untertitel":"Gedichte aus vierzig Jahren"},{"sig_full":"01.01.00.00.-1976","titel":"Vom Zeichnen und den Tieren","untertitel":null},{"sig_full":"01.01.00.00.-0979","titel":"\u00dcber das Schreiben und Zeichnen","untertitel":null},{"sig_full":"01.01.00.00.-1131","titel":"Vom B\u00fcrgerschreck zum Gewissen der Nation","untertitel":"G\u00fcnter Grass zum 60. Geburtstag"},{"sig_full":"01.01.00.00.-0097","titel":"50 Jahre Gruppe 47 (1)","untertitel":"Diskussion mit Peter Bichsel, G\u00fcnter Grass und Walter H\u00f6llerer"},{"sig_full":"01.01.00.00.-0514","titel":"Literarischer Sommer im Funkhaus Hannover","untertitel":null},{"sig_full":"01.01.00.00.-0107","titel":"40. Geburtstag von G\u00fcnter Grass","untertitel":null},{"sig_full":"01.01.00.00.-1150","titel":"Die Kehrseite der Medaille","untertitel":"Der Lyriker G\u00fcnter Grass"},{"sig_full":"01.01.00.00.-0464","titel":"Feder & Fl\u00f6te - Dreizehn Gedichte wie Stegreifkompositionen","untertitel":"Geburtstagsst\u00e4ndchen - Willy Brandt"},{"sig_full":"01.01.00.00.-1798","titel":"Gespr\u00e4ch anl\u00e4\u00dflich des Erscheinens der Werkausgabe bei Luchterhand","untertitel":null},{"sig_full":"01.01.00.00.-0603","titel":"G\u00fcnter Grass zum 75. Geburtstag - Freunde lesen Grass","untertitel":"G\u00fcnter Grass in der freien Akademie der K\u00fcnste in Hamburg"},{"sig_full":"01.01.00.00.-0598","titel":"Erster landesweiter Stiftungstag Schleswig-Holstein 2003 in L\u00fcbeck","untertitel":"Gespr\u00e4ch, Lesung aus \"Hundejahre\" und Absage"},{"sig_full":"01.01.00.00.-0119","titel":"Gespr\u00e4ch mit G\u00fcnter Grass","untertitel":null},{"sig_full":"01.01.00.00.-0993","titel":"Steinmetz und anderes","untertitel":"Der K\u00fcnstler G\u00fcnter Grass"},{"sig_full":"01.01.00.00.-0606","titel":"Lyrische Beute - Gedichte aus f\u00fcnfzig Jahren","untertitel":"Rohmaterial zur sp\u00e4teren Ver\u00f6ffentlichung \"Lyrische Beute\" auf 3 CDs"},{"sig_full":"01.01.00.00.-1775","titel":"Vom Dichter zum Politiker?","untertitel":"Kurz nach dem Eintritt in die SPD spricht G\u00fcnter Grass \u00fcber politische Ambitionen und Literatur"},{"sig_full":"01.01.00.00.-0550","titel":"G\u00fcnter Grass - Vom Zeichnen und Schreiben","untertitel":"Er\u00f6ffung der Ausstellung in der Bremischen B\u00fcrgerschaft"},{"sig_full":"01.01.00.00.-1748","titel":"Mitschnitt der Lesung \"Schriftsteller lesen in Berlin\" 1964","untertitel":"Mit einem Referat von Klaus Wagenbach, einer Lesung aus \"Hundejahre\" und Ausschnitten aus der abschlie\u00dfenden Diskussion"},{"sig_full":"01.01.00.00.-0951","titel":"Dichtergipfel in L\u00fcbeck","untertitel":"G\u00fcnter Grass trifft R\u00fchmkorf und Enzensberger"},{"sig_full":"01.01.00.00.-0371","titel":"Dieselbe Tinte - G\u00fcnter Grass und Hans Mayer im Gespr\u00e4ch \u00fcber das Wort und das Bild","untertitel":null},{"sig_full":"01.01.00.00.-0186","titel":"Die Vorz\u00fcge der Windh\u00fchner","untertitel":"G\u00fcnter Grass liest 2 Gedichte (Die Vorz\u00fcge der Windh\u00fchner (01'20''); Bohnen und Birnen (01'00''))"},{"sig_full":"01.01.00.00.-0510","titel":"Gespr\u00e4ch mit Heinz Ludwig Arnold (Rohfassung)","untertitel":null},{"sig_full":"01.01.00.00.-0008","titel":"Bestandsaufnahme: Anderthalb Jahre vor Erscheinen von \"Hundejahre\"","untertitel":"Horst Bienek im Gespr\u00e4ch mit G\u00fcnter Grass"},{"sig_full":"01.01.00.00.-1113","titel":"N\u00e4chtliches Stadion","untertitel":null},{"sig_full":"01.01.00.00.-1754","titel":"G\u00fcnter Grass liest und diskutiert mit Sch\u00fclern des West-Berliner Humboldt-Gymnasiums","untertitel":"Lesung und Diskussion \u00fcber Fragen der Lyrik"},{"sig_full":"01.01.00.00.-0572","titel":"N\u00e4chtliches Stadion","untertitel":"Gedichtlesung"},{"sig_full":"01.01.00.00.-1564","titel":"Nobelpreis f\u00fcr Literatur an den deutschen Schriftsteller (arabisch)","untertitel":null},{"sig_full":"01.01.00.00.-0262","titel":"Ge\u00f6ffneter Schrank - G\u00fcnter Grass liest ein Gedicht aus dem Band \"Die Vorz\u00fcge der Windh\u00fchner\" und Interpretation des Gedichts von Klaus Wagenbach","untertitel":null},{"sig_full":"01.01.00.00.-0614","titel":"L\u00fcbecker Werkstattbericht","untertitel":"Sechs Vorlesungen an der Medizinischen Universit\u00e4t L\u00fcbeck"},{"sig_full":"01.01.00.00.-1259","titel":"Zur Person: G\u00fcnter Grass im Gespr\u00e4ch mit G\u00fcnter Gaus","untertitel":null},{"sig_full":"01.01.00.00.-1817","titel":"Heinz Ludwig Arnold interviewt Schriftsteller in den Jahren von 1970-1974","untertitel":null},{"sig_full":"01.01.00.00.-0222","titel":"Die Ambivalenz der Wahrheit zeigen","untertitel":"Aussage zur Person: G\u00fcnter Grass"},{"sig_full":"01.01.00.00.-0576","titel":"Grass \u00fcber Fu\u00dfball (Rohmaterial)","untertitel":null},{"sig_full":"01.01.00.00.-0515","titel":"Interview mit Stefan Lohr","untertitel":"Grass als bildender K\u00fcnstler (Rohfassung)"},{"sig_full":"01.01.00.00.-0328","titel":"Das Vivarium des G.G. - Eine Diskussion zum 60. Geburtstag von G\u00fcnter Grass","untertitel":"(kein O-Ton Grass)"},{"sig_full":"01.01.00.00.-0955","titel":"Grass in S\u00fcdkorea bei der Fu\u00dfball-WM 2002","untertitel":null}]},{"word":"Gleisdreieck","dsets":[{"sig_full":"01.01.00.00.-0940","titel":"Lyriker-Treffen in L\u00fcbeck","untertitel":null},{"sig_full":"01.01.00.00.-1106","titel":"Falada","untertitel":"Lesung des Gedichts \"Falada\" aus \"Gleisdreieck\""},{"sig_full":"01.01.00.00.-0620","titel":"Aus Kunst und Wissenschaft","untertitel":null},{"sig_full":"01.01.00.00.-1141","titel":"Hund und Katz' und Maus, Schnecke, Butt und Ratte","untertitel":"Kritik der Grass-Kritik"},{"sig_full":"01.01.00.00.-1125","titel":"Zwischen Marathon und Athen","untertitel":null},{"sig_full":"01.01.00.00.-1120","titel":"Brandmauern","untertitel":null},{"sig_full":"01.01.00.00.-0083","titel":"Von Beruf Handwerker","untertitel":"Ein Werkstattbericht"},{"sig_full":"01.01.00.00.-0432","titel":"Bei dieser Gelegenheit","untertitel":"Gedichte aus vierzig Jahren"},{"sig_full":"01.01.00.00.-0107","titel":"40. Geburtstag von G\u00fcnter Grass","untertitel":null},{"sig_full":"01.01.00.00.-1150","titel":"Die Kehrseite der Medaille","untertitel":"Der Lyriker G\u00fcnter Grass"},{"sig_full":"01.01.00.00.-0464","titel":"Feder & Fl\u00f6te - Dreizehn Gedichte wie Stegreifkompositionen","untertitel":"Geburtstagsst\u00e4ndchen - Willy Brandt"},{"sig_full":"01.01.00.00.-0603","titel":"G\u00fcnter Grass zum 75. Geburtstag - Freunde lesen Grass","untertitel":"G\u00fcnter Grass in der freien Akademie der K\u00fcnste in Hamburg"},{"sig_full":"01.01.00.00.-1097","titel":"Jazz und Lyrik","untertitel":null},{"sig_full":"01.01.00.00.-1118","titel":"Diana oder die Gegenst\u00e4nde","untertitel":null},{"sig_full":"01.01.00.00.-0606","titel":"Lyrische Beute - Gedichte aus f\u00fcnfzig Jahren","untertitel":"Rohmaterial zur sp\u00e4teren Ver\u00f6ffentlichung \"Lyrische Beute\" auf 3 CDs"},{"sig_full":"01.01.00.00.-1109","titel":"Annabel Lee: Hommage an E. A. Poe","untertitel":null},{"sig_full":"01.01.00.00.-1748","titel":"Mitschnitt der Lesung \"Schriftsteller lesen in Berlin\" 1964","untertitel":"Mit einem Referat von Klaus Wagenbach, einer Lesung aus \"Hundejahre\" und Ausschnitten aus der abschlie\u00dfenden Diskussion"},{"sig_full":"01.01.00.00.-0951","titel":"Dichtergipfel in L\u00fcbeck","untertitel":"G\u00fcnter Grass trifft R\u00fchmkorf und Enzensberger"},{"sig_full":"01.01.00.00.-1754","titel":"G\u00fcnter Grass liest und diskutiert mit Sch\u00fclern des West-Berliner Humboldt-Gymnasiums","untertitel":"Lesung und Diskussion \u00fcber Fragen der Lyrik"},{"sig_full":"01.01.00.00.-1564","titel":"Nobelpreis f\u00fcr Literatur an den deutschen Schriftsteller (arabisch)","untertitel":null},{"sig_full":"01.01.00.00.-0262","titel":"Ge\u00f6ffneter Schrank - G\u00fcnter Grass liest ein Gedicht aus dem Band \"Die Vorz\u00fcge der Windh\u00fchner\" und Interpretation des Gedichts von Klaus Wagenbach","untertitel":null},{"sig_full":"01.01.00.00.-0614","titel":"L\u00fcbecker Werkstattbericht","untertitel":"Sechs Vorlesungen an der Medizinischen Universit\u00e4t L\u00fcbeck"},{"sig_full":"01.01.00.00.-0222","titel":"Die Ambivalenz der Wahrheit zeigen","untertitel":"Aussage zur Person: G\u00fcnter Grass"},{"sig_full":"01.01.00.00.-0001","titel":"Gleisdreieck","untertitel":"G\u00fcnter Grass liest siebzehn eigene Gedichte"},{"sig_full":"01.01.00.00.-0639","titel":"Kinderlied","untertitel":null}]},{"word":"Polnische Fahne","dsets":[{"sig_full":"01.01.00.00.-0940","titel":"Lyriker-Treffen in L\u00fcbeck","untertitel":null},{"sig_full":"01.01.00.00.-0097","titel":"50 Jahre Gruppe 47 (1)","untertitel":"Diskussion mit Peter Bichsel, G\u00fcnter Grass und Walter H\u00f6llerer"},{"sig_full":"01.01.00.00.-0119","titel":"Gespr\u00e4ch mit G\u00fcnter Grass","untertitel":null},{"sig_full":"01.01.00.00.-0606","titel":"Lyrische Beute - Gedichte aus f\u00fcnfzig Jahren","untertitel":"Rohmaterial zur sp\u00e4teren Ver\u00f6ffentlichung \"Lyrische Beute\" auf 3 CDs"},{"sig_full":"01.01.00.00.-0951","titel":"Dichtergipfel in L\u00fcbeck","untertitel":"G\u00fcnter Grass trifft R\u00fchmkorf und Enzensberger"},{"sig_full":"01.01.00.00.-0614","titel":"L\u00fcbecker Werkstattbericht","untertitel":"Sechs Vorlesungen an der Medizinischen Universit\u00e4t L\u00fcbeck"}]},{"word":"Tierschutz","dsets":[{"sig_full":"01.01.00.00.-0940","titel":"Lyriker-Treffen in L\u00fcbeck","untertitel":null},{"sig_full":"01.01.00.00.-0941","titel":"L\u00fcbecker Lyrikgipfel","untertitel":"Drei Kurzfeatures zur Lesung von G\u00fcnter Grass, Peter R\u00fchmkorf und Hans Magnus Enzensberger"},{"sig_full":"01.01.00.00.-0606","titel":"Lyrische Beute - Gedichte aus f\u00fcnfzig Jahren","untertitel":"Rohmaterial zur sp\u00e4teren Ver\u00f6ffentlichung \"Lyrische Beute\" auf 3 CDs"},{"sig_full":"01.01.00.00.-0951","titel":"Dichtergipfel in L\u00fcbeck","untertitel":"G\u00fcnter Grass trifft R\u00fchmkorf und Enzensberger"},{"sig_full":"01.01.00.00.-0614","titel":"L\u00fcbecker Werkstattbericht","untertitel":"Sechs Vorlesungen an der Medizinischen Universit\u00e4t L\u00fcbeck"}]},{"word":"N\u00e4chtliches Stadion","dsets":[{"sig_full":"01.01.00.00.-0940","titel":"Lyriker-Treffen in L\u00fcbeck","untertitel":null},{"sig_full":"01.01.00.00.-1922","titel":"Er\u00f6ffnung der Fu\u00dfball-Weltmeisterschaft in S\u00fcd-Korea mit Gedicht von G\u00fcnter Grass","untertitel":"Ausschnitt aus der Er\u00f6ffnung (live)"},{"sig_full":"01.01.00.00.-1421","titel":"lnterview im Fu\u00dfballstadion am Millerntor","untertitel":"Lesung am Millerntor beim F.C. St. Pauli Hamburg"},{"sig_full":"01.01.00.00.-1422","titel":"Eine neue Stadionerfahrung","untertitel":"Nachbericht  der  Lesung am Millerntor beim F.C. St. Pauli Hamburg"},{"sig_full":"01.01.00.00.-0464","titel":"Feder & Fl\u00f6te - Dreizehn Gedichte wie Stegreifkompositionen","untertitel":"Geburtstagsst\u00e4ndchen - Willy Brandt"},{"sig_full":"01.01.00.00.-0778","titel":"Fu\u00dfball oder Literatur?","untertitel":"Lesung am Millerntor beim F.C. St. Pauli Hamburg"},{"sig_full":"01.01.00.00.-0606","titel":"Lyrische Beute - Gedichte aus f\u00fcnfzig Jahren","untertitel":"Rohmaterial zur sp\u00e4teren Ver\u00f6ffentlichung \"Lyrische Beute\" auf 3 CDs"},{"sig_full":"01.01.00.00.-0951","titel":"Dichtergipfel in L\u00fcbeck","untertitel":"G\u00fcnter Grass trifft R\u00fchmkorf und Enzensberger"},{"sig_full":"01.01.00.00.-0572","titel":"N\u00e4chtliches Stadion","untertitel":"Gedichtlesung"},{"sig_full":"01.01.00.00.-0614","titel":"L\u00fcbecker Werkstattbericht","untertitel":"Sechs Vorlesungen an der Medizinischen Universit\u00e4t L\u00fcbeck"},{"sig_full":"01.01.00.00.-0576","titel":"Grass \u00fcber Fu\u00dfball (Rohmaterial)","untertitel":null},{"sig_full":"01.01.00.00.-0397","titel":"G\u00fcnter Grass als Linksau\u00dfen","untertitel":"Vorbericht  Lesung am Millerntor beim F.C. St. Pauli Hamburg"},{"sig_full":"01.01.00.00.-0955","titel":"Grass in S\u00fcdkorea bei der Fu\u00dfball-WM 2002","untertitel":null}]},{"word":"Die Seeschlacht","dsets":[{"sig_full":"01.01.00.00.-0940","titel":"Lyriker-Treffen in L\u00fcbeck","untertitel":null},{"sig_full":"01.01.00.00.-0399","titel":"G\u00fcnter Grass liest eigene Gedichte","untertitel":"Gedichte (Lesung)"},{"sig_full":"01.01.00.00.-0606","titel":"Lyrische Beute - Gedichte aus f\u00fcnfzig Jahren","untertitel":"Rohmaterial zur sp\u00e4teren Ver\u00f6ffentlichung \"Lyrische Beute\" auf 3 CDs"},{"sig_full":"01.01.00.00.-0951","titel":"Dichtergipfel in L\u00fcbeck","untertitel":"G\u00fcnter Grass trifft R\u00fchmkorf und Enzensberger"}]},{"word":"Kinderlied","dsets":[{"sig_full":"01.01.00.00.-0940","titel":"Lyriker-Treffen in L\u00fcbeck","untertitel":null},{"sig_full":"01.01.00.00.-0620","titel":"Aus Kunst und Wissenschaft","untertitel":null},{"sig_full":"01.01.00.00.-0399","titel":"G\u00fcnter Grass liest eigene Gedichte","untertitel":"Gedichte (Lesung)"},{"sig_full":"01.01.00.00.-0432","titel":"Bei dieser Gelegenheit","untertitel":"Gedichte aus vierzig Jahren"},{"sig_full":"01.01.00.00.-0464","titel":"Feder & Fl\u00f6te - Dreizehn Gedichte wie Stegreifkompositionen","untertitel":"Geburtstagsst\u00e4ndchen - Willy Brandt"},{"sig_full":"01.01.00.00.-0606","titel":"Lyrische Beute - Gedichte aus f\u00fcnfzig Jahren","untertitel":"Rohmaterial zur sp\u00e4teren Ver\u00f6ffentlichung \"Lyrische Beute\" auf 3 CDs"},{"sig_full":"01.01.00.00.-0951","titel":"Dichtergipfel in L\u00fcbeck","untertitel":"G\u00fcnter Grass trifft R\u00fchmkorf und Enzensberger"},{"sig_full":"01.01.00.00.-0187","titel":"Gleisdreieck","untertitel":"G\u00fcnter Grass liest 7 Gedichte"},{"sig_full":"01.01.00.00.-0614","titel":"L\u00fcbecker Werkstattbericht","untertitel":"Sechs Vorlesungen an der Medizinischen Universit\u00e4t L\u00fcbeck"},{"sig_full":"01.01.00.00.-1608","titel":"Pointierter Biss bei  \"Fundsachen f\u00fcr Grass-Leser\"","untertitel":"Ausstellung Im Literaturarchiv der Berliner Akademie der K\u00fcnste 2002"},{"sig_full":"01.01.00.00.-0001","titel":"Gleisdreieck","untertitel":"G\u00fcnter Grass liest siebzehn eigene Gedichte"}]},{"word":"Im Ei","dsets":[{"sig_full":"01.01.00.00.-0940","titel":"Lyriker-Treffen in L\u00fcbeck","untertitel":null},{"sig_full":"01.01.00.00.-0432","titel":"Bei dieser Gelegenheit","untertitel":"Gedichte aus vierzig Jahren"},{"sig_full":"01.01.00.00.-0603","titel":"G\u00fcnter Grass zum 75. Geburtstag - Freunde lesen Grass","untertitel":"G\u00fcnter Grass in der freien Akademie der K\u00fcnste in Hamburg"},{"sig_full":"01.01.00.00.-1758","titel":"\u00dcber die Versuchszeitschrift \"Das Ei\"","untertitel":null},{"sig_full":"01.01.00.00.-0606","titel":"Lyrische Beute - Gedichte aus f\u00fcnfzig Jahren","untertitel":"Rohmaterial zur sp\u00e4teren Ver\u00f6ffentlichung \"Lyrische Beute\" auf 3 CDs"},{"sig_full":"01.01.00.00.-0951","titel":"Dichtergipfel in L\u00fcbeck","untertitel":"G\u00fcnter Grass trifft R\u00fchmkorf und Enzensberger"},{"sig_full":"01.01.00.00.-0614","titel":"L\u00fcbecker Werkstattbericht","untertitel":"Sechs Vorlesungen an der Medizinischen Universit\u00e4t L\u00fcbeck"}]},{"word":"Askese","dsets":[{"sig_full":"01.01.00.00.-0940","titel":"Lyriker-Treffen in L\u00fcbeck","untertitel":null},{"sig_full":"01.01.00.00.-0464","titel":"Feder & Fl\u00f6te - Dreizehn Gedichte wie Stegreifkompositionen","untertitel":"Geburtstagsst\u00e4ndchen - Willy Brandt"},{"sig_full":"01.01.00.00.-0606","titel":"Lyrische Beute - Gedichte aus f\u00fcnfzig Jahren","untertitel":"Rohmaterial zur sp\u00e4teren Ver\u00f6ffentlichung \"Lyrische Beute\" auf 3 CDs"},{"sig_full":"01.01.00.00.-0951","titel":"Dichtergipfel in L\u00fcbeck","untertitel":"G\u00fcnter Grass trifft R\u00fchmkorf und Enzensberger"},{"sig_full":"01.01.00.00.-0001","titel":"Gleisdreieck","untertitel":"G\u00fcnter Grass liest siebzehn eigene Gedichte"}]},{"word":"Die Blechtrommel","dsets":[{"sig_full":"01.01.00.00.-0940","titel":"Lyriker-Treffen in L\u00fcbeck","untertitel":null},{"sig_full":"01.01.00.00.-0537","titel":"Fortsetzung folgt ...","untertitel":"Rede zur Verleihung des Literaturnobelpreises"},{"sig_full":"01.01.00.00.-1506","titel":"Ein Deutscher auf Widerruf","untertitel":"Gespr\u00e4ch mit Hans Mayer anl\u00e4\u00dflich seines 80. Geburtstags"},{"sig_full":"01.01.00.00.-1032","titel":"G\u00fcnter Grass - Portr\u00e4t","untertitel":null},{"sig_full":"01.01.00.00.-0329","titel":"\"Die Blechtrommel\" von G\u00fcnter Grass - Gespr\u00e4ch mit Hans Werner-Richter","untertitel":"R\u00fcckblick und historische erste Aufnahme von einer Lesung aus der \"Blechtrommel\""},{"sig_full":"01.01.00.00.-1622","titel":"\u00dcber die Hundejahre (arab.)","untertitel":null},{"sig_full":"01.01.00.00.-1383","titel":"Reaktionen zur Urauff\u00fchrung des Films \"Die Blechtrommel\" 1979","untertitel":"R\u00fcckblende"},{"sig_full":"01.01.00.00.-1354","titel":"Dichter, B\u00fcrger, Moralist","untertitel":"G\u00fcnter Grass im Gespr\u00e4ch mit Fritz Pleitgen anl\u00e4\u00dflich seines 75. Geburtstags"},{"sig_full":"01.01.00.00.-0788","titel":"Lesung \"Zu Ehren Walter H\u00f6llerers\" von G\u00fcnter Grass in der ausverkauften Maxh\u00fctte","untertitel":"Grass gastiert in Sulzbach-Rosenberg"},{"sig_full":"01.01.00.00.-1350","titel":"Kultureller Jahresr\u00fcckblick 1999","untertitel":"Erinnern und Vergessen"},{"sig_full":"01.01.00.00.-0423","titel":"G\u00fcnter Grass im Gespr\u00e4ch zum 70. Geburtstag","untertitel":null},{"sig_full":"01.01.00.00.-1274","titel":"G\u00fcnter Grass - Die Blechtrommelstory","untertitel":"Enstehung und Hintergrund  von \"Die Blechtrommel\""},{"sig_full":"01.01.00.00.-1352","titel":"Wie ich anfing: R\u00fcckblick auf die Blechtrommel","untertitel":"Der Autor als fragw\u00fcrdiger Zeuge"},{"sig_full":"01.01.00.00.-0250","titel":"R\u00fcckblick auf die Blechtrommel - oder Der Autor als fragw\u00fcrdiger Zeuge","untertitel":"Ein Versuch in eigener Sache"},{"sig_full":"01.01.00.00.-0430","titel":"Portr\u00e4t-Film 1988","untertitel":"Ton-Rohmaterial"},{"sig_full":"01.01.00.00.-0424","titel":"Fernwirkender Gesang vom Stockturm aus gesungen","untertitel":"Autorenlesung aus \"Die Blechtrommel\""},{"sig_full":"01.01.00.00.-0172","titel":"Der Schriftsteller: G\u00fcnter Grass - Gespr\u00e4ch auf der Frankfurter Buchmesse (mit Musikzuspielen)","untertitel":null},{"sig_full":"01.01.00.00.-1141","titel":"Hund und Katz' und Maus, Schnecke, Butt und Ratte","untertitel":"Kritik der Grass-Kritik"},{"sig_full":"01.01.00.00.-1078","titel":"Alles f\u00fcr Grass (Poln.)","untertitel":null},{"sig_full":"01.01.00.00.-0155","titel":"G\u00fcnter Grass und sein Roman \"Die Blechtrommel\" (arab.)","untertitel":"Portr\u00e4t des Schriftstellers und Charakteristik seines vor 25 Jahren erschienenen Romans"},{"sig_full":"01.01.00.00.-0087","titel":"Lerke von Saalfeld im Gespr\u00e4ch mit G\u00fcnter Grass","untertitel":null},{"sig_full":"01.01.00.00.-0088","titel":"G\u00fcnter Grass im Gespr\u00e4ch","untertitel":null},{"sig_full":"01.01.00.00.-0179","titel":"Gedenktag zum 40. Jahrestag des Kriegsendes","untertitel":"Reden, Veranstaltungen und Interviews zum 40. Jahrestag der deutschen Kapitulation"},{"sig_full":"01.01.00.00.-1444","titel":"Auf Spuren von G\u00fcnter Grass in Danzig","untertitel":"F\u00fchrung durch Gdansk"},{"sig_full":"01.01.00.00.-0332","titel":"Mein Jahrhundert - Gespr\u00e4ch mit G\u00fcnter Grass","untertitel":null},{"sig_full":"01.01.00.00.-0780","titel":"G\u00fcnter Grass liest zu Ehren von Walter H\u00f6llerer","untertitel":"Maxh\u00fctte, Sulzbach-Rosenberg"},{"sig_full":"01.01.00.00.-1466","titel":"Grablegung oder Lekt\u00fcreservice","untertitel":"Die ersten Kommentarb\u00e4nde"},{"sig_full":"01.01.00.00.-1114","titel":"Telefoninterview mit G\u00fcnter Grass \u00fcber Uwe Johnson","untertitel":null},{"sig_full":"01.01.00.00.-1797","titel":"Vorstellung  der Lyrik- und Prosasammlung \"Es war einmal ein Land\"","untertitel":null},{"sig_full":"01.01.00.00.-1096","titel":"\u00dcber die Arbeitsweise des Schriftstellers","untertitel":"Eine Betrachtung mit Beispielen"},{"sig_full":"01.01.00.00.-0090","titel":"Die Zeit heilt alle Wunden oder Die Schuld h\u00f6rt nie auf","untertitel":"G\u00fcnter Grass und Andrzej Szczypiorski im Gespr\u00e4ch"},{"sig_full":"01.01.00.00.-1772","titel":"Kulturarbeit im Ausland","untertitel":"\u00dcber die internationale Arbeit der deutschen Kulturinstitute"},{"sig_full":"01.01.00.00.-0368","titel":"Der polnische Grass-\u00dcbersetzer Slawomir Blaut","untertitel":null},{"sig_full":"01.01.00.00.-1449","titel":"Harald Schmidt und das Brausepulver (Ausschnitt)","untertitel":null},{"sig_full":"01.01.00.00.-0458","titel":"Zur Person: G\u00fcnter Grass","untertitel":null},{"sig_full":"01.01.00.00.-1203","titel":"WestArt: G\u00fcnter Grass zum 75. Geburtstag","untertitel":"Portr\u00e4t des K\u00fcnstlers"},{"sig_full":"01.01.00.00.-0297","titel":"Die Blechtrommel - Kapitel Fortuna Nord","untertitel":null},{"sig_full":"01.01.00.00.-0075","titel":"Die Blechtrommel","untertitel":"G\u00fcnter Grass liest Ausz\u00fcge aus seinem Roman"},{"sig_full":"01.01.00.00.-1103","titel":"Ehrungen der Deutschen Akademie f\u00fcr Sprache und Dichtung Darmstadt 1965","untertitel":null},{"sig_full":"01.01.00.00.-0954","titel":"Wir Urheber!","untertitel":"Ein Korb f\u00fcr K\u00fcnstler - Symposium der VG Wort"},{"sig_full":"01.01.00.00.-0083","titel":"Von Beruf Handwerker","untertitel":"Ein Werkstattbericht"},{"sig_full":"01.01.00.00.-1425","titel":"Themenschwerpunkte im Werk von G\u00fcnter Grass","untertitel":"Interview anl\u00e4\u00dflich der Austellung \"W\u00f6rtliche Bilder\" in H\u00fcrth"},{"sig_full":"01.01.00.00.-1448","titel":"Portr\u00e4t Mario Adorf","untertitel":"Die Besten im Westen - Teil 7"},{"sig_full":"01.01.00.00.-1130","titel":"Kolloquium zur Blechtrommel. Teil 2.","untertitel":"Ein Gespr\u00e4ch zwischen G\u00fcnter Grass und Berliner Sch\u00fclern und ein Kolloquium zwischen Walter Jens und drei Studenten \u00fcber Grass, besonders \u00fcber den Roman ''Die Blechtrommel''"},{"sig_full":"01.01.00.00.-0972","titel":"F\u00fcr Aufbr\u00fcche an andere Orte jederzeit vorbereitet","untertitel":"G\u00fcnter Grass im Gespr\u00e4ch mit Dr. Erhard Kluge anl\u00e4sslich seines 70. Geburtstages in seinem L\u00fcbecker Haus"},{"sig_full":"01.01.00.00.-0801","titel":"Gulaschsuppe f\u00fcr G\u00fcnter Grass","untertitel":"Zeitzeugenerz\u00e4hlung der Schneiderin Emmi Weiser"},{"sig_full":"01.01.00.00.-0797","titel":"Der weite Rock.  Lesung aus \"Die Blechtrommel\"","untertitel":null},{"sig_full":"01.01.00.00.-1508","titel":"Die erste Gesamtausgabe von Luchterhand 1987","untertitel":"Volker Neuhaus im Interview"},{"sig_full":"01.01.00.00.-1185","titel":"Ein Besuch bei G\u00fcnter Grass","untertitel":"G\u00fcnter Grass im Gespr\u00e4ch zu seiner neuen Novelle \"Im Krebsgang\""},{"sig_full":"01.01.00.00.-1788","titel":"Eindr\u00fccke der Polen Reise 1981","untertitel":null},{"sig_full":"01.01.00.00.-0446","titel":"Es war einmal ein Land","untertitel":"G\u00fcnter Grass liest, G\u00fcnter \"Baby\" Sommer trommelt und spielt"},{"sig_full":"01.01.00.00.-1954","titel":"Keine Empfehlung f\u00fcr \"Unterwegs von Deutschland nach Deutschland\"","untertitel":null},{"sig_full":"01.01.00.00.-1979","titel":"\u00dcber das Einlesen von \"Die Blechtrommel\"","untertitel":null},{"sig_full":"01.01.00.00.-1059","titel":"G\u00fcnter Grass von der Lelewelastrasse (Poln.)","untertitel":null},{"sig_full":"01.01.00.00.-1129","titel":"Kolloquium zur Blechtrommel. Teil 1.","untertitel":"Ein Gespr\u00e4ch zwischen G\u00fcnter Grass und Berliner Sch\u00fclern und ein Kolloquium zwischen Walter Jens und drei Studenten \u00fcber Grass, besonders \u00fcber den Roman ''Die Blechtrommel''"},{"sig_full":"01.01.00.00.-1450","titel":"Grass und Schl\u00f6ndorff trafen sich in L\u00fcbeck","untertitel":"F\u00fcnfzig Jahre Blechtrommel"},{"sig_full":"01.01.00.00.-1415","titel":"G\u00fcnter Grass in Paris","untertitel":"R\u00fcckkehr an den Ort  des Entstehens der \"Blechtrommel\""},{"sig_full":"01.01.00.00.-1131","titel":"Vom B\u00fcrgerschreck zum Gewissen der Nation","untertitel":"G\u00fcnter Grass zum 60. Geburtstag"},{"sig_full":"01.01.00.00.-1478","titel":"Eine doppelte Liebeserkl\u00e4rung","untertitel":"\u00dcber die Entstehung von \"Grimms W\u00f6rter\""},{"sig_full":"01.01.00.00.-0080","titel":"Es war einmal ein Land - Die Trib\u00fcne - Glaube, Hoffnung, Liebe - Verk\u00fcndigung (3 Takes)","untertitel":"Feature zur Ver\u00f6ffentlichung der Lesung mit Schlagzeug"},{"sig_full":"01.01.00.00.-1142","titel":"Brausepulver (Ausschnitt aus \"Blechtrommel\")","untertitel":null},{"sig_full":"01.01.00.00.-1502","titel":"Ein typisch deutsches Buch (hindi)","untertitel":"Vor 25 Jahren erschien \"die Blechtrommel\""},{"sig_full":"01.01.00.00.-1056","titel":"City \u2013 Der Gro\u00df-Schriftsteller und die Medien","untertitel":"Erste Lesung aus \"Ein weites Feld\""},{"sig_full":"01.01.00.00.-0514","titel":"Literarischer Sommer im Funkhaus Hannover","untertitel":null},{"sig_full":"01.01.00.00.-0107","titel":"40. Geburtstag von G\u00fcnter Grass","untertitel":null},{"sig_full":"01.01.00.00.-1036","titel":"Ulrich Wickert und G\u00fcnter Grass sprechen \u00fcber \"Beim H\u00e4uten der Zwiebel\"","untertitel":"Wickerts B\u00fccher im August 2006"},{"sig_full":"01.01.00.00.-0517","titel":"Die Blechtrommel","untertitel":"Autorenlesung"},{"sig_full":"01.01.00.00.-1199","titel":"Es war einmal ein Land (CD Fassung)","untertitel":"Lyrik und Prosa - Schlagzeug und Perkussion"},{"sig_full":"01.01.00.00.-0807","titel":"Schaltgespr\u00e4ch: Reinhard Mucker und Preko G\u00fcnter Grass","untertitel":"Tagesschau um f\u00fcnf zum Nobelpreis f\u00fcr Literatur an G\u00fcnter Grass"},{"sig_full":"01.01.00.00.-1150","titel":"Die Kehrseite der Medaille","untertitel":"Der Lyriker G\u00fcnter Grass"},{"sig_full":"01.01.00.00.-1483","titel":"Was gilt die deutsche Literatur im Ausland?","untertitel":"Eindr\u00fccke aus Nordamerika"},{"sig_full":"01.01.00.00.-1795","titel":"Die zweite Lesereise in die DDR (tel.)","untertitel":null},{"sig_full":"01.01.00.00.-1747","titel":"Gespr\u00e4ch mit einer Berliner Schulklasse 1963","untertitel":"Ausschnitt aus \"Katz und Maus\" und Diskussion"},{"sig_full":"01.01.00.00.-0518","titel":"Deutsche Lebensl\u00e4ufe: G\u00fcnter Grass","untertitel":"Portr\u00e4t (3 Takes)"},{"sig_full":"01.01.00.00.-1785","titel":"G\u00fcnter Grass von der Biennale in Venedig","untertitel":null},{"sig_full":"01.01.00.00.-1798","titel":"Gespr\u00e4ch anl\u00e4\u00dflich des Erscheinens der Werkausgabe bei Luchterhand","untertitel":null},{"sig_full":"01.01.00.00.-1177","titel":"Aufstand des Wortes","untertitel":"50 Jahre Gruppe 47"},{"sig_full":"01.01.00.00.-0758","titel":"Die Blechtrommel","untertitel":"Film"},{"sig_full":"01.01.00.00.-0785","titel":"G\u00fcnter Grass und sein verstorbener Freund Walter H\u00f6llerer","untertitel":"Die Dokumentation"},{"sig_full":"01.01.00.00.-0848","titel":"Literarisches Quartett: Ein weites Feld","untertitel":null},{"sig_full":"01.01.00.00.-0103","titel":"Die R\u00e4ttin","untertitel":"Interview mit G\u00fcnter Grass \u00fcber seinen Roman (tel.)"},{"sig_full":"01.01.00.00.-0833","titel":"ARD Morgenmagazin 6.10.2004","untertitel":"G\u00fcnter Grass als K\u00fcnstler"},{"sig_full":"01.01.00.00.-0302","titel":"Anno 62 - Junge Deutsche Autoren (II): Der Trommler: G\u00fcnter Grass","untertitel":null},{"sig_full":"01.01.00.00.-0603","titel":"G\u00fcnter Grass zum 75. Geburtstag - Freunde lesen Grass","untertitel":"G\u00fcnter Grass in der freien Akademie der K\u00fcnste in Hamburg"},{"sig_full":"01.01.00.00.-0054","titel":"Ich bin ein Zeit-Genosse","untertitel":"Gespr\u00e4ch mit G\u00fcnter Grass \u00fcber Deutscht\u00fcmelei, Kulturprotzerei und seine Vers\u00f6hnung mit Bremen"},{"sig_full":"01.01.00.00.-0480","titel":"Phantasie als Existenznotwendigkeit","untertitel":"Siegfried Lenz im Gespr\u00e4ch mit G\u00fcnter Grass"},{"sig_full":"01.01.00.00.-0598","titel":"Erster landesweiter Stiftungstag Schleswig-Holstein 2003 in L\u00fcbeck","untertitel":"Gespr\u00e4ch, Lesung aus \"Hundejahre\" und Absage"},{"sig_full":"01.01.00.00.-0787","titel":"Interview mit G\u00fcnter Grass zu \"Mein Jahrhundert\" (Rohfassung)","untertitel":"G\u00fcnter Grass zu 'Mein Jahrhundert' befragt von J\u00f6rg-Dieter Kogel und Harro Zimmermann"},{"sig_full":"01.01.00.00.-0484","titel":"Gespr\u00e4ch mit G\u00fcnter Grass","untertitel":"Buten & Binnen - Stadtschnack"},{"sig_full":"01.01.00.00.-0119","titel":"Gespr\u00e4ch mit G\u00fcnter Grass","untertitel":null},{"sig_full":"01.01.00.00.-1072","titel":"G\u00fcnter Grass in Danzig \u2013 ein paar Meinungen. (Poln.)","untertitel":"Standpunkte"},{"sig_full":"01.01.00.00.-1346","titel":"Spass mit Grass","untertitel":"Satirische O-Ton Collage"},{"sig_full":"01.01.00.00.-0121","titel":"Erinnerungen an Danzig","untertitel":"Gespr\u00e4ch mit G\u00fcnter Grass"},{"sig_full":"01.01.00.00.-1811","titel":"Nachruf zum Tod von Helmut Frielinghaus","untertitel":"G\u00fcnter Grass und Denis Scheck im Telefoninterview"},{"sig_full":"01.01.00.00.-0488","titel":"G\u00fcnter Grass zu \"Mein Jahrhundert\"","untertitel":"befragt von J\u00f6rg-Dieter Kogel und Harro Zimmermann"},{"sig_full":"01.01.00.00.-1356","titel":"Vom \"Leeren Viertel\"","untertitel":"G\u00fcnter Grass im Jemen"},{"sig_full":"01.01.00.00.-1193","titel":"Vom Glanz und Vergehen der Gruppe 47","untertitel":"aspekte extra: 60 Jahre \"Gruppe 47\""},{"sig_full":"01.01.00.00.-1460","titel":"Danzig im Grass-Fieber","untertitel":"Grassomania mit L\u00fcbecker Sch\u00fclern und dem Blechtrommelumzug"},{"sig_full":"01.01.00.00.-1344","titel":"Oskar zersingt Glas","untertitel":"Lesung aus dem Buch \"Die Blechtrommel\""},{"sig_full":"01.01.00.00.-1805","titel":"Die Entstehung der Verfilmung \"Die Blechtrommel\" (tel.)","untertitel":"Gespr\u00e4ch mit  Volker Schl\u00f6ndorff und G\u00fcnter Grass"},{"sig_full":"01.01.00.00.-0482","titel":"G\u00fcnter Grass-Ausstellung in der Galerie Bollhagen in Worpswede","untertitel":null},{"sig_full":"01.01.00.00.-1064","titel":"G\u00fcnter Grass in der Heimat (Poln.)","untertitel":"mit O-T\u00f6nen von G\u00fcnter Grass"},{"sig_full":"01.01.00.00.-1360","titel":"Lesung \" Blechtrommel\" (Auszug)","untertitel":"Aus dem Kapitel: Falter und Gl\u00fchbirne"},{"sig_full":"01.01.00.00.-0993","titel":"Steinmetz und anderes","untertitel":"Der K\u00fcnstler G\u00fcnter Grass"},{"sig_full":"01.01.00.00.-0084","titel":"Das Wappentier der Republik - G\u00fcnter Grass","untertitel":"Portr\u00e4t anl\u00e4\u00dflich des 70. Geburtstages (mit zahlreichen O-T\u00f6nen)"},{"sig_full":"01.01.00.00.-1028","titel":"Kleckerburg verloren","untertitel":"G\u00fcnter Grass - Von Danzig nach Gdansk"},{"sig_full":"01.01.00.00.-1768","titel":"\u00dcber die Planung des Films \"Die Blechtrommel\"","untertitel":"Volker Schl\u00f6ndorff und G\u00fcnter Grass sprechen \u00fcber die Vorbereitungsphase"},{"sig_full":"01.01.00.00.-1819","titel":"Heinz Ludwig Arnold interviewt Schriftsteller in den Jahren von 1977-1999","untertitel":null},{"sig_full":"01.01.00.00.-0360","titel":"Gebrannte Erde","untertitel":"Rohmaterial der Lesung f\u00fcr \"Extratext\""},{"sig_full":"01.01.00.00.-1479","titel":"Deutsche Schriftsteller des 20. Jahrhunderts im Portrait (bengali)","untertitel":null},{"sig_full":"01.01.00.00.-1529","titel":"Mit den Augen eines Malers","untertitel":"\u00dcber \"Ein weites Feld\""},{"sig_full":"01.01.00.00.-0995","titel":"Grass, G\u00fcnter  -  Jahrgang 1927","untertitel":"Fassung 1995"},{"sig_full":"01.01.00.00.-0973","titel":"Wer lacht hier, hat gelacht?","untertitel":"Lyrik und Prosa. Schlagzeug und Percussion auf 2 Tonkassetten."},{"sig_full":"01.01.00.00.-1210","titel":"Polen - G\u00fcnter Grass im Gespr\u00e4ch \u00fcber Deutsche und Polen","untertitel":null},{"sig_full":"01.01.00.00.-1021","titel":"Die Blechtrommel (Audioauschnitt Film)","untertitel":null},{"sig_full":"01.01.00.00.-1738","titel":"Zu \u00dcbersetzungen  von \"Grimms W\u00f6rter\" (engl.)","untertitel":"\u00dcbersetzerkonferenz in Straelen 2011"},{"sig_full":"01.01.00.00.-1775","titel":"Vom Dichter zum Politiker?","untertitel":"Kurz nach dem Eintritt in die SPD spricht G\u00fcnter Grass \u00fcber politische Ambitionen und Literatur"},{"sig_full":"01.01.00.00.-0900","titel":"Harald Schmidt albert \u00fcber G\u00fcnter Grass","untertitel":"Nach G\u00fcnter Grass'  Besuch in Kalkutta"},{"sig_full":"01.01.00.00.-1067","titel":"Die Blechtrommel (Poln.) Teil 1-2","untertitel":null},{"sig_full":"01.01.00.00.-0542","titel":"\u00dcber das Zeichnen und Schreiben - Eine Dokumentationsausstellung des Goethe-Instituts in der Bremischen B\u00fcrgerschaft","untertitel":"Podiumsdiskussion"},{"sig_full":"01.01.00.00.-1073","titel":"G\u00fcnter Grass in Danzig, Teil 1 und 2 (Poln.)","untertitel":"Ein Bericht \u00fcber das Treffen mit dem Leserpublikum an der Universit\u00e4t Gda\u0144sk"},{"sig_full":"01.01.00.00.-1427","titel":"G\u00fcnter Grass in H\u00fcrth","untertitel":"Einf\u00fchrung zur Vernissage \"W\u00f6rtliche Bilder\" in H\u00fcrth"},{"sig_full":"01.01.00.00.-0968","titel":"O-T\u00f6ne zur Ver\u00f6ffentlichung des Films \"Unkenrufe\"","untertitel":null},{"sig_full":"01.01.00.00.-0798","titel":"50 Jahre Bremer Literaturpreis","untertitel":"Aberkennung des Preises an Grass 1959\/1960"},{"sig_full":"01.01.00.00.-0558","titel":"G\u00fcnter Grass und seine \u00dcbersetzer","untertitel":"Art und Weise - Funkhaus Europa (Spezial)"},{"sig_full":"01.01.00.00.-1409","titel":"Ausstellungser\u00f6ffnung \"Die Blechtrommel\" wird f\u00fcnfzig - Die Pariser Jahre","untertitel":"Er\u00f6ffnung der Ausstellung in der Stadtwaage Bremen"},{"sig_full":"01.01.00.00.-1102","titel":"Neue deutsche Prosa","untertitel":"Kritische Portr\u00e4ts von Heinz von Cramer, G\u00fcnter Grass und Uwe Johnson"},{"sig_full":"01.01.00.00.-0310","titel":"Das h\u00f6r ich gern (14. Folge) - G\u00fcnter Grass","untertitel":"Musik von Igor Strawinsky, Guiseppe Tartini u.a."},{"sig_full":"01.01.00.00.-0550","titel":"G\u00fcnter Grass - Vom Zeichnen und Schreiben","untertitel":"Er\u00f6ffung der Ausstellung in der Bremischen B\u00fcrgerschaft"},{"sig_full":"01.01.00.00.-1812","titel":"K\u00fcnstlerbiographie G\u00fcnter Grass","untertitel":"Umfassendes Portr\u00e4t von 2011"},{"sig_full":"01.01.00.00.-0947","titel":"Ricercar","untertitel":"F\u00fcr Sprecher und Altfl\u00f6te. Thema und f\u00fcnf Kontrapunkte in sechs Kapiteln und 24 Abschnitten nach dem Kapitel \"Glaube, Hoffnung, Liebe\" aus dem Roman \"Die Blechtrommel\" von G\u00fcnter Grass (1966)."},{"sig_full":"01.01.00.00.-1809","titel":"Als Juror bei den Filmfestspielen in Venedig","untertitel":null},{"sig_full":"01.01.00.00.-0134","titel":"Die Blechtrommel","untertitel":"Lesung des Kapitels \"Der weite Rock\" (\"My Grandmother's Shirt\", engl.)"},{"sig_full":"01.01.00.00.-1748","titel":"Mitschnitt der Lesung \"Schriftsteller lesen in Berlin\" 1964","untertitel":"Mit einem Referat von Klaus Wagenbach, einer Lesung aus \"Hundejahre\" und Ausschnitten aus der abschlie\u00dfenden Diskussion"},{"sig_full":"01.01.00.00.-0129","titel":"Danzig im Werk - Interview mit G\u00fcnter Grass","untertitel":null},{"sig_full":"01.01.00.00.-0486","titel":"Literatur-Nobelpreis f\u00fcr G\u00fcnter Grass","untertitel":null},{"sig_full":"01.01.00.00.-0951","titel":"Dichtergipfel in L\u00fcbeck","untertitel":"G\u00fcnter Grass trifft R\u00fchmkorf und Enzensberger"},{"sig_full":"01.01.00.00.-0938","titel":"M\u00e4rchen sind grausam","untertitel":"Vom Zauber der M\u00e4rchen  Arte Magazin"},{"sig_full":"01.01.00.00.-0534","titel":"Nobler Herr im Frack","untertitel":"Harro Zimmermann im Gespr\u00e4ch mit G\u00fcnter Grass nach der Nobelpreisverleihung"},{"sig_full":"01.01.00.00.-0462","titel":"Trommler und Schnecke: G\u00fcnter Grass im Gespr\u00e4ch","untertitel":null},{"sig_full":"01.01.00.00.-1546","titel":"Laudatio auf Yasar Kemal","untertitel":"Ausschnitt aus der Verleihung des Friedenspreises des Deutschen Buchhandels an Yasar Kemal 1997"},{"sig_full":"01.01.00.00.-0371","titel":"Dieselbe Tinte - G\u00fcnter Grass und Hans Mayer im Gespr\u00e4ch \u00fcber das Wort und das Bild","untertitel":null},{"sig_full":"01.01.00.00.-0510","titel":"Gespr\u00e4ch mit Heinz Ludwig Arnold (Rohfassung)","untertitel":null},{"sig_full":"01.01.00.00.-1155","titel":"Die R\u00e4ttin - Interview zur Verfilmung","untertitel":null},{"sig_full":"01.01.00.00.-0018","titel":"Zeichnen und Schreiben: Gespr\u00e4ch mit G\u00fcnter Grass","untertitel":null},{"sig_full":"01.01.00.00.-0008","titel":"Bestandsaufnahme: Anderthalb Jahre vor Erscheinen von \"Hundejahre\"","untertitel":"Horst Bienek im Gespr\u00e4ch mit G\u00fcnter Grass"},{"sig_full":"01.01.00.00.-0507","titel":"Gespr\u00e4ch mit Heinz Ludwig Arnold (Rohmaterial)","untertitel":null},{"sig_full":"01.01.00.00.-0506","titel":"Gespr\u00e4ch mit dem Schriftsteller","untertitel":null},{"sig_full":"01.01.00.00.-1547","titel":"Portrait des deutschen Schriftstellers anl\u00e4\u00dflich seines 70. Geburtstages (bulgarisch)","untertitel":null},{"sig_full":"01.01.00.00.-0417","titel":"Herzlichen Gl\u00fcckwunsch, G\u00fcnter Grass - Ein Personenportr\u00e4t zum 65. Geburtstag","untertitel":null},{"sig_full":"01.01.00.00.-1893","titel":"Lesung im Asylbewerberheim in Wismar","untertitel":null},{"sig_full":"01.01.00.00.-1434","titel":"Ortszeit: Grass-Ausstellung  im Einkaufszentrum","untertitel":"Beitrag anl\u00e4\u00dflich der Austellung \"W\u00f6rtliche Bilder\" in H\u00fcrth"},{"sig_full":"01.01.00.00.-1896","titel":"R\u00fcckschau und Pl\u00e4ne nach dem Trubel um \"Ein weites Feld\"","untertitel":null},{"sig_full":"01.01.00.00.-1377","titel":"G\u00fcnter Grass zum 75. Geburtstag","untertitel":"Der Sprachbildhauer - Collage mit O-T\u00f6nen"},{"sig_full":"01.01.00.00.-0521","titel":"Laudatio zur Verleihung der Hermann-Kesten-Medaille an G\u00fcnter Grass","untertitel":"Gek\u00fcrzte Radio-Fassung der Rede"},{"sig_full":"01.01.00.00.-1908","titel":"Walter Kempowski  als erster Autor der Lesereihe \"Autoren  des Jahrhunderts\"","untertitel":null},{"sig_full":"01.01.00.00.-1553","titel":"G\u00fcnter Grass \u00fcber den an ihn verliehenen Prinz von Asturien-Preis","untertitel":null},{"sig_full":"01.01.00.00.-1499","titel":"Die Bedeutung der westpreu\u00dfischen Heimat f\u00fcr das Prosaschaffen","untertitel":"Handlungsort  Kaschubei und Danzig"},{"sig_full":"01.01.00.00.-1447","titel":"Portr\u00e4t Medienarchiv G\u00fcnter Grass Stiftung","untertitel":"G\u00fcnter Grass und das Medienarchiv"},{"sig_full":"01.01.00.00.-1443","titel":"Er\u00f6ffnung der Grass-Galerie in Danzig","untertitel":"Grassomania 2009"},{"sig_full":"01.01.00.00.-1439","titel":"Salon du Livres 2001","untertitel":"\"Mein Jahrhundert\" wird in Frankreich vorgestellt"},{"sig_full":"01.01.00.00.-1204","titel":"Dichter B\u00fcrger Moralist","untertitel":"G\u00fcnter Grass im Gespr\u00e4ch mit Fritz Pleitgen"},{"sig_full":"01.01.00.00.-1494","titel":"Mann, Grass und B\u00f6ll lesen aus ihren Werken","untertitel":"Stimmen der Dichter"},{"sig_full":"01.01.00.00.-1433","titel":"Kulturreport: Grass - Ausstellung \"W\u00f6rtliche Bilder\"","untertitel":"Beitrag anl\u00e4\u00dflich der Austellung in H\u00fcrth"},{"sig_full":"01.01.00.00.-1554","titel":"\u00dcber die Ver\u00f6ffentlichung der \"Blechtrommel\"  vor 40 Jahren (span.)","untertitel":null},{"sig_full":"01.01.00.00.-1076","titel":"Eine Sitzbank ohne Grass (Poln.)","untertitel":null},{"sig_full":"01.01.00.00.-1558","titel":"Zum Jubil\u00e4umstag des Erscheinens der \"Blechtrommel\"","untertitel":"Der l\u00e4stige fr\u00fche Ruhm begann nach dem 24. September 1959"},{"sig_full":"01.01.00.00.-1560","titel":"Ich war arm wie eine Kirchenmaus","untertitel":"Wiederholung des Gespr\u00e4chs zum  70. Geburtstags vom 16.10.1997 in Ausschnitten anl\u00e4sslich des Literaturnobelpreises"},{"sig_full":"01.01.00.00.-1201","titel":"Die Provinz ist die Geburtsst\u00e4tte der Literatur","untertitel":"G\u00fcnter Grass im Gespr\u00e4ch \u00fcber  Heinrich B\u00f6ll"},{"sig_full":"01.01.00.00.-1082","titel":"Grass bekommt den Titel Doctor Honoris Causa der Universit\u00e4t Gda\u0144sk (Poln.)","untertitel":null},{"sig_full":"01.01.00.00.-0299","titel":"Die Blechtrommel - Kapitel 1+2 (Lesung aus dem unver\u00f6ffentlichten Romanmanuskript)","untertitel":null},{"sig_full":"01.01.00.00.-1432","titel":"Launig: Die G\u00fcnter Grass Ausstellung\" W\u00f6rtliche Bilder\" in H\u00fcrth","untertitel":"Vollst\u00e4ndige Radiosendung"},{"sig_full":"01.01.00.00.-1557","titel":"Der Preis des Ruhms","untertitel":"R\u00fcckblicke auf die Entstehung der Blechtrommel und die  Folgen"},{"sig_full":"01.01.00.00.-1467","titel":"Fundsachen f\u00fcr Leser","untertitel":"Leipzig liest: Podium auf der Leipziger Buchmesse 2010"},{"sig_full":"01.01.00.00.-1937","titel":"Stadtrundgang durch Danzig","untertitel":null},{"sig_full":"01.01.00.00.-1219","titel":"Tagesgespr\u00e4ch mit G\u00fcnter Grass \u00fcber \"Unkenrufe\"","untertitel":"Gespr\u00e4ch zur Ver\u00f6ffentlichung von \"Unkenrufe\" auf der Leipziger Buchmesse"},{"sig_full":"01.01.00.00.-0306","titel":"F\u00fchrer und Verf\u00fchrte - Eine Sendereihe \u00fcber Geist und Mode unserer Zeit, 15. G\u00fcnter Grass oder Das erf\u00fcllte Image","untertitel":null},{"sig_full":"01.01.00.00.-1562","titel":"\"Das vergessene Gesicht der Geschichte gezeichnet\" (hindi)","untertitel":"Zur Verleihung des Literaturnobelpreis 1999 an G\u00fcnter Grass"},{"sig_full":"01.01.00.00.-1565","titel":"Er\u00f6ffnung der 51. Internationalen Buchmesse 1999  in Frankfurt am Main","untertitel":"Er\u00f6ffnungsreden"},{"sig_full":"01.01.00.00.-1566","titel":"Eine Trommel f\u00fcr G\u00fcnter Grass","untertitel":"G\u00fcnter Grass nach der Literaturnobelpeisverleihung auf der  Frankfurter Buchmesse 1999"},{"sig_full":"01.01.00.00.-1574","titel":"Literaturnobelpreis f\u00fcr G\u00fcnter Grass (poln.)","untertitel":"Wochenr\u00fcckblick"},{"sig_full":"01.01.00.00.-1563","titel":"Talkshows, der Kampf um Einschaltquoten (polnisch)","untertitel":"Polnischer Wochenr\u00fcckblick zum Literaturnobelpreis f\u00fcr G\u00fcnter Grass"},{"sig_full":"01.01.00.00.-1564","titel":"Nobelpreis f\u00fcr Literatur an den deutschen Schriftsteller (arabisch)","untertitel":null},{"sig_full":"01.01.00.00.-0262","titel":"Ge\u00f6ffneter Schrank - G\u00fcnter Grass liest ein Gedicht aus dem Band \"Die Vorz\u00fcge der Windh\u00fchner\" und Interpretation des Gedichts von Klaus Wagenbach","untertitel":null},{"sig_full":"01.01.00.00.-1586","titel":"Verleihung des Alfred-D\u00f6blin-Preises 2001 (bengali)","untertitel":null},{"sig_full":"01.01.00.00.-0591","titel":"In gemischter Gesellschaft - Ausstellung zur Doppelbegabung G\u00fcnter Grass","untertitel":null},{"sig_full":"01.01.00.00.-1598","titel":"Portrait des politisch engagierten Schriftstellers (russ.)","untertitel":null},{"sig_full":"01.01.00.00.-0614","titel":"L\u00fcbecker Werkstattbericht","untertitel":"Sechs Vorlesungen an der Medizinischen Universit\u00e4t L\u00fcbeck"},{"sig_full":"01.01.00.00.-0614","titel":"L\u00fcbecker Werkstattbericht","untertitel":"Sechs Vorlesungen an der Medizinischen Universit\u00e4t L\u00fcbeck"},{"sig_full":"01.01.00.00.-1592","titel":"\u00dcber die Popularit\u00e4t von G\u00fcnter Grass auf dem polnischen B\u00fcchermarkt (poln.)","untertitel":"Telefoninterview mit Joanna Konopacka"},{"sig_full":"01.01.00.00.-1589","titel":"\u00dcber die Neuerscheinung \"Als ich 32 Jahre alt war, wurde ich ber\u00fchmt\"","untertitel":"H\u00f6rbuchtipp"},{"sig_full":"01.01.00.00.-1605","titel":"Grass-Rezeption in China","untertitel":"\u00dcber die H\u00fcrden bei Grass-\u00dcbersetzungen und Ver\u00f6ffentlichungen"},{"sig_full":"01.01.00.00.-1612","titel":"Telefoninterview mit dem franz\u00f6sischen G\u00fcnter Grass-\u00dcbersetzer Claude Porcel (frz.)","untertitel":"\u00dcber die kritische Auseinandersetzung mit der j\u00fcngeren deutschen Geschichte"},{"sig_full":"01.01.00.00.-1606","titel":"Die politische Sprache ist eine Sekund\u00e4rsprache (engl.)","untertitel":"Bericht im Rahmen internationalen Frankfurter Buchmesse 2002"},{"sig_full":"01.01.00.00.-1610","titel":"Ein lebenslustiger Pessimist","untertitel":null},{"sig_full":"01.01.00.00.-1609","titel":"Neues von und \u00fcber Grass zum 75. Geburtstag","untertitel":"Feature \u00fcber die Neurscheinungen im Herbst 2002"},{"sig_full":"01.01.00.00.-1253","titel":"G\u00fcnter Grass 1981","untertitel":"Biographisches Portr\u00e4t"},{"sig_full":"01.01.00.00.-1259","titel":"Zur Person: G\u00fcnter Grass im Gespr\u00e4ch mit G\u00fcnter Gaus","untertitel":null},{"sig_full":"01.01.00.00.-1348","titel":"G\u00fcnter Grass zum 70. Geburtstag","untertitel":"Collage ber\u00fchmter Stimmen"},{"sig_full":"01.01.00.00.-1668","titel":"Ein unaufgeregtes Portrait","untertitel":"Die Filmemacherinnen des \"Unbequemen\" \u00fcber die die Entstehung des Films"},{"sig_full":"01.01.00.00.-1640","titel":"Das Verschweigen zu sp\u00e4t beendet","untertitel":"Kommentar zur Grass-Mitgliedschaft der Waffen-SS"},{"sig_full":"01.01.00.00.-1680","titel":"G\u00fcnter Grass wird 80 Jahre alt (russisch)","untertitel":null},{"sig_full":"01.01.00.00.-1246","titel":"ARTE: G\u00fcnter Grass in zehn Kapiteln","untertitel":"G\u00fcnter Grass en dix chapitres"},{"sig_full":"01.01.00.00.-1268","titel":"Interview mit Grass Buchmesse in Frankfurt\/Main (engl.)","untertitel":null},{"sig_full":"01.01.00.00.-1674","titel":"\u00dcber die Stilbildung und Weiterentwicklung als Schriftsteller","untertitel":"\u00dcber den pikaresken Romans und die Entstehung der \"Hundejahre\""},{"sig_full":"01.01.00.00.-1679","titel":"G\u00fcnter Grass wird 80 (persisch)","untertitel":null},{"sig_full":"01.01.00.00.-1678","titel":"Happy Birthday  Mr. Grass!","untertitel":"Gratulationen aus aller Welt  zum 80. Geburtstag"},{"sig_full":"01.01.00.00.-1698","titel":"Ein Buch schreibt Geschichte - 50 Jahre \"Die Blechtrommel\"","untertitel":null},{"sig_full":"01.01.00.00.-1284","titel":"Die Blechtrommel","untertitel":"G\u00fcnter Grass Nacht  im NDR 12. 10. 2002"},{"sig_full":"01.01.00.00.-1817","titel":"Heinz Ludwig Arnold interviewt Schriftsteller in den Jahren von 1970-1974","untertitel":null},{"sig_full":"01.01.00.00.-1304","titel":"Das musste raus,  endlich (Telefoninterview)","untertitel":"DLR Kultur - Podcast: Zur sp\u00e4ten Offenbarung von G\u00fcnter Grass"},{"sig_full":"01.01.00.00.-1769","titel":"Vor der Premiere der Verfilmung der \"Blechtrommel\"","untertitel":"Pressekonferenz"},{"sig_full":"01.01.00.00.-0222","titel":"Die Ambivalenz der Wahrheit zeigen","untertitel":"Aussage zur Person: G\u00fcnter Grass"},{"sig_full":"01.01.00.00.-1929","titel":"\"Der Butt im Griff\" und \"der Schatten\" in D\u00e4nemark","untertitel":null},{"sig_full":"01.01.00.00.-1541","titel":"Der internationale Ruf von G\u00fcnter Grass","untertitel":"Im Ausland gesch\u00e4tzt, im Inland gehasst"},{"sig_full":"01.01.00.00.-0003","titel":"Vom Phantastischen zum Politischen? G\u00fcnter Grass \u00fcber seine literarische Entwicklung","untertitel":"Ein Gespr\u00e4ch"},{"sig_full":"01.01.00.00.-1947","titel":"Vorschau auf den Film \"Die Blechtrommelstory\"","untertitel":null},{"sig_full":"01.01.00.00.-1417","titel":"Zu Besuch im schwarzen Fulda","untertitel":"Ausstellungser\u00f6ffnung \"Auf einem anderen Blatt\""},{"sig_full":"01.01.00.00.-0555","titel":"G\u00fcnter Grass in der ARD-H\u00f6rbuchnacht 2001","untertitel":null},{"sig_full":"01.01.00.00.-1567","titel":"Bilanz der Frankfurter Buchmesse 1999","untertitel":"Nachbericht von der 51. internationalen Buchmesse Frankfurt"},{"sig_full":"01.01.00.00.-1180","titel":"G\u00fcnter Grass in New York","untertitel":"Eine Nachlese"},{"sig_full":"01.01.00.00.-1406","titel":"Vorbericht zur Geburtstagsfeier in G\u00f6ttingen","untertitel":"Der 80. Geburtstag steht kurz bevor"},{"sig_full":"01.01.00.00.-1904","titel":"Auf der Vorpremiere von \"Die R\u00e4ttin\"","untertitel":null},{"sig_full":"01.01.00.00.-1607","titel":"Zum 75. Geburtstag des deutschen Schriftstellers G\u00fcnter Grass (hindi)","untertitel":null},{"sig_full":"01.01.00.00.-1749","titel":"Literatur ohne Lesebuch - G\u00fcnter Grass diskutiert mit Berliner Sch\u00fclern in Neuk\u00f6lln","untertitel":"G\u00fcnter Grass liest und stellt sich den kritischen Fragen von Sch\u00fclern"},{"sig_full":"01.01.00.00.-1906","titel":"Salman Rushdie \u00fcber die Inspiration durch G\u00fcnter Grass","untertitel":null},{"sig_full":"01.01.00.00.-0317","titel":"G\u00fcnter Grass bei der Erlanger Studentenwoche - Interview","untertitel":"Bericht und Ausschnitte von der Erlanger Studententheaterwoche in Erlangen, 1960."},{"sig_full":"01.01.00.00.-0577","titel":"Grass trommelt wieder","untertitel":"Engagement f\u00fcr die SPD im Bundestagswahlkampf 2002"},{"sig_full":"01.01.00.00.-1719","titel":"Jubel zur Er\u00f6ffnung  der Grass-Galerie in Danzig","untertitel":"Er\u00f6ffnung der Grass-Galerie in Gdansk"},{"sig_full":"01.01.00.00.-0546","titel":"Gespr\u00e4ch mit Bremens B\u00fcrgermeister Henning Scherf \u00fcber sein Verh\u00e4ltnis zu G\u00fcnter Grass","untertitel":"G\u00fcnter Grass Stiftung Bremen"},{"sig_full":"01.01.00.00.-0515","titel":"Interview mit Stefan Lohr","untertitel":"Grass als bildender K\u00fcnstler (Rohfassung)"},{"sig_full":"01.01.00.00.-0154","titel":"G\u00fcnter Grass als politischer Schriftsteller (Portr\u00e4t und Interview-Ausschnitt, bengali)","untertitel":null},{"sig_full":"01.01.00.00.-0642","titel":"Die Blechtrommel - Lesung \"Das Fotoalbum\"","untertitel":"Auszug aus dem Roman von G\u00fcnter Grass"},{"sig_full":"01.01.00.00.-0623","titel":"Berlin: \"Die b\u00f6sen K\u00f6che\"","untertitel":"Berlin: \"Die b\u00f6sen K\u00f6che\", ein St\u00fcck vom Blechtrommelautor G\u00fcnter Grass wurde am Berliner Schiller Theater inszeniert"},{"sig_full":"01.01.00.00.-0145","titel":"R\u00fcckblende Blechtrommel","untertitel":null},{"sig_full":"01.01.00.00.-0189","titel":"Die Blechtrommel","untertitel":"2 Ausz\u00fcge: Falter und Gl\u00fchbirne (Oskars Geburt); Fernwirkender Gesang vom Stockturm aus gesungen"},{"sig_full":"01.01.00.00.-1332","titel":"Laudatio zum Ernst-Toller-Preis 2007","untertitel":"Ernst-Toller-Preis 2007 f\u00fcr G\u00fcnter Grass"},{"sig_full":"01.01.00.00.-0952","titel":"Interview mit der Sch\u00fclerzeitung \"Fl\u00fcstert\u00fcte\"","untertitel":"Die Fl\u00fcstert\u00fcte, Sch\u00fclerzeitung des Gymnasiums Meppen"},{"sig_full":"01.01.00.00.-1707","titel":"G\u00fcnter Grass besucht Karl-Hartung-Ausstellung in Bremen","untertitel":null},{"sig_full":"01.01.00.00.-0328","titel":"Das Vivarium des G.G. - Eine Diskussion zum 60. Geburtstag von G\u00fcnter Grass","untertitel":"(kein O-Ton Grass)"},{"sig_full":"01.01.00.00.-0156","titel":"G\u00fcnter Grass zweiter Besuch in Kalkutta (bengalisch)","untertitel":"Kalkutta als Wohnort von G\u00fcnter Grass"},{"sig_full":"01.01.00.00.-1331","titel":"Preisbegr\u00fcndung Ernst-Toller-Preis 2007","untertitel":"Ernst-Toller-Preis 2007 f\u00fcr G\u00fcnter Grass"},{"sig_full":"01.01.00.00.-0891","titel":"Ehrung von Grass mit Blechtrommel-Parade","untertitel":"Danzig"},{"sig_full":"01.01.00.00.-0365","titel":"Der Stein muss immer bewegt werden","untertitel":"G\u00fcnter Grass im Gespr\u00e4ch mit J\u00f6rg-Dieter Kogel und Harro Zimmermann"},{"sig_full":"01.01.00.00.-0157","titel":"Gespr\u00e4ch mit G\u00fcnter Grass zum 60. Geburtstag (darin: Lesung des Gedichts \"Orpheus\")","untertitel":null},{"sig_full":"01.01.00.00.-0319","titel":"Interview mit G\u00fcnter Grass","untertitel":null},{"sig_full":"01.01.00.00.-0403","titel":"Die Blechtrommel (Auszug)","untertitel":"Autorenlesung aus dem Roman von G\u00fcnter Grass"},{"sig_full":"01.01.00.00.-0967","titel":"Und kein bisschen leise - Nobelpreis f\u00fcr G\u00fcnter Grass","untertitel":"Tagesschau und Sondersendung zur Bekanntgabe des Nobelpreises an Grass 1999"},{"sig_full":"01.01.00.00.-1603","titel":"Das nagt an dem Alten","untertitel":"O-T\u00f6ne aus \"Die Blechtrommel\",  \"Aus dem Tagebuch einer Schnecke\" und \"Im Krebsgang\""},{"sig_full":"01.01.00.00.-0158","titel":"Der Blechtrommler liest und l\u00e4\u00dft trommeln","untertitel":"Bericht \u00fcber eine Lesetournee von G\u00fcnter Grass und G\u00fcnter Baby Sommer"},{"sig_full":"01.01.00.00.-1334","titel":"Volker Schl\u00f6ndorff liest aus seiner Autobiographie","untertitel":null},{"sig_full":"01.01.00.00.-1956","titel":"Festakt zum \"Blechtrommel\"-Jubil\u00e4um in L\u00fcbeck","untertitel":null},{"sig_full":"01.01.00.00.-1957","titel":"Die SPD und das \"Blechtrommel\"-Jubil\u00e4um","untertitel":null},{"sig_full":"01.01.00.00.-1733","titel":"Er\u00f6ffnung der Sonderausstellung \"Arno Schmidt.  Der Schriftsteller als Fotograf\"  in L\u00fcbeck","untertitel":"Vernissage mit G\u00fcnter Grass in der Katharinenkirche"},{"sig_full":"01.01.00.00.-1307","titel":"Telefoninterview mit Adam Krzemi\u0144ski","untertitel":"DLR  Kultur - Podcast"},{"sig_full":"01.01.00.00.-1969","titel":"Arnon Gr\u00fcnberg und G\u00fcnter Grass \u00fcber Antisemitismus, Israel und den 2. Weltkrieg","untertitel":"Gespr\u00e4ch anl\u00e4\u00dflich des Prager Autorenfestivals 2013"},{"sig_full":"01.01.00.00.-1686","titel":"\u00dcber die Entstehung von \"Die Box\"","untertitel":"Lesung aus \"Die Box\" im Hamburger Thalia Theater und Buchvorstellung - mit St\u00f6rung"},{"sig_full":"01.01.00.00.-1308","titel":"Das muss raus","untertitel":"DLF- Podcast vom 12.08.2008"},{"sig_full":"01.02.00.00.-1906","titel":"Salman Rushdie \u00fcber die Inspiration durch G\u00fcnter Grass","untertitel":null},{"sig_full":"01.02.00.00.-1908","titel":"Walter Kempowski  als erster Autor der Lesereihe \"Autoren  des Jahrhunderts\"","untertitel":null},{"sig_full":"02.01.01.00.-0007","titel":"Literatur im Klassenzimmer","untertitel":"\u00d6sterreich"}]},{"word":"Ausgefragt","dsets":[{"sig_full":"01.01.00.00.-0940","titel":"Lyriker-Treffen in L\u00fcbeck","untertitel":null},{"sig_full":"01.01.00.00.-1032","titel":"G\u00fcnter Grass - Portr\u00e4t","untertitel":null},{"sig_full":"01.01.00.00.-1070","titel":"Ausgefragt. Guenter Grass (Poln.)","untertitel":"Portr\u00e4t"},{"sig_full":"01.01.00.00.-0505","titel":"Die Verzweiflung arbeitet ohne Netz","untertitel":"Gespr\u00e4ch mit Heinz Ludwig Arnold (Rohmaterial)"},{"sig_full":"01.01.00.00.-0432","titel":"Bei dieser Gelegenheit","untertitel":"Gedichte aus vierzig Jahren"},{"sig_full":"01.01.00.00.-1115","titel":"Badeleben","untertitel":null},{"sig_full":"01.01.00.00.-1112","titel":"Die Schweinekopfs\u00fclze","untertitel":null},{"sig_full":"01.01.00.00.-1123","titel":"Advent","untertitel":null},{"sig_full":"01.01.00.00.-1154","titel":"Lyrik: Ehe. Irgendwas machen","untertitel":null},{"sig_full":"01.01.00.00.-1150","titel":"Die Kehrseite der Medaille","untertitel":"Der Lyriker G\u00fcnter Grass"},{"sig_full":"01.01.00.00.-0095","titel":"Die Schweinekopfs\u00fclze","untertitel":"Gedicht aus \"Ausgefragt\""},{"sig_full":"01.01.00.00.-1105","titel":"K\u00f6nig Lear","untertitel":"Lesung des Gedichts \"K\u00f6nig Lear\""},{"sig_full":"01.01.00.00.-1152","titel":"Irgendwas machen","untertitel":null},{"sig_full":"01.01.00.00.-1750","titel":"G\u00fcnter Grass diskutiert mit Sch\u00fclern des Berliner Humboldt-Gymnasiums","untertitel":"Lesung aus dem vierten Akt \"Die Plebejer proben den Aufstand\""},{"sig_full":"01.01.00.00.-0606","titel":"Lyrische Beute - Gedichte aus f\u00fcnfzig Jahren","untertitel":"Rohmaterial zur sp\u00e4teren Ver\u00f6ffentlichung \"Lyrische Beute\" auf 3 CDs"},{"sig_full":"01.01.00.00.-1818","titel":"Heinz Ludwig Arnold interviewt Schriftsteller in den Jahren von 1974-1977","untertitel":null},{"sig_full":"01.01.00.00.-0112","titel":"Ausgefragt","untertitel":"G\u00fcnter Grass liest aus seinem Lyrikband"},{"sig_full":"01.01.00.00.-0951","titel":"Dichtergipfel in L\u00fcbeck","untertitel":"G\u00fcnter Grass trifft R\u00fchmkorf und Enzensberger"},{"sig_full":"01.01.00.00.-1110","titel":"Schlager im Ohr","untertitel":null},{"sig_full":"01.01.00.00.-0510","titel":"Gespr\u00e4ch mit Heinz Ludwig Arnold (Rohfassung)","untertitel":null},{"sig_full":"01.01.00.00.-0188","titel":"Ausgefragt","untertitel":"G\u00fcnter Grass liest 7 Gedichte (aus \"Ausgefragt\")"},{"sig_full":"01.01.00.00.-0255","titel":"In Ohnmacht gefallen","untertitel":"Lesung des Gedichtes aus dem Band \"Ausgefragt\""},{"sig_full":"01.01.00.00.-0263","titel":"Ausgefragt","untertitel":"G\u00fcnter Grass liest 6 eigene Gedichte aus seinem Lyrikband"},{"sig_full":"01.01.00.00.-1754","titel":"G\u00fcnter Grass liest und diskutiert mit Sch\u00fclern des West-Berliner Humboldt-Gymnasiums","untertitel":"Lesung und Diskussion \u00fcber Fragen der Lyrik"},{"sig_full":"01.01.00.00.-1933","titel":"Lyrik der vergangenen Jahrzehnte","untertitel":null},{"sig_full":"01.01.00.00.-1564","titel":"Nobelpreis f\u00fcr Literatur an den deutschen Schriftsteller (arabisch)","untertitel":null},{"sig_full":"01.01.00.00.-0262","titel":"Ge\u00f6ffneter Schrank - G\u00fcnter Grass liest ein Gedicht aus dem Band \"Die Vorz\u00fcge der Windh\u00fchner\" und Interpretation des Gedichts von Klaus Wagenbach","untertitel":null},{"sig_full":"01.01.00.00.-0614","titel":"L\u00fcbecker Werkstattbericht","untertitel":"Sechs Vorlesungen an der Medizinischen Universit\u00e4t L\u00fcbeck"},{"sig_full":"01.01.00.00.-1241","titel":"Almanach der Woche: Der Aufruf \"Hilfe f\u00fcr Israel\"","untertitel":null},{"sig_full":"01.01.00.00.-1817","titel":"Heinz Ludwig Arnold interviewt Schriftsteller in den Jahren von 1970-1974","untertitel":null},{"sig_full":"01.01.00.00.-0009","titel":"Lesung vor Kollegen","untertitel":"G\u00fcnter Grass liest f\u00fcnf eigene Gedichte (Ausschnitt aus einer Lesung vor der \"Gruppe 47\" in der G\u00f6hrde 1961)"},{"sig_full":"01.01.00.00.-0520","titel":"Kleckerburg","untertitel":null},{"sig_full":"01.01.00.00.-0328","titel":"Das Vivarium des G.G. - Eine Diskussion zum 60. Geburtstag von G\u00fcnter Grass","untertitel":"(kein O-Ton Grass)"},{"sig_full":"01.02.00.00.-1933","titel":"Lyrik der vergangenen Jahrzehnte","untertitel":null}]},{"word":"Advent","dsets":[{"sig_full":"01.01.00.00.-0940","titel":"Lyriker-Treffen in L\u00fcbeck","untertitel":null},{"sig_full":"01.01.00.00.-1799","titel":"Lesung \"Advent\"","untertitel":null},{"sig_full":"01.01.00.00.-0606","titel":"Lyrische Beute - Gedichte aus f\u00fcnfzig Jahren","untertitel":"Rohmaterial zur sp\u00e4teren Ver\u00f6ffentlichung \"Lyrische Beute\" auf 3 CDs"},{"sig_full":"01.01.00.00.-0951","titel":"Dichtergipfel in L\u00fcbeck","untertitel":"G\u00fcnter Grass trifft R\u00fchmkorf und Enzensberger"},{"sig_full":"01.01.00.00.-0188","titel":"Ausgefragt","untertitel":"G\u00fcnter Grass liest 7 Gedichte (aus \"Ausgefragt\")"},{"sig_full":"01.01.00.00.-0614","titel":"L\u00fcbecker Werkstattbericht","untertitel":"Sechs Vorlesungen an der Medizinischen Universit\u00e4t L\u00fcbeck"}]},{"word":"M\u00e4rz","dsets":[{"sig_full":"01.01.00.00.-0940","titel":"Lyriker-Treffen in L\u00fcbeck","untertitel":null},{"sig_full":"01.01.00.00.-0370","titel":"Ein Abend f\u00fcr G\u00fcnter Grass","untertitel":"Aufzeichnung einer Veranstaltung im Hamburger Thalia-Theater zum 70. Geburtstag"},{"sig_full":"01.01.00.00.-0606","titel":"Lyrische Beute - Gedichte aus f\u00fcnfzig Jahren","untertitel":"Rohmaterial zur sp\u00e4teren Ver\u00f6ffentlichung \"Lyrische Beute\" auf 3 CDs"},{"sig_full":"01.01.00.00.-0951","titel":"Dichtergipfel in L\u00fcbeck","untertitel":"G\u00fcnter Grass trifft R\u00fchmkorf und Enzensberger"},{"sig_full":"01.01.00.00.-0188","titel":"Ausgefragt","untertitel":"G\u00fcnter Grass liest 7 Gedichte (aus \"Ausgefragt\")"},{"sig_full":"01.01.00.00.-0274","titel":"Die Gruppe 47 in Princeton (mit Lyrik-Lesung von Grass)","untertitel":"Dokumentation der 28. Tagung der Gruppe 47"}]},{"word":"Kleckerburg","dsets":[{"sig_full":"01.01.00.00.-0940","titel":"Lyriker-Treffen in L\u00fcbeck","untertitel":null},{"sig_full":"01.01.00.00.-0432","titel":"Bei dieser Gelegenheit","untertitel":"Gedichte aus vierzig Jahren"},{"sig_full":"01.01.00.00.-1072","titel":"G\u00fcnter Grass in Danzig \u2013 ein paar Meinungen. (Poln.)","untertitel":"Standpunkte"},{"sig_full":"01.01.00.00.-1064","titel":"G\u00fcnter Grass in der Heimat (Poln.)","untertitel":"mit O-T\u00f6nen von G\u00fcnter Grass"},{"sig_full":"01.01.00.00.-1028","titel":"Kleckerburg verloren","untertitel":"G\u00fcnter Grass - Von Danzig nach Gdansk"},{"sig_full":"01.01.00.00.-0606","titel":"Lyrische Beute - Gedichte aus f\u00fcnfzig Jahren","untertitel":"Rohmaterial zur sp\u00e4teren Ver\u00f6ffentlichung \"Lyrische Beute\" auf 3 CDs"},{"sig_full":"01.01.00.00.-0951","titel":"Dichtergipfel in L\u00fcbeck","untertitel":"G\u00fcnter Grass trifft R\u00fchmkorf und Enzensberger"},{"sig_full":"01.01.00.00.-0520","titel":"Kleckerburg","untertitel":null}]},{"word":"Die K\u00f6chin k\u00fcsst","dsets":[{"sig_full":"01.01.00.00.-0940","titel":"Lyriker-Treffen in L\u00fcbeck","untertitel":null}]},{"word":"Der Butt","dsets":[{"sig_full":"01.01.00.00.-0940","titel":"Lyriker-Treffen in L\u00fcbeck","untertitel":null},{"sig_full":"01.01.00.00.-0537","titel":"Fortsetzung folgt ...","untertitel":"Rede zur Verleihung des Literaturnobelpreises"},{"sig_full":"01.01.00.00.-0244","titel":"Der Butt - Kapitel \"Die andere Wahrheit\"","untertitel":"Vorablesung aus dem \"Sechsten Monat\""},{"sig_full":"01.01.00.00.-1032","titel":"G\u00fcnter Grass - Portr\u00e4t","untertitel":null},{"sig_full":"01.01.00.00.-1509","titel":"Die Pyramide der Freundschaft (japan.)","untertitel":"Lesung von Kinichi Nakata"},{"sig_full":"01.01.00.00.-0988","titel":"Wer h\u00f6rt noch zu?","untertitel":null},{"sig_full":"01.01.00.00.-0863","titel":"Nachtschwester Kroymann","untertitel":null},{"sig_full":"01.01.00.00.-0522","titel":"Gespr\u00e4ch mit G\u00fcnter Grass und Per \u00d8hrgaard","untertitel":"Anl\u00e4sslich des \u00dcbersetzertreffens zu \"Mein Jahrhundert\""},{"sig_full":"01.01.00.00.-0942","titel":"Dichterlesung Grass in M\u00fcnchen","untertitel":null},{"sig_full":"01.01.00.00.-0430","titel":"Portr\u00e4t-Film 1988","untertitel":"Ton-Rohmaterial"},{"sig_full":"01.01.00.00.-0172","titel":"Der Schriftsteller: G\u00fcnter Grass - Gespr\u00e4ch auf der Frankfurter Buchmesse (mit Musikzuspielen)","untertitel":null},{"sig_full":"01.01.00.00.-1141","titel":"Hund und Katz' und Maus, Schnecke, Butt und Ratte","untertitel":"Kritik der Grass-Kritik"},{"sig_full":"01.01.00.00.-0088","titel":"G\u00fcnter Grass im Gespr\u00e4ch","untertitel":null},{"sig_full":"01.01.00.00.-1107","titel":"Radioskop: G\u00fcnter Grass \u00fcber  \"Ein weites Feld\"","untertitel":null},{"sig_full":"01.01.00.00.-0026","titel":"Literaturkritik heute - Selbstherrlichkeit, Schauk\u00e4mpfe, Triumph des Sekund\u00e4ren","untertitel":"Gespr\u00e4ch mit G\u00fcnter Grass"},{"sig_full":"01.01.00.00.-0971","titel":"Komm, Trost der Nacht","untertitel":null},{"sig_full":"01.01.00.00.-1771","titel":"Schriftsteller, Politik und Stilfragen","untertitel":"Diskussion und Lesung  mit West-Berliner Sch\u00fclern zu \"Der Butt\""},{"sig_full":"01.01.00.00.-0368","titel":"Der polnische Grass-\u00dcbersetzer Slawomir Blaut","untertitel":null},{"sig_full":"01.01.00.00.-0246","titel":"Vorablesung aus \"Der Butt\" - Kapitel \"Bis zum Erbrechen\" aus dem neunten Monat.","untertitel":null},{"sig_full":"01.01.00.00.-0387","titel":"Ausschnitte aus einer Pressekonferenz des VS auf der Frankfurter Buchmesse zum Thema \"Tarifvertr\u00e4ge f\u00fcr Schriftsteller\"","untertitel":"Ausschnitte aus einer Pressekonferenz des VS auf der Frankfurter Buchmesse 1977"},{"sig_full":"01.01.00.00.-0586","titel":"Das Treffen in Telgte - eine Rezension","untertitel":null},{"sig_full":"01.01.00.00.-0083","titel":"Von Beruf Handwerker","untertitel":"Ein Werkstattbericht"},{"sig_full":"01.01.00.00.-1425","titel":"Themenschwerpunkte im Werk von G\u00fcnter Grass","untertitel":"Interview anl\u00e4\u00dflich der Austellung \"W\u00f6rtliche Bilder\" in H\u00fcrth"},{"sig_full":"01.01.00.00.-0907","titel":"J\u00f6rg Dieter Kogel im Gespr\u00e4ch mit G\u00fcnter Grass","untertitel":"Literaturforum"},{"sig_full":"01.01.00.00.-0972","titel":"F\u00fcr Aufbr\u00fcche an andere Orte jederzeit vorbereitet","untertitel":"G\u00fcnter Grass im Gespr\u00e4ch mit Dr. Erhard Kluge anl\u00e4sslich seines 70. Geburtstages in seinem L\u00fcbecker Haus"},{"sig_full":"01.01.00.00.-0858","titel":"Grass' Vorgehen gegen ihn","untertitel":null},{"sig_full":"01.01.00.00.-1057","titel":"B\u00fccher, B\u00fccher \u2013 G\u00fcnter Grass 1992","untertitel":"Zur Neuerscheinung \"F\u00fcnf Jahrzehnte - Ein Werkstattbericht\" und \"Unkenrufe\""},{"sig_full":"01.01.00.00.-0027","titel":"\u00dcber die Deutsche Einheit und den Roman \"Unkenrufe\"","untertitel":"Gespr\u00e4ch mit G\u00fcnter Grass"},{"sig_full":"01.01.00.00.-0025","titel":"Ein weites Feld - Historienbild mit skandaltr\u00e4chtiger Untermalung","untertitel":"Ein Gespr\u00e4ch mit G\u00fcnter Grass \u00fcber seinen Roman"},{"sig_full":"01.01.00.00.-1788","titel":"Eindr\u00fccke der Polen Reise 1981","untertitel":null},{"sig_full":"01.01.00.00.-0610","titel":"Des Knaben Wunderhorn oder die andere Wahrheit","untertitel":null},{"sig_full":"01.01.00.00.-1446","titel":"G\u00fcnter Grass im Gef\u00e4ngnis","untertitel":"Lesung in der JVA Tegel"},{"sig_full":"01.01.00.00.-1127","titel":"Gespr\u00e4ch mit G\u00fcnter Grass Tl. 1","untertitel":null},{"sig_full":"01.01.00.00.-0953","titel":"Grass liest in der Herzog-August-Bibliothek","untertitel":"Das Treffen in Telgte"},{"sig_full":"01.01.00.00.-0903","titel":"Gespr\u00e4chszeit - J\u00f6rg Dieter Kogel im Gespr\u00e4ch mit G\u00fcnter Grass","untertitel":null},{"sig_full":"01.01.00.00.-1059","titel":"G\u00fcnter Grass von der Lelewelastrasse (Poln.)","untertitel":null},{"sig_full":"01.01.00.00.-1139","titel":"Neun oder elf K\u00f6chinnen","untertitel":"Literarische Gaumenfreuden (Tl. 9)"},{"sig_full":"01.01.00.00.-1131","titel":"Vom B\u00fcrgerschreck zum Gewissen der Nation","untertitel":"G\u00fcnter Grass zum 60. Geburtstag"},{"sig_full":"01.01.00.00.-1523","titel":"Vargas Llosa und Jaramillo \u00fcber Lateinamerika, Demokratie und die Medien (spanisch)","untertitel":null},{"sig_full":"01.01.00.00.-1765","titel":"\u00dcber die Geschichte der Lesungen und die Geschichte der K\u00f6chinnen","untertitel":"Aus den Kapiteln \"In die Pilze gegangen\" und \"Unterm Sauerampfer versteckt\" aus \"Der Butt\""},{"sig_full":"01.01.00.00.-0969","titel":"Gespr\u00e4ch bei einer Ausstellungser\u00f6ffnung kurz vor Ver\u00f6ffentlichung von \"Ein weites Feld\"","untertitel":null},{"sig_full":"01.01.00.00.-0097","titel":"50 Jahre Gruppe 47 (1)","untertitel":"Diskussion mit Peter Bichsel, G\u00fcnter Grass und Walter H\u00f6llerer"},{"sig_full":"01.01.00.00.-0956","titel":"\u00dcbersetzer-Konferenz","untertitel":"Kurzinterviews mit vier \u00dcbersetzern"},{"sig_full":"01.01.00.00.-0877","titel":"Ausstellungs-Er\u00f6ffnung in G\u00f6ttingen","untertitel":null},{"sig_full":"01.01.00.00.-0514","titel":"Literarischer Sommer im Funkhaus Hannover","untertitel":null},{"sig_full":"01.01.00.00.-0019","titel":"Kinder, wir spielen Verlaufen","untertitel":"Lyrik, gelesen von Matthias Ponnier"},{"sig_full":"01.01.00.00.-0481","titel":"Von der Last b\u00f6ser Zeit - Autorenlesung","untertitel":null},{"sig_full":"01.01.00.00.-0876","titel":"Kronprinz Frederik von D\u00e4nemark und Prinzessin Mary enth\u00fcllen die Plastik von G\u00fcnter Grass","untertitel":null},{"sig_full":"01.01.00.00.-0367","titel":"G\u00fcnter Grass und seine \u00dcbersetzer","untertitel":null},{"sig_full":"01.01.00.00.-0245","titel":"Vorablesung aus \"Der Butt\" - Kapitel \"Ein Abwasch\"","untertitel":null},{"sig_full":"01.01.00.00.-0565","titel":"Das Treffen in Telgte - vollst\u00e4ndige Lesung (5 CDs)","untertitel":null},{"sig_full":"01.01.00.00.-0518","titel":"Deutsche Lebensl\u00e4ufe: G\u00fcnter Grass","untertitel":"Portr\u00e4t (3 Takes)"},{"sig_full":"01.01.00.00.-0091","titel":"Der Butt - Warum Kartoffelsuppe himmlisch schmeckt","untertitel":"G\u00fcnter Grass liest aus seinem Roman"},{"sig_full":"01.01.00.00.-0726","titel":"Butt-\u00dcbersetzer aus aller Welt","untertitel":null},{"sig_full":"01.01.00.00.-1798","titel":"Gespr\u00e4ch anl\u00e4\u00dflich des Erscheinens der Werkausgabe bei Luchterhand","untertitel":null},{"sig_full":"01.01.00.00.-0103","titel":"Die R\u00e4ttin","untertitel":"Interview mit G\u00fcnter Grass \u00fcber seinen Roman (tel.)"},{"sig_full":"01.01.00.00.-0833","titel":"ARD Morgenmagazin 6.10.2004","untertitel":"G\u00fcnter Grass als K\u00fcnstler"},{"sig_full":"01.01.00.00.-0603","titel":"G\u00fcnter Grass zum 75. Geburtstag - Freunde lesen Grass","untertitel":"G\u00fcnter Grass in der freien Akademie der K\u00fcnste in Hamburg"},{"sig_full":"01.01.00.00.-0701","titel":"Buchmesse in Frankfurt","untertitel":"Tagesschau"},{"sig_full":"01.01.00.00.-0054","titel":"Ich bin ein Zeit-Genosse","untertitel":"Gespr\u00e4ch mit G\u00fcnter Grass \u00fcber Deutscht\u00fcmelei, Kulturprotzerei und seine Vers\u00f6hnung mit Bremen"},{"sig_full":"01.01.00.00.-0480","titel":"Phantasie als Existenznotwendigkeit","untertitel":"Siegfried Lenz im Gespr\u00e4ch mit G\u00fcnter Grass"},{"sig_full":"01.01.00.00.-0787","titel":"Interview mit G\u00fcnter Grass zu \"Mein Jahrhundert\" (Rohfassung)","untertitel":"G\u00fcnter Grass zu 'Mein Jahrhundert' befragt von J\u00f6rg-Dieter Kogel und Harro Zimmermann"},{"sig_full":"01.01.00.00.-0484","titel":"Gespr\u00e4ch mit G\u00fcnter Grass","untertitel":"Buten & Binnen - Stadtschnack"},{"sig_full":"01.01.00.00.-1202","titel":"WestArt: G\u00fcnter Grass: Grafik und Skulptur","untertitel":"Ausstellung: \"Ohne die Feder zu wechseln\""},{"sig_full":"01.01.00.00.-0488","titel":"G\u00fcnter Grass zu \"Mein Jahrhundert\"","untertitel":"befragt von J\u00f6rg-Dieter Kogel und Harro Zimmermann"},{"sig_full":"01.01.00.00.-0482","titel":"G\u00fcnter Grass-Ausstellung in der Galerie Bollhagen in Worpswede","untertitel":null},{"sig_full":"01.01.00.00.-1064","titel":"G\u00fcnter Grass in der Heimat (Poln.)","untertitel":"mit O-T\u00f6nen von G\u00fcnter Grass"},{"sig_full":"01.01.00.00.-0346","titel":"Gestillt (?)","untertitel":null},{"sig_full":"01.01.00.00.-0084","titel":"Das Wappentier der Republik - G\u00fcnter Grass","untertitel":"Portr\u00e4t anl\u00e4\u00dflich des 70. Geburtstages (mit zahlreichen O-T\u00f6nen)"},{"sig_full":"01.01.00.00.-1028","titel":"Kleckerburg verloren","untertitel":"G\u00fcnter Grass - Von Danzig nach Gdansk"},{"sig_full":"01.01.00.00.-1768","titel":"\u00dcber die Planung des Films \"Die Blechtrommel\"","untertitel":"Volker Schl\u00f6ndorff und G\u00fcnter Grass sprechen \u00fcber die Vorbereitungsphase"},{"sig_full":"01.01.00.00.-1819","titel":"Heinz Ludwig Arnold interviewt Schriftsteller in den Jahren von 1977-1999","untertitel":null},{"sig_full":"01.01.00.00.-0360","titel":"Gebrannte Erde","untertitel":"Rohmaterial der Lesung f\u00fcr \"Extratext\""},{"sig_full":"01.01.00.00.-1019","titel":"Harro Zimmermann spricht mit G\u00fcnter Grass","untertitel":null},{"sig_full":"01.01.00.00.-1386","titel":"SpielArt: Vatertag","untertitel":"Lesung aus \"der Butt\" von G\u00fcnter Grass"},{"sig_full":"01.01.00.00.-0913","titel":"Da sagte der Butt","untertitel":"Lyrik und Prosa - Schlagzeug und Perkussion"},{"sig_full":"01.01.00.00.-1529","titel":"Mit den Augen eines Malers","untertitel":"\u00dcber \"Ein weites Feld\""},{"sig_full":"01.01.00.00.-0995","titel":"Grass, G\u00fcnter  -  Jahrgang 1927","untertitel":"Fassung 1995"},{"sig_full":"01.01.00.00.-1211","titel":"Morgenmagazin: Nobelpreis f\u00fcr G\u00fcnter Grass","untertitel":null},{"sig_full":"01.01.00.00.-0997","titel":"Wechselrede 1995","untertitel":"Gespr\u00e4ch \u00fcber \u201eEin weites Feld\u201c"},{"sig_full":"01.01.00.00.-0556","titel":"Der spanische Grass-\u00dcbersetzer Miguel Saenz","untertitel":null},{"sig_full":"01.01.00.00.-1128","titel":"Gespr\u00e4ch mit G\u00fcnter Grass","untertitel":null},{"sig_full":"01.01.00.00.-1775","titel":"Vom Dichter zum Politiker?","untertitel":"Kurz nach dem Eintritt in die SPD spricht G\u00fcnter Grass \u00fcber politische Ambitionen und Literatur"},{"sig_full":"01.01.00.00.-1526","titel":"Der Erwerb der Taschenbuchrechte f\u00fcr G\u00fcnter Grass Titel","untertitel":"Internationale Buchmesse Frankfurt 1993 - DTV-Verleger Wolfram G\u00f6bel im Interview"},{"sig_full":"01.01.00.00.-0127","titel":"\"Der Butt\" - Gespr\u00e4ch mit G\u00fcnter Grass \u00fcber seinen neuen Roman","untertitel":null},{"sig_full":"01.01.00.00.-1073","titel":"G\u00fcnter Grass in Danzig, Teil 1 und 2 (Poln.)","untertitel":"Ein Bericht \u00fcber das Treffen mit dem Leserpublikum an der Universit\u00e4t Gda\u0144sk"},{"sig_full":"01.01.00.00.-0558","titel":"G\u00fcnter Grass und seine \u00dcbersetzer","untertitel":"Art und Weise - Funkhaus Europa (Spezial)"},{"sig_full":"01.01.00.00.-1812","titel":"K\u00fcnstlerbiographie G\u00fcnter Grass","untertitel":"Umfassendes Portr\u00e4t von 2011"},{"sig_full":"01.01.00.00.-0557","titel":"Der d\u00e4nische Grass-\u00dcbersetzer Per \u00d8hrgaard","untertitel":"Telefoninterview"},{"sig_full":"01.01.00.00.-1457","titel":"G\u00fcnter Grass liest \"Der Butt\"","untertitel":"Vollst\u00e4ndige Lesung. H\u00f6rbuch"},{"sig_full":"01.01.00.00.-0534","titel":"Nobler Herr im Frack","untertitel":"Harro Zimmermann im Gespr\u00e4ch mit G\u00fcnter Grass nach der Nobelpreisverleihung"},{"sig_full":"01.01.00.00.-0462","titel":"Trommler und Schnecke: G\u00fcnter Grass im Gespr\u00e4ch","untertitel":null},{"sig_full":"01.01.00.00.-1544","titel":"Drei W\u00fcnsche von G\u00fcnter Grass zum 70. Geburtstag","untertitel":null},{"sig_full":"01.01.00.00.-0023","titel":"\u00dcber \"Unkenrufe\"","untertitel":"Ein Gespr\u00e4ch mit G\u00fcnter Grass \u00fcber die Wirkung seines Romans"},{"sig_full":"01.01.00.00.-0181","titel":"Der Butt - Lesung der Kapitel Ein Abwasch und Schonischer Hering","untertitel":"Mitschnitt einer Veranstaltung im Funkhaus des SDR"},{"sig_full":"01.01.00.00.-0024","titel":"Unkenrufe","untertitel":"G\u00fcnter Grass liest vier Kapitel aus seinem Roman"},{"sig_full":"01.01.00.00.-0018","titel":"Zeichnen und Schreiben: Gespr\u00e4ch mit G\u00fcnter Grass","untertitel":null},{"sig_full":"01.01.00.00.-1143","titel":"Making of der Lesung \"der Butt\"","untertitel":null},{"sig_full":"01.01.00.00.-0507","titel":"Gespr\u00e4ch mit Heinz Ludwig Arnold (Rohmaterial)","untertitel":null},{"sig_full":"01.01.00.00.-0417","titel":"Herzlichen Gl\u00fcckwunsch, G\u00fcnter Grass - Ein Personenportr\u00e4t zum 65. Geburtstag","untertitel":null},{"sig_full":"01.01.00.00.-0770","titel":"Grass Interview - Deutsche Gegenwartsliteratur in der VR China als Raubdrucke","untertitel":"40. Frankfurter Buchmesse 1988"},{"sig_full":"01.01.00.00.-0571","titel":"Ohne die Tinte zu wechseln","untertitel":"G\u00fcnter Grass anl\u00e4\u00dflich der Er\u00f6ffnung des G\u00fcnter-Grass-Hauses am 20. Oktober 2002 im Gro\u00dfen Haus des Theaters L\u00fcbeck"},{"sig_full":"01.01.00.00.-0521","titel":"Laudatio zur Verleihung der Hermann-Kesten-Medaille an G\u00fcnter Grass","untertitel":"Gek\u00fcrzte Radio-Fassung der Rede"},{"sig_full":"01.01.00.00.-1443","titel":"Er\u00f6ffnung der Grass-Galerie in Danzig","untertitel":"Grassomania 2009"},{"sig_full":"01.01.00.00.-1561","titel":"Eine deutsche Topographie","untertitel":"Zu den Motiven der Entstehung von \"Mein Jahrhundert\""},{"sig_full":"01.01.00.00.-1495","titel":"Der Autor als Stifter","untertitel":"\u00dcber den Alfred- D\u00f6blin-Preis"},{"sig_full":"01.01.00.00.-1560","titel":"Ich war arm wie eine Kirchenmaus","untertitel":"Wiederholung des Gespr\u00e4chs zum  70. Geburtstags vom 16.10.1997 in Ausschnitten anl\u00e4sslich des Literaturnobelpreises"},{"sig_full":"01.01.00.00.-1082","titel":"Grass bekommt den Titel Doctor Honoris Causa der Universit\u00e4t Gda\u0144sk (Poln.)","untertitel":null},{"sig_full":"01.01.00.00.-0199","titel":"Die sozialdemokratische W\u00e4hlerinitiative - Gespr\u00e4ch mit G\u00fcnter Grass","untertitel":null},{"sig_full":"01.01.00.00.-1219","titel":"Tagesgespr\u00e4ch mit G\u00fcnter Grass \u00fcber \"Unkenrufe\"","untertitel":"Gespr\u00e4ch zur Ver\u00f6ffentlichung von \"Unkenrufe\" auf der Leipziger Buchmesse"},{"sig_full":"01.01.00.00.-1564","titel":"Nobelpreis f\u00fcr Literatur an den deutschen Schriftsteller (arabisch)","untertitel":null},{"sig_full":"01.01.00.00.-1631","titel":"Zu Besuch im Goethe-Institut Kalkutta","untertitel":"Lesung und Diskussion im Max M\u00fcller Bhavan in Kolkata"},{"sig_full":"01.01.00.00.-0614","titel":"L\u00fcbecker Werkstattbericht","untertitel":"Sechs Vorlesungen an der Medizinischen Universit\u00e4t L\u00fcbeck"},{"sig_full":"01.01.00.00.-1962","titel":"Entwicklung und  Arbeitsprozesse im Werkstattbericht \"Vier Jahrzehnte\"","untertitel":null},{"sig_full":"01.01.00.00.-1226","titel":"Spectrum: G\u00fcnter Grass zum Paragraphen 218","untertitel":null},{"sig_full":"01.01.00.00.-1621","titel":"G\u00fcnter Grass und das G\u00fcnter Grass Haus in L\u00fcbeck","untertitel":"Telefoninterview mit der chinesischen Redaktion \u00fcber Politik und Grass' Arbeit"},{"sig_full":"01.01.00.00.-1605","titel":"Grass-Rezeption in China","untertitel":"\u00dcber die H\u00fcrden bei Grass-\u00dcbersetzungen und Ver\u00f6ffentlichungen"},{"sig_full":"01.01.00.00.-1253","titel":"G\u00fcnter Grass 1981","untertitel":"Biographisches Portr\u00e4t"},{"sig_full":"01.01.00.00.-1254","titel":"K\u00f6lner Treff 1977","untertitel":"G\u00fcnter Grass als Gast"},{"sig_full":"01.01.00.00.-1678","titel":"Happy Birthday  Mr. Grass!","untertitel":"Gratulationen aus aller Welt  zum 80. Geburtstag"},{"sig_full":"01.01.00.00.-1287","titel":"G\u00fcnter Grass zu \"Mein Jahrhundert\" (Sendefassung)","untertitel":"Befragt von J\u00f6rg-Dieter Kogel und Harro Zimmermann"},{"sig_full":"01.01.00.00.-1697","titel":"Entstehungsgeschichte \"Ein weites Feld\"","untertitel":"Ein sehr pers\u00f6nliches Interview mit Publikum"},{"sig_full":"01.01.00.00.-1285","titel":"G\u00fcnter Grass zu \"Mein Jahrhundert\" (Rohfassung)","untertitel":"Befragt von J\u00f6rg-Dieter Kogel und Harro Zimmermann"},{"sig_full":"01.01.00.00.-1929","titel":"\"Der Butt im Griff\" und \"der Schatten\" in D\u00e4nemark","untertitel":null},{"sig_full":"01.01.00.00.-0894","titel":"Lyrische Beute","untertitel":"140 Gedichte aus f\u00fcnfzig Jahren"},{"sig_full":"01.01.00.00.-1711","titel":"Liebeserkl\u00e4rung an die deutsche Sprache","untertitel":"G\u00fcnter Grass im Gespr\u00e4ch mit Prof. H. Detering"},{"sig_full":"01.01.00.00.-1417","titel":"Zu Besuch im schwarzen Fulda","untertitel":"Ausstellungser\u00f6ffnung \"Auf einem anderen Blatt\""},{"sig_full":"01.01.00.00.-0153","titel":"Ein Tag mit G\u00fcnter Grass (bengali)","untertitel":"Portr\u00e4t des Schriftstellers, Grafikers und Bildhauers, Grass-O-T\u00f6ne (?)"},{"sig_full":"01.01.00.00.-0515","titel":"Interview mit Stefan Lohr","untertitel":"Grass als bildender K\u00fcnstler (Rohfassung)"},{"sig_full":"01.01.00.00.-0680","titel":"Gratwanderung zwischen Sprachen und Kulturen (Palermo)","untertitel":"Wolfgang Rumpf im Gespr\u00e4ch mit G\u00fcnter Grass"},{"sig_full":"01.01.00.00.-0144","titel":"Der Butt: Eine Ern\u00e4hrungsgeschichte - Interview mit G\u00fcnter Grass \u00fcber die Arbeit an seinem noch unver\u00f6ffentlichten Roman","untertitel":null},{"sig_full":"01.01.00.00.-0145","titel":"R\u00fcckblende Blechtrommel","untertitel":null},{"sig_full":"01.01.00.00.-0148","titel":"Schaupl\u00e4tze der Weltliteratur - G\u00fcnter Grass und Danzig","untertitel":"Interview und Lesung aus dem Roman \"Der Butt\", Ausz\u00fcge aus Kapitel 1, \"Die dritte Brust\", \"Ach Butt, dein M\u00e4rchen geht b\u00f6se aus\" + Gespr\u00e4ch"},{"sig_full":"01.01.00.00.-0160","titel":"Bericht \u00fcber G\u00fcnter Grass und sein neues Buch \"Zunge zeigen\" (bengali)","untertitel":null},{"sig_full":"01.01.00.00.-0365","titel":"Der Stein muss immer bewegt werden","untertitel":"G\u00fcnter Grass im Gespr\u00e4ch mit J\u00f6rg-Dieter Kogel und Harro Zimmermann"},{"sig_full":"01.01.00.00.-0157","titel":"Gespr\u00e4ch mit G\u00fcnter Grass zum 60. Geburtstag (darin: Lesung des Gedichts \"Orpheus\")","untertitel":null},{"sig_full":"01.01.00.00.-0364","titel":"Zwei Jahrhunderte werden besichtigt","untertitel":"Gespr\u00e4ch mit G\u00fcnter Grass \u00fcber \"Ein weites Feld\""},{"sig_full":"01.01.00.00.-0374","titel":"Mannomann (Gedicht aus dem Roman \"Der Butt\")","untertitel":"Lesung auf der letzten Tagung der Gruppe 47, 16.-19.09. 1977"},{"sig_full":"01.01.00.00.-1688","titel":"Pilze und Sauerampfer","untertitel":"Lesung aus \"Der Butt\""},{"sig_full":"01.01.00.00.-1971","titel":"Die Indien-Erfahrungen","untertitel":null},{"sig_full":"02.01.01.00.-0011","titel":"News-Filmbestand","untertitel":"Der Butt"},{"sig_full":"02.01.01.00.-0001","titel":"Der Butt","untertitel":"Ein Interview mit G\u00fcnter Grass zu seinem neuen Roman"},{"sig_full":"02.01.05.00.-0001","titel":"Galeristin Marita Ruiter","untertitel":"Karriere in Luxemburg"},{"sig_full":"01.01.00.00.-0240","titel":"Kopfgeburten - G\u00fcnter Grass liest in besetztem Haus (Berlin: B\u00fclowstr. 52)","untertitel":null}]},{"word":"Fundsachen f\u00fcr Nichtleser","dsets":[{"sig_full":"01.01.00.00.-0940","titel":"Lyriker-Treffen in L\u00fcbeck","untertitel":null},{"sig_full":"01.01.00.00.-0370","titel":"Ein Abend f\u00fcr G\u00fcnter Grass","untertitel":"Aufzeichnung einer Veranstaltung im Hamburger Thalia-Theater zum 70. Geburtstag"},{"sig_full":"01.01.00.00.-1907","titel":"Als Gastprofessor an der medizinischen Fakult\u00e4t der Universit\u00e4t zu L\u00fcbeck","untertitel":null},{"sig_full":"01.01.00.00.-0793","titel":"Goethe + Grass","untertitel":"KM Journal"},{"sig_full":"01.01.00.00.-0434","titel":"Fundsachen f\u00fcr Nichtleser - Autorenlesung","untertitel":null},{"sig_full":"01.01.00.00.-0831","titel":"Tour de Jemen","untertitel":"Lieder nach Gedichten von G\u00fcnter Grass"},{"sig_full":"01.01.00.00.-0083","titel":"Von Beruf Handwerker","untertitel":"Ein Werkstattbericht"},{"sig_full":"01.01.00.00.-1425","titel":"Themenschwerpunkte im Werk von G\u00fcnter Grass","untertitel":"Interview anl\u00e4\u00dflich der Austellung \"W\u00f6rtliche Bilder\" in H\u00fcrth"},{"sig_full":"01.01.00.00.-1018","titel":"Grass \u00fcber \"Mein Jahrhundert\"","untertitel":null},{"sig_full":"01.01.00.00.-0972","titel":"F\u00fcr Aufbr\u00fcche an andere Orte jederzeit vorbereitet","untertitel":"G\u00fcnter Grass im Gespr\u00e4ch mit Dr. Erhard Kluge anl\u00e4sslich seines 70. Geburtstages in seinem L\u00fcbecker Haus"},{"sig_full":"01.01.00.00.-1446","titel":"G\u00fcnter Grass im Gef\u00e4ngnis","untertitel":"Lesung in der JVA Tegel"},{"sig_full":"01.01.00.00.-1181","titel":"G\u00fcnter Grass Ausstellung \"Fundsachen f\u00fcr Nichtleser\"","untertitel":null},{"sig_full":"01.01.00.00.-0787","titel":"Interview mit G\u00fcnter Grass zu \"Mein Jahrhundert\" (Rohfassung)","untertitel":"G\u00fcnter Grass zu 'Mein Jahrhundert' befragt von J\u00f6rg-Dieter Kogel und Harro Zimmermann"},{"sig_full":"01.01.00.00.-1014","titel":"Gespr\u00e4ch mit Lohr","untertitel":null},{"sig_full":"01.01.00.00.-0488","titel":"G\u00fcnter Grass zu \"Mein Jahrhundert\"","untertitel":"befragt von J\u00f6rg-Dieter Kogel und Harro Zimmermann"},{"sig_full":"01.01.00.00.-0993","titel":"Steinmetz und anderes","untertitel":"Der K\u00fcnstler G\u00fcnter Grass"},{"sig_full":"01.01.00.00.-0908","titel":"Gespr\u00e4chzeit am Sonntag","untertitel":null},{"sig_full":"01.01.00.00.-0360","titel":"Gebrannte Erde","untertitel":"Rohmaterial der Lesung f\u00fcr \"Extratext\""},{"sig_full":"01.01.00.00.-0591","titel":"In gemischter Gesellschaft - Ausstellung zur Doppelbegabung G\u00fcnter Grass","untertitel":null},{"sig_full":"01.01.00.00.-0614","titel":"L\u00fcbecker Werkstattbericht","untertitel":"Sechs Vorlesungen an der Medizinischen Universit\u00e4t L\u00fcbeck"},{"sig_full":"01.01.00.00.-1287","titel":"G\u00fcnter Grass zu \"Mein Jahrhundert\" (Sendefassung)","untertitel":"Befragt von J\u00f6rg-Dieter Kogel und Harro Zimmermann"},{"sig_full":"01.01.00.00.-1905","titel":"Die Entstehung der Aquadichte in \"Fundsachen f\u00fcr Nichtleser\"","untertitel":null},{"sig_full":"01.01.00.00.-0515","titel":"Interview mit Stefan Lohr","untertitel":"Grass als bildender K\u00fcnstler (Rohfassung)"},{"sig_full":"02.01.02.00.-0001","titel":"G\u00fcnter Grass liest aus \"Fundsachen f\u00fcr Nichtleser\"","untertitel":null},{"sig_full":"02.01.05.00.-0001","titel":"Galeristin Marita Ruiter","untertitel":"Karriere in Luxemburg"}]},{"word":"Heiterer Morgen","dsets":[{"sig_full":"01.01.00.00.-0940","titel":"Lyriker-Treffen in L\u00fcbeck","untertitel":null},{"sig_full":"01.01.00.00.-0614","titel":"L\u00fcbecker Werkstattbericht","untertitel":"Sechs Vorlesungen an der Medizinischen Universit\u00e4t L\u00fcbeck"}]},{"word":"Farbenlehre","dsets":[{"sig_full":"01.01.00.00.-0940","titel":"Lyriker-Treffen in L\u00fcbeck","untertitel":null},{"sig_full":"01.01.00.00.-0432","titel":"Bei dieser Gelegenheit","untertitel":"Gedichte aus vierzig Jahren"},{"sig_full":"01.01.00.00.-0614","titel":"L\u00fcbecker Werkstattbericht","untertitel":"Sechs Vorlesungen an der Medizinischen Universit\u00e4t L\u00fcbeck"}]},{"word":"Als der Walzer in Mode kam","dsets":[{"sig_full":"01.01.00.00.-0940","titel":"Lyriker-Treffen in L\u00fcbeck","untertitel":null},{"sig_full":"01.01.00.00.-0785","titel":"G\u00fcnter Grass und sein verstorbener Freund Walter H\u00f6llerer","untertitel":"Die Dokumentation"}]},{"word":"Tango nocturno","dsets":[{"sig_full":"01.01.00.00.-0940","titel":"Lyriker-Treffen in L\u00fcbeck","untertitel":null},{"sig_full":"01.01.00.00.-0941","titel":"L\u00fcbecker Lyrikgipfel","untertitel":"Drei Kurzfeatures zur Lesung von G\u00fcnter Grass, Peter R\u00fchmkorf und Hans Magnus Enzensberger"},{"sig_full":"01.01.00.00.-0603","titel":"G\u00fcnter Grass zum 75. Geburtstag - Freunde lesen Grass","untertitel":"G\u00fcnter Grass in der freien Akademie der K\u00fcnste in Hamburg"}]},{"word":"Pan Kiehot","dsets":[{"sig_full":"01.01.00.00.-0940","titel":"Lyriker-Treffen in L\u00fcbeck","untertitel":null},{"sig_full":"01.01.00.00.-0636","titel":"Panorama: Beitrag 3, Ost-West Literatur","untertitel":null},{"sig_full":"01.01.00.00.-0432","titel":"Bei dieser Gelegenheit","untertitel":"Gedichte aus vierzig Jahren"},{"sig_full":"01.01.00.00.-1150","titel":"Die Kehrseite der Medaille","untertitel":"Der Lyriker G\u00fcnter Grass"},{"sig_full":"01.01.00.00.-0464","titel":"Feder & Fl\u00f6te - Dreizehn Gedichte wie Stegreifkompositionen","untertitel":"Geburtstagsst\u00e4ndchen - Willy Brandt"},{"sig_full":"01.01.00.00.-0606","titel":"Lyrische Beute - Gedichte aus f\u00fcnfzig Jahren","untertitel":"Rohmaterial zur sp\u00e4teren Ver\u00f6ffentlichung \"Lyrische Beute\" auf 3 CDs"},{"sig_full":"01.01.00.00.-0187","titel":"Gleisdreieck","untertitel":"G\u00fcnter Grass liest 7 Gedichte"}]},{"word":"Fortsetzung folgt","dsets":[{"sig_full":"01.01.00.00.-0537","titel":"Fortsetzung folgt ...","untertitel":"Rede zur Verleihung des Literaturnobelpreises"},{"sig_full":"01.01.00.00.-0534","titel":"Nobler Herr im Frack","untertitel":"Harro Zimmermann im Gespr\u00e4ch mit G\u00fcnter Grass nach der Nobelpreisverleihung"}]},{"word":"Die R\u00e4ttin","dsets":[{"sig_full":"01.01.00.00.-0537","titel":"Fortsetzung folgt ...","untertitel":"Rede zur Verleihung des Literaturnobelpreises"},{"sig_full":"01.01.00.00.-1032","titel":"G\u00fcnter Grass - Portr\u00e4t","untertitel":null},{"sig_full":"01.01.00.00.-0021","titel":"\"Mir tr\u00e4umte, ich m\u00fc\u00dfte Abschied nehmen\"","untertitel":"G\u00fcnter Grass liest das Gedicht aus seinem Roman \"Die R\u00e4ttin\""},{"sig_full":"01.01.00.00.-1354","titel":"Dichter, B\u00fcrger, Moralist","untertitel":"G\u00fcnter Grass im Gespr\u00e4ch mit Fritz Pleitgen anl\u00e4\u00dflich seines 75. Geburtstags"},{"sig_full":"01.01.00.00.-0056","titel":"Zunge zeigen - Ein Gespr\u00e4ch mit G\u00fcnter Grass \u00fcber sein Indien-Buch","untertitel":null},{"sig_full":"01.01.00.00.-0988","titel":"Wer h\u00f6rt noch zu?","untertitel":null},{"sig_full":"01.01.00.00.-0430","titel":"Portr\u00e4t-Film 1988","untertitel":"Ton-Rohmaterial"},{"sig_full":"01.01.00.00.-1141","titel":"Hund und Katz' und Maus, Schnecke, Butt und Ratte","untertitel":"Kritik der Grass-Kritik"},{"sig_full":"01.01.00.00.-0088","titel":"G\u00fcnter Grass im Gespr\u00e4ch","untertitel":null},{"sig_full":"01.01.00.00.-1797","titel":"Vorstellung  der Lyrik- und Prosasammlung \"Es war einmal ein Land\"","untertitel":null},{"sig_full":"01.01.00.00.-0092","titel":"Die R\u00e4ttin","untertitel":"G\u00fcnter Grass liest aus seinem Roman (3 Teile)"},{"sig_full":"01.01.00.00.-0966","titel":"Die R\u00e4ttin","untertitel":"Frei nach Motiven des gleichnamigen Romans von G\u00fcnter Grass"},{"sig_full":"01.01.00.00.-0416","titel":"Unkenrufe - Telefoninterview mit G\u00fcnter Grass zu seinem neuen Buch","untertitel":null},{"sig_full":"01.01.00.00.-0083","titel":"Von Beruf Handwerker","untertitel":"Ein Werkstattbericht"},{"sig_full":"01.01.00.00.-1425","titel":"Themenschwerpunkte im Werk von G\u00fcnter Grass","untertitel":"Interview anl\u00e4\u00dflich der Austellung \"W\u00f6rtliche Bilder\" in H\u00fcrth"},{"sig_full":"01.01.00.00.-0972","titel":"F\u00fcr Aufbr\u00fcche an andere Orte jederzeit vorbereitet","untertitel":"G\u00fcnter Grass im Gespr\u00e4ch mit Dr. Erhard Kluge anl\u00e4sslich seines 70. Geburtstages in seinem L\u00fcbecker Haus"},{"sig_full":"01.01.00.00.-0763","titel":"Was tut sich diese Woche in Hessen?","untertitel":"Kulturkalender"},{"sig_full":"01.01.00.00.-1057","titel":"B\u00fccher, B\u00fccher \u2013 G\u00fcnter Grass 1992","untertitel":"Zur Neuerscheinung \"F\u00fcnf Jahrzehnte - Ein Werkstattbericht\" und \"Unkenrufe\""},{"sig_full":"01.01.00.00.-0446","titel":"Es war einmal ein Land","untertitel":"G\u00fcnter Grass liest, G\u00fcnter \"Baby\" Sommer trommelt und spielt"},{"sig_full":"01.01.00.00.-1059","titel":"G\u00fcnter Grass von der Lelewelastrasse (Poln.)","untertitel":null},{"sig_full":"01.01.00.00.-1131","titel":"Vom B\u00fcrgerschreck zum Gewissen der Nation","untertitel":"G\u00fcnter Grass zum 60. Geburtstag"},{"sig_full":"01.01.00.00.-1074","titel":"Die Mandragore - Gedaechtnis und Generationen \u2013 ein Treffen mit G\u00fcnter Grass (Poln.)","untertitel":null},{"sig_full":"01.01.00.00.-0969","titel":"Gespr\u00e4ch bei einer Ausstellungser\u00f6ffnung kurz vor Ver\u00f6ffentlichung von \"Ein weites Feld\"","untertitel":null},{"sig_full":"01.01.00.00.-0080","titel":"Es war einmal ein Land - Die Trib\u00fcne - Glaube, Hoffnung, Liebe - Verk\u00fcndigung (3 Takes)","untertitel":"Feature zur Ver\u00f6ffentlichung der Lesung mit Schlagzeug"},{"sig_full":"01.01.00.00.-0514","titel":"Literarischer Sommer im Funkhaus Hannover","untertitel":null},{"sig_full":"01.01.00.00.-0019","titel":"Kinder, wir spielen Verlaufen","untertitel":"Lyrik, gelesen von Matthias Ponnier"},{"sig_full":"01.01.00.00.-0958","titel":"Goethe und Grass als Landschaftszeichner","untertitel":"Diesseits und Jenseits von Arkadien"},{"sig_full":"01.01.00.00.-1199","titel":"Es war einmal ein Land (CD Fassung)","untertitel":"Lyrik und Prosa - Schlagzeug und Perkussion"},{"sig_full":"01.01.00.00.-0998","titel":"Unser Verein","untertitel":null},{"sig_full":"01.01.00.00.-0518","titel":"Deutsche Lebensl\u00e4ufe: G\u00fcnter Grass","untertitel":"Portr\u00e4t (3 Takes)"},{"sig_full":"01.01.00.00.-0905","titel":"Peter R\u00fchmkorf und G\u00fcnter Grass auf der Frankfurter Buchmesse 2004","untertitel":"Literaturforum im NWR"},{"sig_full":"01.01.00.00.-0833","titel":"ARD Morgenmagazin 6.10.2004","untertitel":"G\u00fcnter Grass als K\u00fcnstler"},{"sig_full":"01.01.00.00.-0054","titel":"Ich bin ein Zeit-Genosse","untertitel":"Gespr\u00e4ch mit G\u00fcnter Grass \u00fcber Deutscht\u00fcmelei, Kulturprotzerei und seine Vers\u00f6hnung mit Bremen"},{"sig_full":"01.01.00.00.-0484","titel":"Gespr\u00e4ch mit G\u00fcnter Grass","untertitel":"Buten & Binnen - Stadtschnack"},{"sig_full":"01.01.00.00.-1202","titel":"WestArt: G\u00fcnter Grass: Grafik und Skulptur","untertitel":"Ausstellung: \"Ohne die Feder zu wechseln\""},{"sig_full":"01.01.00.00.-1014","titel":"Gespr\u00e4ch mit Lohr","untertitel":null},{"sig_full":"01.01.00.00.-1371","titel":"Gespr\u00e4ch mit G\u00fcnter Grass zum Golfkrieg und zur sozialen Situation der DDR","untertitel":null},{"sig_full":"01.01.00.00.-0993","titel":"Steinmetz und anderes","untertitel":"Der K\u00fcnstler G\u00fcnter Grass"},{"sig_full":"01.01.00.00.-0949","titel":"Die R\u00e4ttin - Rottesken","untertitel":"Opera based on the novel by G\u00fcnter Grass"},{"sig_full":"01.01.00.00.-0084","titel":"Das Wappentier der Republik - G\u00fcnter Grass","untertitel":"Portr\u00e4t anl\u00e4\u00dflich des 70. Geburtstages (mit zahlreichen O-T\u00f6nen)"},{"sig_full":"01.01.00.00.-0360","titel":"Gebrannte Erde","untertitel":"Rohmaterial der Lesung f\u00fcr \"Extratext\""},{"sig_full":"01.01.00.00.-1529","titel":"Mit den Augen eines Malers","untertitel":"\u00dcber \"Ein weites Feld\""},{"sig_full":"01.01.00.00.-0995","titel":"Grass, G\u00fcnter  -  Jahrgang 1927","untertitel":"Fassung 1995"},{"sig_full":"01.01.00.00.-0973","titel":"Wer lacht hier, hat gelacht?","untertitel":"Lyrik und Prosa. Schlagzeug und Percussion auf 2 Tonkassetten."},{"sig_full":"01.01.00.00.-0900","titel":"Harald Schmidt albert \u00fcber G\u00fcnter Grass","untertitel":"Nach G\u00fcnter Grass'  Besuch in Kalkutta"},{"sig_full":"01.01.00.00.-1073","titel":"G\u00fcnter Grass in Danzig, Teil 1 und 2 (Poln.)","untertitel":"Ein Bericht \u00fcber das Treffen mit dem Leserpublikum an der Universit\u00e4t Gda\u0144sk"},{"sig_full":"01.01.00.00.-0462","titel":"Trommler und Schnecke: G\u00fcnter Grass im Gespr\u00e4ch","untertitel":null},{"sig_full":"01.01.00.00.-0371","titel":"Dieselbe Tinte - G\u00fcnter Grass und Hans Mayer im Gespr\u00e4ch \u00fcber das Wort und das Bild","untertitel":null},{"sig_full":"01.01.00.00.-1155","titel":"Die R\u00e4ttin - Interview zur Verfilmung","untertitel":null},{"sig_full":"01.01.00.00.-0018","titel":"Zeichnen und Schreiben: Gespr\u00e4ch mit G\u00fcnter Grass","untertitel":null},{"sig_full":"01.01.00.00.-0506","titel":"Gespr\u00e4ch mit dem Schriftsteller","untertitel":null},{"sig_full":"01.01.00.00.-1899","titel":"Beginn der Dreharbeiten zu \"Die R\u00e4ttin\"","untertitel":null},{"sig_full":"01.01.00.00.-1900","titel":"Die Animation der R\u00e4ttin","untertitel":"Wie Animaltronic funktioniert"},{"sig_full":"01.01.00.00.-0521","titel":"Laudatio zur Verleihung der Hermann-Kesten-Medaille an G\u00fcnter Grass","untertitel":"Gek\u00fcrzte Radio-Fassung der Rede"},{"sig_full":"01.01.00.00.-1443","titel":"Er\u00f6ffnung der Grass-Galerie in Danzig","untertitel":"Grassomania 2009"},{"sig_full":"01.01.00.00.-1204","titel":"Dichter B\u00fcrger Moralist","untertitel":"G\u00fcnter Grass im Gespr\u00e4ch mit Fritz Pleitgen"},{"sig_full":"01.01.00.00.-1560","titel":"Ich war arm wie eine Kirchenmaus","untertitel":"Wiederholung des Gespr\u00e4chs zum  70. Geburtstags vom 16.10.1997 in Ausschnitten anl\u00e4sslich des Literaturnobelpreises"},{"sig_full":"01.01.00.00.-1557","titel":"Der Preis des Ruhms","untertitel":"R\u00fcckblicke auf die Entstehung der Blechtrommel und die  Folgen"},{"sig_full":"01.01.00.00.-1510","titel":"Einsichten \u00fcber Indien aus europ\u00e4ischer Sicht","untertitel":"Zum Erscheinen von \"Zunge zeigen\""},{"sig_full":"01.01.00.00.-0219","titel":"Die R\u00e4ttin - Gespr\u00e4ch mit G\u00fcnter Grass \u00fcber seinen Roman","untertitel":null},{"sig_full":"01.01.00.00.-1219","titel":"Tagesgespr\u00e4ch mit G\u00fcnter Grass \u00fcber \"Unkenrufe\"","untertitel":"Gespr\u00e4ch zur Ver\u00f6ffentlichung von \"Unkenrufe\" auf der Leipziger Buchmesse"},{"sig_full":"01.01.00.00.-0614","titel":"L\u00fcbecker Werkstattbericht","untertitel":"Sechs Vorlesungen an der Medizinischen Universit\u00e4t L\u00fcbeck"},{"sig_full":"01.01.00.00.-1962","titel":"Entwicklung und  Arbeitsprozesse im Werkstattbericht \"Vier Jahrzehnte\"","untertitel":null},{"sig_full":"01.01.00.00.-1621","titel":"G\u00fcnter Grass und das G\u00fcnter Grass Haus in L\u00fcbeck","untertitel":"Telefoninterview mit der chinesischen Redaktion \u00fcber Politik und Grass' Arbeit"},{"sig_full":"01.01.00.00.-1605","titel":"Grass-Rezeption in China","untertitel":"\u00dcber die H\u00fcrden bei Grass-\u00dcbersetzungen und Ver\u00f6ffentlichungen"},{"sig_full":"01.01.00.00.-1348","titel":"G\u00fcnter Grass zum 70. Geburtstag","untertitel":"Collage ber\u00fchmter Stimmen"},{"sig_full":"01.01.00.00.-1680","titel":"G\u00fcnter Grass wird 80 Jahre alt (russisch)","untertitel":null},{"sig_full":"01.01.00.00.-1674","titel":"\u00dcber die Stilbildung und Weiterentwicklung als Schriftsteller","untertitel":"\u00dcber den pikaresken Romans und die Entstehung der \"Hundejahre\""},{"sig_full":"01.01.00.00.-1678","titel":"Happy Birthday  Mr. Grass!","untertitel":"Gratulationen aus aller Welt  zum 80. Geburtstag"},{"sig_full":"01.01.00.00.-1697","titel":"Entstehungsgeschichte \"Ein weites Feld\"","untertitel":"Ein sehr pers\u00f6nliches Interview mit Publikum"},{"sig_full":"01.01.00.00.-1960","titel":"Medienkritik und Unkenrufe","untertitel":null},{"sig_full":"01.01.00.00.-1699","titel":"Kahlschlag und Raubbau \u2013 Die Landschaften der Deutschen Einheit bei G\u00fcnter Grass","untertitel":"Vortrag zur Er\u00f6ffnung der Ausstellung \u201eG\u00fcnter Grass und die Deutsche Einheit \u2013 Zeugnisse einer Auseinandersetzung\u201c"},{"sig_full":"01.01.00.00.-1904","titel":"Auf der Vorpremiere von \"Die R\u00e4ttin\"","untertitel":null},{"sig_full":"01.01.00.00.-1903","titel":"Werkgetreue Umsetzung der \"R\u00e4ttin\" als Ziel","untertitel":null},{"sig_full":"01.01.00.00.-0328","titel":"Das Vivarium des G.G. - Eine Diskussion zum 60. Geburtstag von G\u00fcnter Grass","untertitel":"(kein O-Ton Grass)"},{"sig_full":"01.01.00.00.-0156","titel":"G\u00fcnter Grass zweiter Besuch in Kalkutta (bengalisch)","untertitel":"Kalkutta als Wohnort von G\u00fcnter Grass"},{"sig_full":"01.01.00.00.-0365","titel":"Der Stein muss immer bewegt werden","untertitel":"G\u00fcnter Grass im Gespr\u00e4ch mit J\u00f6rg-Dieter Kogel und Harro Zimmermann"},{"sig_full":"01.01.00.00.-0157","titel":"Gespr\u00e4ch mit G\u00fcnter Grass zum 60. Geburtstag (darin: Lesung des Gedichts \"Orpheus\")","untertitel":null},{"sig_full":"01.01.00.00.-0906","titel":"Grass liest die \"F\u00e4lscher-Geschichte\" aus dem Roman \"Die R\u00e4ttin\"","untertitel":"\"Malskat\"-Lesefassung des Romans"},{"sig_full":"01.01.00.00.-0364","titel":"Zwei Jahrhunderte werden besichtigt","untertitel":"Gespr\u00e4ch mit G\u00fcnter Grass \u00fcber \"Ein weites Feld\""},{"sig_full":"01.01.00.00.-0158","titel":"Der Blechtrommler liest und l\u00e4\u00dft trommeln","untertitel":"Bericht \u00fcber eine Lesetournee von G\u00fcnter Grass und G\u00fcnter Baby Sommer"},{"sig_full":"02.01.01.00.-0012","titel":"Lesung \"Die R\u00e4ttin\"","untertitel":"Literarischen Kolloquium Linz"},{"sig_full":"02.01.05.00.-0001","titel":"Galeristin Marita Ruiter","untertitel":"Karriere in Luxemburg"}]},{"word":"Hundejahre","dsets":[{"sig_full":"01.01.00.00.-0537","titel":"Fortsetzung folgt ...","untertitel":"Rede zur Verleihung des Literaturnobelpreises"},{"sig_full":"01.01.00.00.-1032","titel":"G\u00fcnter Grass - Portr\u00e4t","untertitel":null},{"sig_full":"01.01.00.00.-0370","titel":"Ein Abend f\u00fcr G\u00fcnter Grass","untertitel":"Aufzeichnung einer Veranstaltung im Hamburger Thalia-Theater zum 70. Geburtstag"},{"sig_full":"01.01.00.00.-1622","titel":"\u00dcber die Hundejahre (arab.)","untertitel":null},{"sig_full":"01.01.00.00.-1354","titel":"Dichter, B\u00fcrger, Moralist","untertitel":"G\u00fcnter Grass im Gespr\u00e4ch mit Fritz Pleitgen anl\u00e4\u00dflich seines 75. Geburtstags"},{"sig_full":"01.01.00.00.-0250","titel":"R\u00fcckblick auf die Blechtrommel - oder Der Autor als fragw\u00fcrdiger Zeuge","untertitel":"Ein Versuch in eigener Sache"},{"sig_full":"01.01.00.00.-0620","titel":"Aus Kunst und Wissenschaft","untertitel":null},{"sig_full":"01.01.00.00.-1141","titel":"Hund und Katz' und Maus, Schnecke, Butt und Ratte","untertitel":"Kritik der Grass-Kritik"},{"sig_full":"01.01.00.00.-1016","titel":"Hundejahre (Ausz\u00fcge)","untertitel":null},{"sig_full":"01.01.00.00.-0088","titel":"G\u00fcnter Grass im Gespr\u00e4ch","untertitel":null},{"sig_full":"01.01.00.00.-1444","titel":"Auf Spuren von G\u00fcnter Grass in Danzig","untertitel":"F\u00fchrung durch Gdansk"},{"sig_full":"01.01.00.00.-0332","titel":"Mein Jahrhundert - Gespr\u00e4ch mit G\u00fcnter Grass","untertitel":null},{"sig_full":"01.01.00.00.-1466","titel":"Grablegung oder Lekt\u00fcreservice","untertitel":"Die ersten Kommentarb\u00e4nde"},{"sig_full":"01.01.00.00.-1746","titel":"Die Ballerina Jenny Brunies","untertitel":"Lesung aus den \"Liebesbriefen\" aus dem Roman \"Hundejahre\" im Rahmen von \"Das Menschenbild in der modernen Prosa\""},{"sig_full":"01.01.00.00.-0007","titel":"Hundejahre","untertitel":"G\u00fcnter Grass liest aus seinem Roman w\u00e4hrend einer Tagung der Gruppe 47 in Berlin"},{"sig_full":"01.01.00.00.-0619","titel":"Eine \u00f6ffentliche Diskussion","untertitel":"Inszenierung eines Kapitels aus den Hundejahren"},{"sig_full":"01.01.00.00.-0458","titel":"Zur Person: G\u00fcnter Grass","untertitel":null},{"sig_full":"01.01.00.00.-0083","titel":"Von Beruf Handwerker","untertitel":"Ein Werkstattbericht"},{"sig_full":"01.01.00.00.-0504","titel":"Es steht zur Wahl","untertitel":"Rede im Bundestagswahlkampf Juli 1965"},{"sig_full":"01.01.00.00.-1446","titel":"G\u00fcnter Grass im Gef\u00e4ngnis","untertitel":"Lesung in der JVA Tegel"},{"sig_full":"01.01.00.00.-1976","titel":"Vom Zeichnen und den Tieren","untertitel":null},{"sig_full":"01.01.00.00.-1059","titel":"G\u00fcnter Grass von der Lelewelastrasse (Poln.)","untertitel":null},{"sig_full":"01.01.00.00.-1131","titel":"Vom B\u00fcrgerschreck zum Gewissen der Nation","untertitel":"G\u00fcnter Grass zum 60. Geburtstag"},{"sig_full":"01.01.00.00.-1074","titel":"Die Mandragore - Gedaechtnis und Generationen \u2013 ein Treffen mit G\u00fcnter Grass (Poln.)","untertitel":null},{"sig_full":"01.01.00.00.-0514","titel":"Literarischer Sommer im Funkhaus Hannover","untertitel":null},{"sig_full":"01.01.00.00.-0637","titel":"Studio III: Aus Kunst und Wissenschaft,  B\u00fcchner-Preis f\u00fcr Grass","untertitel":"Verleihung des Georg-B\u00fcchner-Preises und die Debatten"},{"sig_full":"01.01.00.00.-0807","titel":"Schaltgespr\u00e4ch: Reinhard Mucker und Preko G\u00fcnter Grass","untertitel":"Tagesschau um f\u00fcnf zum Nobelpreis f\u00fcr Literatur an G\u00fcnter Grass"},{"sig_full":"01.01.00.00.-1795","titel":"Die zweite Lesereise in die DDR (tel.)","untertitel":null},{"sig_full":"01.01.00.00.-1747","titel":"Gespr\u00e4ch mit einer Berliner Schulklasse 1963","untertitel":"Ausschnitt aus \"Katz und Maus\" und Diskussion"},{"sig_full":"01.01.00.00.-0289","titel":"Hundejahre - Kapitel: Fr\u00fchschichten","untertitel":"Mit einleitender \u00dcbersicht \u00fcber den Roman von Walter H\u00f6llerer"},{"sig_full":"01.01.00.00.-1085","titel":"Hundejahre: Metamorphose im Schneemann","untertitel":null},{"sig_full":"01.01.00.00.-0103","titel":"Die R\u00e4ttin","untertitel":"Interview mit G\u00fcnter Grass \u00fcber seinen Roman (tel.)"},{"sig_full":"01.01.00.00.-0833","titel":"ARD Morgenmagazin 6.10.2004","untertitel":"G\u00fcnter Grass als K\u00fcnstler"},{"sig_full":"01.01.00.00.-0603","titel":"G\u00fcnter Grass zum 75. Geburtstag - Freunde lesen Grass","untertitel":"G\u00fcnter Grass in der freien Akademie der K\u00fcnste in Hamburg"},{"sig_full":"01.01.00.00.-0054","titel":"Ich bin ein Zeit-Genosse","untertitel":"Gespr\u00e4ch mit G\u00fcnter Grass \u00fcber Deutscht\u00fcmelei, Kulturprotzerei und seine Vers\u00f6hnung mit Bremen"},{"sig_full":"01.01.00.00.-0480","titel":"Phantasie als Existenznotwendigkeit","untertitel":"Siegfried Lenz im Gespr\u00e4ch mit G\u00fcnter Grass"},{"sig_full":"01.01.00.00.-0536","titel":"Zukunftsmusik oder Der Mehlwurm spricht - Rede \u00fcber das Geld","untertitel":"Vortrag vor der Europ\u00e4ischen Investitionsbank im Bremer Rathaus am 19. Oktober 2000"},{"sig_full":"01.01.00.00.-0598","titel":"Erster landesweiter Stiftungstag Schleswig-Holstein 2003 in L\u00fcbeck","untertitel":"Gespr\u00e4ch, Lesung aus \"Hundejahre\" und Absage"},{"sig_full":"01.01.00.00.-0119","titel":"Gespr\u00e4ch mit G\u00fcnter Grass","untertitel":null},{"sig_full":"01.01.00.00.-1014","titel":"Gespr\u00e4ch mit Lohr","untertitel":null},{"sig_full":"01.01.00.00.-1810","titel":"Lesung aus \"Grimms W\u00f6rter\" und Gespr\u00e4ch mit Olaf Scholz","untertitel":null},{"sig_full":"01.01.00.00.-1064","titel":"G\u00fcnter Grass in der Heimat (Poln.)","untertitel":"mit O-T\u00f6nen von G\u00fcnter Grass"},{"sig_full":"01.01.00.00.-0993","titel":"Steinmetz und anderes","untertitel":"Der K\u00fcnstler G\u00fcnter Grass"},{"sig_full":"01.01.00.00.-1028","titel":"Kleckerburg verloren","untertitel":"G\u00fcnter Grass - Von Danzig nach Gdansk"},{"sig_full":"01.01.00.00.-1028","titel":"Kleckerburg verloren","untertitel":"G\u00fcnter Grass - Von Danzig nach Gdansk"},{"sig_full":"01.01.00.00.-1819","titel":"Heinz Ludwig Arnold interviewt Schriftsteller in den Jahren von 1977-1999","untertitel":null},{"sig_full":"01.01.00.00.-0652","titel":"Ballett: die ruhelose Kunst","untertitel":null},{"sig_full":"01.01.00.00.-0973","titel":"Wer lacht hier, hat gelacht?","untertitel":"Lyrik und Prosa. Schlagzeug und Percussion auf 2 Tonkassetten."},{"sig_full":"01.01.00.00.-1128","titel":"Gespr\u00e4ch mit G\u00fcnter Grass","untertitel":null},{"sig_full":"01.01.00.00.-0400","titel":"G\u00fcnter Grass liest \"Die Hundeh\u00fcttenwoche\"","untertitel":"Ein Kapitel aus einem unver\u00f6ffentlichten Romanmanuskript"},{"sig_full":"01.01.00.00.-1775","titel":"Vom Dichter zum Politiker?","untertitel":"Kurz nach dem Eintritt in die SPD spricht G\u00fcnter Grass \u00fcber politische Ambitionen und Literatur"},{"sig_full":"01.01.00.00.-1526","titel":"Der Erwerb der Taschenbuchrechte f\u00fcr G\u00fcnter Grass Titel","untertitel":"Internationale Buchmesse Frankfurt 1993 - DTV-Verleger Wolfram G\u00f6bel im Interview"},{"sig_full":"01.01.00.00.-0542","titel":"\u00dcber das Zeichnen und Schreiben - Eine Dokumentationsausstellung des Goethe-Instituts in der Bremischen B\u00fcrgerschaft","untertitel":"Podiumsdiskussion"},{"sig_full":"01.01.00.00.-1073","titel":"G\u00fcnter Grass in Danzig, Teil 1 und 2 (Poln.)","untertitel":"Ein Bericht \u00fcber das Treffen mit dem Leserpublikum an der Universit\u00e4t Gda\u0144sk"},{"sig_full":"01.01.00.00.-0310","titel":"Das h\u00f6r ich gern (14. Folge) - G\u00fcnter Grass","untertitel":"Musik von Igor Strawinsky, Guiseppe Tartini u.a."},{"sig_full":"01.01.00.00.-0550","titel":"G\u00fcnter Grass - Vom Zeichnen und Schreiben","untertitel":"Er\u00f6ffung der Ausstellung in der Bremischen B\u00fcrgerschaft"},{"sig_full":"01.01.00.00.-1812","titel":"K\u00fcnstlerbiographie G\u00fcnter Grass","untertitel":"Umfassendes Portr\u00e4t von 2011"},{"sig_full":"01.01.00.00.-1748","titel":"Mitschnitt der Lesung \"Schriftsteller lesen in Berlin\" 1964","untertitel":"Mit einem Referat von Klaus Wagenbach, einer Lesung aus \"Hundejahre\" und Ausschnitten aus der abschlie\u00dfenden Diskussion"},{"sig_full":"01.01.00.00.-0552","titel":"Zukunftsmusik oder: Der Mehlwurm spricht - Rede \u00fcber das Geld (mit Vorreden)","untertitel":"Vortrag vor der Europ\u00e4ischen Investitionsbank im Bremer Rathaus am 19. Oktober 2000 mit  Vorrednern"},{"sig_full":"01.01.00.00.-0129","titel":"Danzig im Werk - Interview mit G\u00fcnter Grass","untertitel":null},{"sig_full":"01.01.00.00.-0938","titel":"M\u00e4rchen sind grausam","untertitel":"Vom Zauber der M\u00e4rchen  Arte Magazin"},{"sig_full":"01.01.00.00.-0462","titel":"Trommler und Schnecke: G\u00fcnter Grass im Gespr\u00e4ch","untertitel":null},{"sig_full":"01.01.00.00.-0371","titel":"Dieselbe Tinte - G\u00fcnter Grass und Hans Mayer im Gespr\u00e4ch \u00fcber das Wort und das Bild","untertitel":null},{"sig_full":"01.01.00.00.-0510","titel":"Gespr\u00e4ch mit Heinz Ludwig Arnold (Rohfassung)","untertitel":null},{"sig_full":"01.01.00.00.-0008","titel":"Bestandsaufnahme: Anderthalb Jahre vor Erscheinen von \"Hundejahre\"","untertitel":"Horst Bienek im Gespr\u00e4ch mit G\u00fcnter Grass"},{"sig_full":"01.01.00.00.-0507","titel":"Gespr\u00e4ch mit Heinz Ludwig Arnold (Rohmaterial)","untertitel":null},{"sig_full":"01.01.00.00.-1547","titel":"Portrait des deutschen Schriftstellers anl\u00e4\u00dflich seines 70. Geburtstages (bulgarisch)","untertitel":null},{"sig_full":"01.01.00.00.-0521","titel":"Laudatio zur Verleihung der Hermann-Kesten-Medaille an G\u00fcnter Grass","untertitel":"Gek\u00fcrzte Radio-Fassung der Rede"},{"sig_full":"01.01.00.00.-1499","titel":"Die Bedeutung der westpreu\u00dfischen Heimat f\u00fcr das Prosaschaffen","untertitel":"Handlungsort  Kaschubei und Danzig"},{"sig_full":"01.01.00.00.-0407","titel":"Hundejahre (Auszug)","untertitel":"Autorenlesung aus dem Roman von G\u00fcnter Grass"},{"sig_full":"01.01.00.00.-1204","titel":"Dichter B\u00fcrger Moralist","untertitel":"G\u00fcnter Grass im Gespr\u00e4ch mit Fritz Pleitgen"},{"sig_full":"01.01.00.00.-1560","titel":"Ich war arm wie eine Kirchenmaus","untertitel":"Wiederholung des Gespr\u00e4chs zum  70. Geburtstags vom 16.10.1997 in Ausschnitten anl\u00e4sslich des Literaturnobelpreises"},{"sig_full":"01.01.00.00.-1082","titel":"Grass bekommt den Titel Doctor Honoris Causa der Universit\u00e4t Gda\u0144sk (Poln.)","untertitel":null},{"sig_full":"01.01.00.00.-1557","titel":"Der Preis des Ruhms","untertitel":"R\u00fcckblicke auf die Entstehung der Blechtrommel und die  Folgen"},{"sig_full":"01.01.00.00.-1467","titel":"Fundsachen f\u00fcr Leser","untertitel":"Leipzig liest: Podium auf der Leipziger Buchmesse 2010"},{"sig_full":"01.01.00.00.-1219","titel":"Tagesgespr\u00e4ch mit G\u00fcnter Grass \u00fcber \"Unkenrufe\"","untertitel":"Gespr\u00e4ch zur Ver\u00f6ffentlichung von \"Unkenrufe\" auf der Leipziger Buchmesse"},{"sig_full":"01.01.00.00.-0306","titel":"F\u00fchrer und Verf\u00fchrte - Eine Sendereihe \u00fcber Geist und Mode unserer Zeit, 15. G\u00fcnter Grass oder Das erf\u00fcllte Image","untertitel":null},{"sig_full":"01.01.00.00.-1564","titel":"Nobelpreis f\u00fcr Literatur an den deutschen Schriftsteller (arabisch)","untertitel":null},{"sig_full":"01.01.00.00.-0262","titel":"Ge\u00f6ffneter Schrank - G\u00fcnter Grass liest ein Gedicht aus dem Band \"Die Vorz\u00fcge der Windh\u00fchner\" und Interpretation des Gedichts von Klaus Wagenbach","untertitel":null},{"sig_full":"01.01.00.00.-0614","titel":"L\u00fcbecker Werkstattbericht","untertitel":"Sechs Vorlesungen an der Medizinischen Universit\u00e4t L\u00fcbeck"},{"sig_full":"01.01.00.00.-1589","titel":"\u00dcber die Neuerscheinung \"Als ich 32 Jahre alt war, wurde ich ber\u00fchmt\"","untertitel":"H\u00f6rbuchtipp"},{"sig_full":"01.01.00.00.-1610","titel":"Ein lebenslustiger Pessimist","untertitel":null},{"sig_full":"01.01.00.00.-1609","titel":"Neues von und \u00fcber Grass zum 75. Geburtstag","untertitel":"Feature \u00fcber die Neurscheinungen im Herbst 2002"},{"sig_full":"01.01.00.00.-1608","titel":"Pointierter Biss bei  \"Fundsachen f\u00fcr Grass-Leser\"","untertitel":"Ausstellung Im Literaturarchiv der Berliner Akademie der K\u00fcnste 2002"},{"sig_full":"01.01.00.00.-1253","titel":"G\u00fcnter Grass 1981","untertitel":"Biographisches Portr\u00e4t"},{"sig_full":"01.01.00.00.-1256","titel":"Reminiszenzen und Analysen: Engagierte Schriftsteller nach den Bundestagswahlen","untertitel":"Gespr\u00e4ch zwischen B\u00f6ll und Grass"},{"sig_full":"01.01.00.00.-1674","titel":"\u00dcber die Stilbildung und Weiterentwicklung als Schriftsteller","untertitel":"\u00dcber den pikaresken Romans und die Entstehung der \"Hundejahre\""},{"sig_full":"01.01.00.00.-1678","titel":"Happy Birthday  Mr. Grass!","untertitel":"Gratulationen aus aller Welt  zum 80. Geburtstag"},{"sig_full":"01.01.00.00.-1817","titel":"Heinz Ludwig Arnold interviewt Schriftsteller in den Jahren von 1970-1974","untertitel":null},{"sig_full":"01.01.00.00.-0222","titel":"Die Ambivalenz der Wahrheit zeigen","untertitel":"Aussage zur Person: G\u00fcnter Grass"},{"sig_full":"01.01.00.00.-1711","titel":"Liebeserkl\u00e4rung an die deutsche Sprache","untertitel":"G\u00fcnter Grass im Gespr\u00e4ch mit Prof. H. Detering"},{"sig_full":"01.01.00.00.-0009","titel":"Lesung vor Kollegen","untertitel":"G\u00fcnter Grass liest f\u00fcnf eigene Gedichte (Ausschnitt aus einer Lesung vor der \"Gruppe 47\" in der G\u00f6hrde 1961)"},{"sig_full":"01.01.00.00.-0003","titel":"Vom Phantastischen zum Politischen? G\u00fcnter Grass \u00fcber seine literarische Entwicklung","untertitel":"Ein Gespr\u00e4ch"},{"sig_full":"01.01.00.00.-0409","titel":"Portr\u00e4t eines milit\u00e4rischen Helden","untertitel":"Interview mit G\u00fcnter Grass zur Verfilmung von \"Katz und Maus\""},{"sig_full":"01.01.00.00.-0006","titel":"Hundejahre","untertitel":"G\u00fcnter Grass liest Ausschnitte aus seinem Roman"},{"sig_full":"01.01.00.00.-1749","titel":"Literatur ohne Lesebuch - G\u00fcnter Grass diskutiert mit Berliner Sch\u00fclern in Neuk\u00f6lln","untertitel":"G\u00fcnter Grass liest und stellt sich den kritischen Fragen von Sch\u00fclern"},{"sig_full":"01.01.00.00.-0131","titel":"Goldm\u00e4ulchen oder die Diskussionsrunde","untertitel":"Bericht \u00fcber die Urauff\u00fchrung des Theaterst\u00fcckes \"Goldm\u00e4ulchen oder die Diskussionsrunde\" von G\u00fcnter Grass im Juli 1964 im M\u00fcnchner Werkraumtheater"},{"sig_full":"01.01.00.00.-0952","titel":"Interview mit der Sch\u00fclerzeitung \"Fl\u00fcstert\u00fcte\"","untertitel":"Die Fl\u00fcstert\u00fcte, Sch\u00fclerzeitung des Gymnasiums Meppen"},{"sig_full":"01.01.00.00.-1706","titel":"Der lange Atem der Gebr\u00fcder Grimm","untertitel":"G\u00fcnter Grass \u00fcber \"Grimms W\u00f6rter\" auf dem blauen Sofa der 62. Frankfurter Buchmesse 2010"},{"sig_full":"01.01.00.00.-0365","titel":"Der Stein muss immer bewegt werden","untertitel":"G\u00fcnter Grass im Gespr\u00e4ch mit J\u00f6rg-Dieter Kogel und Harro Zimmermann"},{"sig_full":"01.01.00.00.-1311","titel":"Wer einmal l\u00fcgt, dem glaubt man nicht","untertitel":"Zusammenfassung der Gespr\u00e4chszeit im Nordwestradio"}]},{"word":"Katz und Maus","dsets":[{"sig_full":"01.01.00.00.-0537","titel":"Fortsetzung folgt ...","untertitel":"Rede zur Verleihung des Literaturnobelpreises"},{"sig_full":"01.01.00.00.-1032","titel":"G\u00fcnter Grass - Portr\u00e4t","untertitel":null},{"sig_full":"01.01.00.00.-1622","titel":"\u00dcber die Hundejahre (arab.)","untertitel":null},{"sig_full":"01.01.00.00.-1354","titel":"Dichter, B\u00fcrger, Moralist","untertitel":"G\u00fcnter Grass im Gespr\u00e4ch mit Fritz Pleitgen anl\u00e4\u00dflich seines 75. Geburtstags"},{"sig_full":"01.01.00.00.-0250","titel":"R\u00fcckblick auf die Blechtrommel - oder Der Autor als fragw\u00fcrdiger Zeuge","untertitel":"Ein Versuch in eigener Sache"},{"sig_full":"01.01.00.00.-1141","titel":"Hund und Katz' und Maus, Schnecke, Butt und Ratte","untertitel":"Kritik der Grass-Kritik"},{"sig_full":"01.01.00.00.-0332","titel":"Mein Jahrhundert - Gespr\u00e4ch mit G\u00fcnter Grass","untertitel":null},{"sig_full":"01.01.00.00.-1466","titel":"Grablegung oder Lekt\u00fcreservice","untertitel":"Die ersten Kommentarb\u00e4nde"},{"sig_full":"01.01.00.00.-1070","titel":"Ausgefragt. Guenter Grass (Poln.)","untertitel":"Portr\u00e4t"},{"sig_full":"01.01.00.00.-0406","titel":"G\u00fcnter Grass liest aus seinem Roman ''Katz und Maus'' (Auszug)","untertitel":null},{"sig_full":"01.01.00.00.-0458","titel":"Zur Person: G\u00fcnter Grass","untertitel":null},{"sig_full":"01.01.00.00.-0083","titel":"Von Beruf Handwerker","untertitel":"Ein Werkstattbericht"},{"sig_full":"01.01.00.00.-0960","titel":"Katz und Maus","untertitel":"Verfilmung der Novelle von G\u00fcnter Grass"},{"sig_full":"01.01.00.00.-0972","titel":"F\u00fcr Aufbr\u00fcche an andere Orte jederzeit vorbereitet","untertitel":"G\u00fcnter Grass im Gespr\u00e4ch mit Dr. Erhard Kluge anl\u00e4sslich seines 70. Geburtstages in seinem L\u00fcbecker Haus"},{"sig_full":"01.01.00.00.-0004","titel":"Katz und Maus","untertitel":"G\u00fcnter Grass liest aus seiner Novelle"},{"sig_full":"01.01.00.00.-1788","titel":"Eindr\u00fccke der Polen Reise 1981","untertitel":null},{"sig_full":"01.01.00.00.-1446","titel":"G\u00fcnter Grass im Gef\u00e4ngnis","untertitel":"Lesung in der JVA Tegel"},{"sig_full":"01.01.00.00.-1976","titel":"Vom Zeichnen und den Tieren","untertitel":null},{"sig_full":"01.01.00.00.-1059","titel":"G\u00fcnter Grass von der Lelewelastrasse (Poln.)","untertitel":null},{"sig_full":"01.01.00.00.-1131","titel":"Vom B\u00fcrgerschreck zum Gewissen der Nation","untertitel":"G\u00fcnter Grass zum 60. Geburtstag"},{"sig_full":"01.01.00.00.-1004","titel":"Was steht eigentlich drin?","untertitel":"Studiogespr\u00e4ch mit Harro Zimmermann"},{"sig_full":"01.01.00.00.-0956","titel":"\u00dcbersetzer-Konferenz","untertitel":"Kurzinterviews mit vier \u00dcbersetzern"},{"sig_full":"01.01.00.00.-0514","titel":"Literarischer Sommer im Funkhaus Hannover","untertitel":null},{"sig_full":"01.01.00.00.-0807","titel":"Schaltgespr\u00e4ch: Reinhard Mucker und Preko G\u00fcnter Grass","untertitel":"Tagesschau um f\u00fcnf zum Nobelpreis f\u00fcr Literatur an G\u00fcnter Grass"},{"sig_full":"01.01.00.00.-1136","titel":"Gespr\u00e4ch mit G\u00fcnter Grass anl\u00e4sslich der Frankfurter Buchmesse","untertitel":"\u00dcber Luchterhands Lose-Blatt-Lyrik und eigene Arbeiten"},{"sig_full":"01.01.00.00.-1485","titel":"Gibt es eine Zukunft der Sprache und Literatur?","untertitel":null},{"sig_full":"01.01.00.00.-1795","titel":"Die zweite Lesereise in die DDR (tel.)","untertitel":null},{"sig_full":"01.01.00.00.-1747","titel":"Gespr\u00e4ch mit einer Berliner Schulklasse 1963","untertitel":"Ausschnitt aus \"Katz und Maus\" und Diskussion"},{"sig_full":"01.01.00.00.-1785","titel":"G\u00fcnter Grass von der Biennale in Venedig","untertitel":null},{"sig_full":"01.01.00.00.-1069","titel":"Katz und Maus (Poln.)","untertitel":null},{"sig_full":"01.01.00.00.-0848","titel":"Literarisches Quartett: Ein weites Feld","untertitel":null},{"sig_full":"01.01.00.00.-0103","titel":"Die R\u00e4ttin","untertitel":"Interview mit G\u00fcnter Grass \u00fcber seinen Roman (tel.)"},{"sig_full":"01.01.00.00.-0833","titel":"ARD Morgenmagazin 6.10.2004","untertitel":"G\u00fcnter Grass als K\u00fcnstler"},{"sig_full":"01.01.00.00.-0603","titel":"G\u00fcnter Grass zum 75. Geburtstag - Freunde lesen Grass","untertitel":"G\u00fcnter Grass in der freien Akademie der K\u00fcnste in Hamburg"},{"sig_full":"01.01.00.00.-0054","titel":"Ich bin ein Zeit-Genosse","untertitel":"Gespr\u00e4ch mit G\u00fcnter Grass \u00fcber Deutscht\u00fcmelei, Kulturprotzerei und seine Vers\u00f6hnung mit Bremen"},{"sig_full":"01.01.00.00.-0119","titel":"Gespr\u00e4ch mit G\u00fcnter Grass","untertitel":null},{"sig_full":"01.01.00.00.-1072","titel":"G\u00fcnter Grass in Danzig \u2013 ein paar Meinungen. (Poln.)","untertitel":"Standpunkte"},{"sig_full":"01.01.00.00.-1346","titel":"Spass mit Grass","untertitel":"Satirische O-Ton Collage"},{"sig_full":"01.01.00.00.-0121","titel":"Erinnerungen an Danzig","untertitel":"Gespr\u00e4ch mit G\u00fcnter Grass"},{"sig_full":"01.01.00.00.-1064","titel":"G\u00fcnter Grass in der Heimat (Poln.)","untertitel":"mit O-T\u00f6nen von G\u00fcnter Grass"},{"sig_full":"01.01.00.00.-0993","titel":"Steinmetz und anderes","untertitel":"Der K\u00fcnstler G\u00fcnter Grass"},{"sig_full":"01.01.00.00.-0360","titel":"Gebrannte Erde","untertitel":"Rohmaterial der Lesung f\u00fcr \"Extratext\""},{"sig_full":"01.01.00.00.-0995","titel":"Grass, G\u00fcnter  -  Jahrgang 1927","untertitel":"Fassung 1995"},{"sig_full":"01.01.00.00.-1775","titel":"Vom Dichter zum Politiker?","untertitel":"Kurz nach dem Eintritt in die SPD spricht G\u00fcnter Grass \u00fcber politische Ambitionen und Literatur"},{"sig_full":"01.01.00.00.-1526","titel":"Der Erwerb der Taschenbuchrechte f\u00fcr G\u00fcnter Grass Titel","untertitel":"Internationale Buchmesse Frankfurt 1993 - DTV-Verleger Wolfram G\u00f6bel im Interview"},{"sig_full":"01.01.00.00.-0542","titel":"\u00dcber das Zeichnen und Schreiben - Eine Dokumentationsausstellung des Goethe-Instituts in der Bremischen B\u00fcrgerschaft","untertitel":"Podiumsdiskussion"},{"sig_full":"01.01.00.00.-1073","titel":"G\u00fcnter Grass in Danzig, Teil 1 und 2 (Poln.)","untertitel":"Ein Bericht \u00fcber das Treffen mit dem Leserpublikum an der Universit\u00e4t Gda\u0144sk"},{"sig_full":"01.01.00.00.-0798","titel":"50 Jahre Bremer Literaturpreis","untertitel":"Aberkennung des Preises an Grass 1959\/1960"},{"sig_full":"01.01.00.00.-0310","titel":"Das h\u00f6r ich gern (14. Folge) - G\u00fcnter Grass","untertitel":"Musik von Igor Strawinsky, Guiseppe Tartini u.a."},{"sig_full":"01.01.00.00.-0550","titel":"G\u00fcnter Grass - Vom Zeichnen und Schreiben","untertitel":"Er\u00f6ffung der Ausstellung in der Bremischen B\u00fcrgerschaft"},{"sig_full":"01.01.00.00.-1809","titel":"Als Juror bei den Filmfestspielen in Venedig","untertitel":null},{"sig_full":"01.01.00.00.-1748","titel":"Mitschnitt der Lesung \"Schriftsteller lesen in Berlin\" 1964","untertitel":"Mit einem Referat von Klaus Wagenbach, einer Lesung aus \"Hundejahre\" und Ausschnitten aus der abschlie\u00dfenden Diskussion"},{"sig_full":"01.01.00.00.-0129","titel":"Danzig im Werk - Interview mit G\u00fcnter Grass","untertitel":null},{"sig_full":"01.01.00.00.-0371","titel":"Dieselbe Tinte - G\u00fcnter Grass und Hans Mayer im Gespr\u00e4ch \u00fcber das Wort und das Bild","untertitel":null},{"sig_full":"01.01.00.00.-0510","titel":"Gespr\u00e4ch mit Heinz Ludwig Arnold (Rohfassung)","untertitel":null},{"sig_full":"01.01.00.00.-0008","titel":"Bestandsaufnahme: Anderthalb Jahre vor Erscheinen von \"Hundejahre\"","untertitel":"Horst Bienek im Gespr\u00e4ch mit G\u00fcnter Grass"},{"sig_full":"01.01.00.00.-1547","titel":"Portrait des deutschen Schriftstellers anl\u00e4\u00dflich seines 70. Geburtstages (bulgarisch)","untertitel":null},{"sig_full":"01.01.00.00.-0770","titel":"Grass Interview - Deutsche Gegenwartsliteratur in der VR China als Raubdrucke","untertitel":"40. Frankfurter Buchmesse 1988"},{"sig_full":"01.01.00.00.-0521","titel":"Laudatio zur Verleihung der Hermann-Kesten-Medaille an G\u00fcnter Grass","untertitel":"Gek\u00fcrzte Radio-Fassung der Rede"},{"sig_full":"01.01.00.00.-1553","titel":"G\u00fcnter Grass \u00fcber den an ihn verliehenen Prinz von Asturien-Preis","untertitel":null},{"sig_full":"01.01.00.00.-1499","titel":"Die Bedeutung der westpreu\u00dfischen Heimat f\u00fcr das Prosaschaffen","untertitel":"Handlungsort  Kaschubei und Danzig"},{"sig_full":"01.01.00.00.-1204","titel":"Dichter B\u00fcrger Moralist","untertitel":"G\u00fcnter Grass im Gespr\u00e4ch mit Fritz Pleitgen"},{"sig_full":"01.01.00.00.-1560","titel":"Ich war arm wie eine Kirchenmaus","untertitel":"Wiederholung des Gespr\u00e4chs zum  70. Geburtstags vom 16.10.1997 in Ausschnitten anl\u00e4sslich des Literaturnobelpreises"},{"sig_full":"01.01.00.00.-1082","titel":"Grass bekommt den Titel Doctor Honoris Causa der Universit\u00e4t Gda\u0144sk (Poln.)","untertitel":null},{"sig_full":"01.01.00.00.-1557","titel":"Der Preis des Ruhms","untertitel":"R\u00fcckblicke auf die Entstehung der Blechtrommel und die  Folgen"},{"sig_full":"01.01.00.00.-1467","titel":"Fundsachen f\u00fcr Leser","untertitel":"Leipzig liest: Podium auf der Leipziger Buchmesse 2010"},{"sig_full":"01.01.00.00.-1219","titel":"Tagesgespr\u00e4ch mit G\u00fcnter Grass \u00fcber \"Unkenrufe\"","untertitel":"Gespr\u00e4ch zur Ver\u00f6ffentlichung von \"Unkenrufe\" auf der Leipziger Buchmesse"},{"sig_full":"01.01.00.00.-0306","titel":"F\u00fchrer und Verf\u00fchrte - Eine Sendereihe \u00fcber Geist und Mode unserer Zeit, 15. G\u00fcnter Grass oder Das erf\u00fcllte Image","untertitel":null},{"sig_full":"01.01.00.00.-0262","titel":"Ge\u00f6ffneter Schrank - G\u00fcnter Grass liest ein Gedicht aus dem Band \"Die Vorz\u00fcge der Windh\u00fchner\" und Interpretation des Gedichts von Klaus Wagenbach","untertitel":null},{"sig_full":"01.01.00.00.-0614","titel":"L\u00fcbecker Werkstattbericht","untertitel":"Sechs Vorlesungen an der Medizinischen Universit\u00e4t L\u00fcbeck"},{"sig_full":"01.01.00.00.-1589","titel":"\u00dcber die Neuerscheinung \"Als ich 32 Jahre alt war, wurde ich ber\u00fchmt\"","untertitel":"H\u00f6rbuchtipp"},{"sig_full":"01.01.00.00.-1605","titel":"Grass-Rezeption in China","untertitel":"\u00dcber die H\u00fcrden bei Grass-\u00dcbersetzungen und Ver\u00f6ffentlichungen"},{"sig_full":"01.01.00.00.-1610","titel":"Ein lebenslustiger Pessimist","untertitel":null},{"sig_full":"01.01.00.00.-1253","titel":"G\u00fcnter Grass 1981","untertitel":"Biographisches Portr\u00e4t"},{"sig_full":"01.01.00.00.-1248","titel":"ZAK: Der Wochendurchblick","untertitel":"G\u00fcnter Grass als Studiogast"},{"sig_full":"01.01.00.00.-1246","titel":"ARTE: G\u00fcnter Grass in zehn Kapiteln","untertitel":"G\u00fcnter Grass en dix chapitres"},{"sig_full":"01.01.00.00.-1268","titel":"Interview mit Grass Buchmesse in Frankfurt\/Main (engl.)","untertitel":null},{"sig_full":"01.01.00.00.-1678","titel":"Happy Birthday  Mr. Grass!","untertitel":"Gratulationen aus aller Welt  zum 80. Geburtstag"},{"sig_full":"01.01.00.00.-1817","titel":"Heinz Ludwig Arnold interviewt Schriftsteller in den Jahren von 1970-1974","untertitel":null},{"sig_full":"01.01.00.00.-1813","titel":"G\u00fcnter Grass liest Katz und Maus","untertitel":null},{"sig_full":"01.01.00.00.-0222","titel":"Die Ambivalenz der Wahrheit zeigen","untertitel":"Aussage zur Person: G\u00fcnter Grass"},{"sig_full":"01.01.00.00.-0409","titel":"Portr\u00e4t eines milit\u00e4rischen Helden","untertitel":"Interview mit G\u00fcnter Grass zur Verfilmung von \"Katz und Maus\""},{"sig_full":"01.01.00.00.-0555","titel":"G\u00fcnter Grass in der ARD-H\u00f6rbuchnacht 2001","untertitel":null},{"sig_full":"01.01.00.00.-1749","titel":"Literatur ohne Lesebuch - G\u00fcnter Grass diskutiert mit Berliner Sch\u00fclern in Neuk\u00f6lln","untertitel":"G\u00fcnter Grass liest und stellt sich den kritischen Fragen von Sch\u00fclern"},{"sig_full":"01.01.00.00.-0680","titel":"Gratwanderung zwischen Sprachen und Kulturen (Palermo)","untertitel":"Wolfgang Rumpf im Gespr\u00e4ch mit G\u00fcnter Grass"},{"sig_full":"01.01.00.00.-1331","titel":"Preisbegr\u00fcndung Ernst-Toller-Preis 2007","untertitel":"Ernst-Toller-Preis 2007 f\u00fcr G\u00fcnter Grass"}]},{"word":"Schreiben nach Auschwitz, Aus dem Tagebuch einer Schnecke","dsets":[{"sig_full":"01.01.00.00.-0537","titel":"Fortsetzung folgt ...","untertitel":"Rede zur Verleihung des Literaturnobelpreises"}]},{"word":"Ein Deutscher auf Widerruf","dsets":[{"sig_full":"01.01.00.00.-1506","titel":"Ein Deutscher auf Widerruf","untertitel":"Gespr\u00e4ch mit Hans Mayer anl\u00e4\u00dflich seines 80. Geburtstags"}]},{"word":"Jahrestage: Aus dem Leben von Gesine Cresspahl","dsets":[{"sig_full":"01.01.00.00.-1506","titel":"Ein Deutscher auf Widerruf","untertitel":"Gespr\u00e4ch mit Hans Mayer anl\u00e4\u00dflich seines 80. Geburtstags"}]},{"word":"Buddenbrooks","dsets":[{"sig_full":"01.01.00.00.-1506","titel":"Ein Deutscher auf Widerruf","untertitel":"Gespr\u00e4ch mit Hans Mayer anl\u00e4\u00dflich seines 80. Geburtstags"},{"sig_full":"01.01.00.00.-1680","titel":"G\u00fcnter Grass wird 80 Jahre alt (russisch)","untertitel":null}]},{"word":"Leviathan","dsets":[{"sig_full":"01.01.00.00.-1506","titel":"Ein Deutscher auf Widerruf","untertitel":"Gespr\u00e4ch mit Hans Mayer anl\u00e4\u00dflich seines 80. Geburtstags"},{"sig_full":"01.01.00.00.-0614","titel":"L\u00fcbecker Werkstattbericht","untertitel":"Sechs Vorlesungen an der Medizinischen Universit\u00e4t L\u00fcbeck"}]},{"word":"Mit Sophie in die Pilze gegangen","dsets":[{"sig_full":"01.01.00.00.-0244","titel":"Der Butt - Kapitel \"Die andere Wahrheit\"","untertitel":"Vorablesung aus dem \"Sechsten Monat\""}]},{"word":"Roman eines Schicksalslosen","dsets":[{"sig_full":"01.01.00.00.-0786","titel":"Diskussion \u00fcber Deutsch-Ungarische Literaturbeziehungen","untertitel":"G\u00fcnter Grass und Imre Kertesz auf dem 11. Internationalen Buchfestival Budapest"}]},{"word":"Aus dem Tagebuch einer Schnecke","dsets":[{"sig_full":"01.01.00.00.-1032","titel":"G\u00fcnter Grass - Portr\u00e4t","untertitel":null},{"sig_full":"01.01.00.00.-0370","titel":"Ein Abend f\u00fcr G\u00fcnter Grass","untertitel":"Aufzeichnung einer Veranstaltung im Hamburger Thalia-Theater zum 70. Geburtstag"},{"sig_full":"01.01.00.00.-1492","titel":"Kr\u00e4hwinkelz\u00fcge - Bericht aus der deutschen Provinz","untertitel":"\u00dcber Provinzialismus"},{"sig_full":"01.01.00.00.-0988","titel":"Wer h\u00f6rt noch zu?","untertitel":null},{"sig_full":"01.01.00.00.-0522","titel":"Gespr\u00e4ch mit G\u00fcnter Grass und Per \u00d8hrgaard","untertitel":"Anl\u00e4sslich des \u00dcbersetzertreffens zu \"Mein Jahrhundert\""},{"sig_full":"01.01.00.00.-0430","titel":"Portr\u00e4t-Film 1988","untertitel":"Ton-Rohmaterial"},{"sig_full":"01.01.00.00.-1141","titel":"Hund und Katz' und Maus, Schnecke, Butt und Ratte","untertitel":"Kritik der Grass-Kritik"},{"sig_full":"01.01.00.00.-0088","titel":"G\u00fcnter Grass im Gespr\u00e4ch","untertitel":null},{"sig_full":"01.01.00.00.-0429","titel":"G\u00fcnter Grass und die Bundestagswahl 1969","untertitel":null},{"sig_full":"01.01.00.00.-1525","titel":"\u00dcber Heiner M\u00fcller, Christa Wolf und die Stasi","untertitel":null},{"sig_full":"01.01.00.00.-0505","titel":"Die Verzweiflung arbeitet ohne Netz","untertitel":"Gespr\u00e4ch mit Heinz Ludwig Arnold (Rohmaterial)"},{"sig_full":"01.01.00.00.-1425","titel":"Themenschwerpunkte im Werk von G\u00fcnter Grass","untertitel":"Interview anl\u00e4\u00dflich der Austellung \"W\u00f6rtliche Bilder\" in H\u00fcrth"},{"sig_full":"01.01.00.00.-0972","titel":"F\u00fcr Aufbr\u00fcche an andere Orte jederzeit vorbereitet","untertitel":"G\u00fcnter Grass im Gespr\u00e4ch mit Dr. Erhard Kluge anl\u00e4sslich seines 70. Geburtstages in seinem L\u00fcbecker Haus"},{"sig_full":"01.01.00.00.-1127","titel":"Gespr\u00e4ch mit G\u00fcnter Grass Tl. 1","untertitel":null},{"sig_full":"01.01.00.00.-1976","titel":"Vom Zeichnen und den Tieren","untertitel":null},{"sig_full":"01.01.00.00.-1059","titel":"G\u00fcnter Grass von der Lelewelastrasse (Poln.)","untertitel":null},{"sig_full":"01.01.00.00.-1131","titel":"Vom B\u00fcrgerschreck zum Gewissen der Nation","untertitel":"G\u00fcnter Grass zum 60. Geburtstag"},{"sig_full":"01.01.00.00.-0962","titel":"Der Knoten im Revolverlauf","untertitel":"Laudatio auf die Enth\u00fcllung der Skulptur \"Non Violence\" von Carl Frederik Reutersw\u00e4rd"},{"sig_full":"01.01.00.00.-0514","titel":"Literarischer Sommer im Funkhaus Hannover","untertitel":null},{"sig_full":"01.01.00.00.-0107","titel":"40. Geburtstag von G\u00fcnter Grass","untertitel":null},{"sig_full":"01.01.00.00.-0958","titel":"Goethe und Grass als Landschaftszeichner","untertitel":"Diesseits und Jenseits von Arkadien"},{"sig_full":"01.01.00.00.-0518","titel":"Deutsche Lebensl\u00e4ufe: G\u00fcnter Grass","untertitel":"Portr\u00e4t (3 Takes)"},{"sig_full":"01.01.00.00.-1798","titel":"Gespr\u00e4ch anl\u00e4\u00dflich des Erscheinens der Werkausgabe bei Luchterhand","untertitel":null},{"sig_full":"01.01.00.00.-0111","titel":"Kongre\u00df des Verbandes Deutscher Schriftsteller - Wahl des Bundsvorsitzenden Hans-Peter Bleuel","untertitel":"(mit O-Ton Grass)"},{"sig_full":"01.01.00.00.-0603","titel":"G\u00fcnter Grass zum 75. Geburtstag - Freunde lesen Grass","untertitel":"G\u00fcnter Grass in der freien Akademie der K\u00fcnste in Hamburg"},{"sig_full":"01.01.00.00.-0480","titel":"Phantasie als Existenznotwendigkeit","untertitel":"Siegfried Lenz im Gespr\u00e4ch mit G\u00fcnter Grass"},{"sig_full":"01.01.00.00.-0683","titel":"Tagesschau - Tel Aviv: deutsch-israelische Kulturwoche","untertitel":"Demonstration und Lesung von G\u00fcnter Grass"},{"sig_full":"01.01.00.00.-0326","titel":"\u00dcber Lion Feuchtwanger - Gespr\u00e4ch mit G\u00fcnter Grass","untertitel":null},{"sig_full":"01.01.00.00.-1819","titel":"Heinz Ludwig Arnold interviewt Schriftsteller in den Jahren von 1977-1999","untertitel":null},{"sig_full":"01.01.00.00.-0360","titel":"Gebrannte Erde","untertitel":"Rohmaterial der Lesung f\u00fcr \"Extratext\""},{"sig_full":"01.01.00.00.-0718","titel":"Interview zu \"Kopfgeburten oder Die Deutschen sterben aus\"","untertitel":null},{"sig_full":"01.01.00.00.-0225","titel":"Maler bin ich nicht - \u00dcber den aufzeichnenden Aufzeichner G\u00fcnter Grass","untertitel":"(Portr\u00e4t, ohne O-T\u00f6ne)"},{"sig_full":"01.01.00.00.-1818","titel":"Heinz Ludwig Arnold interviewt Schriftsteller in den Jahren von 1974-1977","untertitel":null},{"sig_full":"01.01.00.00.-0534","titel":"Nobler Herr im Frack","untertitel":"Harro Zimmermann im Gespr\u00e4ch mit G\u00fcnter Grass nach der Nobelpreisverleihung"},{"sig_full":"01.01.00.00.-0512","titel":"Aus dem Tagebuch einer Schnecke (Ausz\u00fcge)","untertitel":null},{"sig_full":"01.01.00.00.-0142","titel":"Deutsche Literatur","untertitel":"Interview mit G\u00fcnter Grass"},{"sig_full":"01.01.00.00.-0018","titel":"Zeichnen und Schreiben: Gespr\u00e4ch mit G\u00fcnter Grass","untertitel":null},{"sig_full":"01.01.00.00.-0507","titel":"Gespr\u00e4ch mit Heinz Ludwig Arnold (Rohmaterial)","untertitel":null},{"sig_full":"01.01.00.00.-0506","titel":"Gespr\u00e4ch mit dem Schriftsteller","untertitel":null},{"sig_full":"01.01.00.00.-0036","titel":"Aus dem Tagebuch einer Schnecke","untertitel":"Interview mit G\u00fcnter Grass"},{"sig_full":"01.01.00.00.-1892","titel":"Streitgespr\u00e4ch \u00fcber die \u00c4nderung des Asylparagraphen Grass - Engholm","untertitel":"Vollst\u00e4ndiges Gespr\u00e4ch"},{"sig_full":"01.01.00.00.-1092","titel":"G\u00fcnter Grass: Aus dem Tagebuch einer Schnecke","untertitel":null},{"sig_full":"01.01.00.00.-0521","titel":"Laudatio zur Verleihung der Hermann-Kesten-Medaille an G\u00fcnter Grass","untertitel":"Gek\u00fcrzte Radio-Fassung der Rede"},{"sig_full":"01.01.00.00.-0254","titel":"Aus dem Tagebuch einer Schnecke","untertitel":"Lesung der Kapitel 11 und 13"},{"sig_full":"01.01.00.00.-0175","titel":"Werbung f\u00fcr B\u00fccher (1975)","untertitel":null},{"sig_full":"01.01.00.00.-0199","titel":"Die sozialdemokratische W\u00e4hlerinitiative - Gespr\u00e4ch mit G\u00fcnter Grass","untertitel":null},{"sig_full":"01.01.00.00.-0530","titel":"Lichtenberg-Annotation","untertitel":null},{"sig_full":"01.01.00.00.-0614","titel":"L\u00fcbecker Werkstattbericht","untertitel":"Sechs Vorlesungen an der Medizinischen Universit\u00e4t L\u00fcbeck"},{"sig_full":"01.01.00.00.-1226","titel":"Spectrum: G\u00fcnter Grass zum Paragraphen 218","untertitel":null},{"sig_full":"01.01.00.00.-1610","titel":"Ein lebenslustiger Pessimist","untertitel":null},{"sig_full":"01.01.00.00.-1609","titel":"Neues von und \u00fcber Grass zum 75. Geburtstag","untertitel":"Feature \u00fcber die Neurscheinungen im Herbst 2002"},{"sig_full":"01.01.00.00.-1253","titel":"G\u00fcnter Grass 1981","untertitel":"Biographisches Portr\u00e4t"},{"sig_full":"01.01.00.00.-1268","titel":"Interview mit Grass Buchmesse in Frankfurt\/Main (engl.)","untertitel":null},{"sig_full":"01.01.00.00.-0222","titel":"Die Ambivalenz der Wahrheit zeigen","untertitel":"Aussage zur Person: G\u00fcnter Grass"},{"sig_full":"01.01.00.00.-1770","titel":"Eindr\u00fccke von der China-Reise","untertitel":"G\u00fcnter Grass im Interview mit Florian Sattler"},{"sig_full":"01.01.00.00.-0894","titel":"Lyrische Beute","untertitel":"140 Gedichte aus f\u00fcnfzig Jahren"},{"sig_full":"01.01.00.00.-0003","titel":"Vom Phantastischen zum Politischen? G\u00fcnter Grass \u00fcber seine literarische Entwicklung","untertitel":"Ein Gespr\u00e4ch"},{"sig_full":"01.01.00.00.-0322","titel":"Vom Stillstand im Fortschritt","untertitel":"Variationen zu Albrecht D\u00fcrers Kupferstich \"Melencolia I\""},{"sig_full":"01.01.00.00.-0153","titel":"Ein Tag mit G\u00fcnter Grass (bengali)","untertitel":"Portr\u00e4t des Schriftstellers, Grafikers und Bildhauers, Grass-O-T\u00f6ne (?)"},{"sig_full":"01.01.00.00.-0515","titel":"Interview mit Stefan Lohr","untertitel":"Grass als bildender K\u00fcnstler (Rohfassung)"},{"sig_full":"01.01.00.00.-0154","titel":"G\u00fcnter Grass als politischer Schriftsteller (Portr\u00e4t und Interview-Ausschnitt, bengali)","untertitel":null},{"sig_full":"01.01.00.00.-0328","titel":"Das Vivarium des G.G. - Eine Diskussion zum 60. Geburtstag von G\u00fcnter Grass","untertitel":"(kein O-Ton Grass)"},{"sig_full":"01.01.00.00.-1603","titel":"Das nagt an dem Alten","untertitel":"O-T\u00f6ne aus \"Die Blechtrommel\",  \"Aus dem Tagebuch einer Schnecke\" und \"Im Krebsgang\""},{"sig_full":"01.01.00.00.-0167","titel":"Sekund\u00e4rquellen bestimmen die Wahrnehmung von Literatur und Politik","untertitel":"Zeitgenossen. Begegnungen im Gespr\u00e4ch"},{"sig_full":"01.01.00.00.-1969","titel":"Arnon Gr\u00fcnberg und G\u00fcnter Grass \u00fcber Antisemitismus, Israel und den 2. Weltkrieg","untertitel":"Gespr\u00e4ch anl\u00e4\u00dflich des Prager Autorenfestivals 2013"}]},{"word":"Die Plebejer proben den Aufstand","dsets":[{"sig_full":"01.01.00.00.-1032","titel":"G\u00fcnter Grass - Portr\u00e4t","untertitel":null},{"sig_full":"01.01.00.00.-0320","titel":"Die Plebejer proben den Aufstand - Diskussion \u00fcber das Theaterst\u00fcck von G\u00fcnter Grass","untertitel":null},{"sig_full":"01.01.00.00.-1517","titel":"Tag der Einheit (bengali)","untertitel":"Der 17.06. wird zum gesamtdeutschen Datum"},{"sig_full":"01.01.00.00.-0988","titel":"Wer h\u00f6rt noch zu?","untertitel":null},{"sig_full":"01.01.00.00.-1141","titel":"Hund und Katz' und Maus, Schnecke, Butt und Ratte","untertitel":"Kritik der Grass-Kritik"},{"sig_full":"01.01.00.00.-0983","titel":"Die Plebejer proben den Aufstand","untertitel":null},{"sig_full":"01.01.00.00.-0087","titel":"Lerke von Saalfeld im Gespr\u00e4ch mit G\u00fcnter Grass","untertitel":null},{"sig_full":"01.01.00.00.-1830","titel":"Theaterlesung zu \"Die Plebejer proben den Aufstand\"","untertitel":null},{"sig_full":"01.01.00.00.-0458","titel":"Zur Person: G\u00fcnter Grass","untertitel":null},{"sig_full":"01.01.00.00.-1103","titel":"Ehrungen der Deutschen Akademie f\u00fcr Sprache und Dichtung Darmstadt 1965","untertitel":null},{"sig_full":"01.01.00.00.-0505","titel":"Die Verzweiflung arbeitet ohne Netz","untertitel":"Gespr\u00e4ch mit Heinz Ludwig Arnold (Rohmaterial)"},{"sig_full":"01.01.00.00.-0972","titel":"F\u00fcr Aufbr\u00fcche an andere Orte jederzeit vorbereitet","untertitel":"G\u00fcnter Grass im Gespr\u00e4ch mit Dr. Erhard Kluge anl\u00e4sslich seines 70. Geburtstages in seinem L\u00fcbecker Haus"},{"sig_full":"01.01.00.00.-1516","titel":"Arbeiterbewegung, Arbeiteraufstand oder Volkserhebung?","untertitel":"Die Einheit und der R\u00fcckblick auf die Arbeiterbewegung vom 17.06.1953"},{"sig_full":"01.01.00.00.-0107","titel":"40. Geburtstag von G\u00fcnter Grass","untertitel":null},{"sig_full":"01.01.00.00.-0477","titel":"Politisches Theater - Filmdokumentation","untertitel":null},{"sig_full":"01.01.00.00.-1795","titel":"Die zweite Lesereise in die DDR (tel.)","untertitel":null},{"sig_full":"01.01.00.00.-1801","titel":"Vor der Premiere von \"Davor\"","untertitel":"Interview mit G\u00fcnter Grass nach einer Probe des St\u00fccks"},{"sig_full":"01.01.00.00.-0119","titel":"Gespr\u00e4ch mit G\u00fcnter Grass","untertitel":null},{"sig_full":"01.01.00.00.-1750","titel":"G\u00fcnter Grass diskutiert mit Sch\u00fclern des Berliner Humboldt-Gymnasiums","untertitel":"Lesung aus dem vierten Akt \"Die Plebejer proben den Aufstand\""},{"sig_full":"01.01.00.00.-0995","titel":"Grass, G\u00fcnter  -  Jahrgang 1927","untertitel":"Fassung 1995"},{"sig_full":"01.01.00.00.-1871","titel":"Die Plebejer proben den Aufstand","untertitel":"Vollst\u00e4ndige Lesung als H\u00f6rbuch"},{"sig_full":"01.01.00.00.-1775","titel":"Vom Dichter zum Politiker?","untertitel":"Kurz nach dem Eintritt in die SPD spricht G\u00fcnter Grass \u00fcber politische Ambitionen und Literatur"},{"sig_full":"01.01.00.00.-0992","titel":"Papier und Passion: Marcel Reich-Ranicki","untertitel":"Portr\u00e4t des Literaturkritikers anl\u00e4\u00dflich seines 80. Geburtstags"},{"sig_full":"01.01.00.00.-0126","titel":"Deutsche Dichter in Schweden - 26. Tagung der Gruppe 47","untertitel":"1964"},{"sig_full":"01.01.00.00.-1818","titel":"Heinz Ludwig Arnold interviewt Schriftsteller in den Jahren von 1974-1977","untertitel":null},{"sig_full":"01.01.00.00.-0760","titel":"Hessenschau: Festakt 1250 Jahre Bad Hersfeld","untertitel":"Stichpunkte zur Stadtgeschichte"},{"sig_full":"01.01.00.00.-0510","titel":"Gespr\u00e4ch mit Heinz Ludwig Arnold (Rohfassung)","untertitel":null},{"sig_full":"01.01.00.00.-0506","titel":"Gespr\u00e4ch mit dem Schriftsteller","untertitel":null},{"sig_full":"01.01.00.00.-0273","titel":"Die Plebejer proben den Aufstand - Ein deutsches Trauerspiel (Szenen-Ausschnitte)","untertitel":null},{"sig_full":"01.01.00.00.-0282","titel":"Vor- und Nachgeschichte der Trag\u00f6die des Coriolan von Livius und Plutarch \u00fcber Shakespeare bis zu Brecht und mir","untertitel":"Rede zu Shakespeares 400. Geburtstag (mit Ank\u00fcndigung von Grass' Plebejerst\u00fcck), Mitschnitt"},{"sig_full":"01.01.00.00.-0306","titel":"F\u00fchrer und Verf\u00fchrte - Eine Sendereihe \u00fcber Geist und Mode unserer Zeit, 15. G\u00fcnter Grass oder Das erf\u00fcllte Image","untertitel":null},{"sig_full":"01.01.00.00.-0262","titel":"Ge\u00f6ffneter Schrank - G\u00fcnter Grass liest ein Gedicht aus dem Band \"Die Vorz\u00fcge der Windh\u00fchner\" und Interpretation des Gedichts von Klaus Wagenbach","untertitel":null},{"sig_full":"01.01.00.00.-1600","titel":"Telefoninterview zum 75. Geburtstages des deutschen Schriftstellers G\u00fcnter Grass (bengali)","untertitel":null},{"sig_full":"01.01.00.00.-0614","titel":"L\u00fcbecker Werkstattbericht","untertitel":"Sechs Vorlesungen an der Medizinischen Universit\u00e4t L\u00fcbeck"},{"sig_full":"01.01.00.00.-1259","titel":"Zur Person: G\u00fcnter Grass im Gespr\u00e4ch mit G\u00fcnter Gaus","untertitel":null},{"sig_full":"01.01.00.00.-1692","titel":"Kulturbeitrag \u00fcber G\u00fcnter Grass (bengali)","untertitel":"\u00dcber \"Die Plebejer proben den Aufstand\""},{"sig_full":"01.01.00.00.-1817","titel":"Heinz Ludwig Arnold interviewt Schriftsteller in den Jahren von 1970-1974","untertitel":null},{"sig_full":"01.01.00.00.-1756","titel":"Gespr\u00e4ch vor der Premiere von \"Davor\"","untertitel":"G\u00fcnter Grass \u00e4u\u00dfert sich zu seinem neuen Theaterst\u00fcck"},{"sig_full":"01.01.00.00.-0222","titel":"Die Ambivalenz der Wahrheit zeigen","untertitel":"Aussage zur Person: G\u00fcnter Grass"},{"sig_full":"01.01.00.00.-0528","titel":"G\u00fcnter Grass und Wolfgang Thierse bei \"Schriftsteller treffen Politiker. Anstiftung zu einem Dialog\"","untertitel":"Gespr\u00e4ch nach einer Lesung aus \"Mein Jahrhundert\""},{"sig_full":"01.01.00.00.-0003","titel":"Vom Phantastischen zum Politischen? G\u00fcnter Grass \u00fcber seine literarische Entwicklung","untertitel":"Ein Gespr\u00e4ch"},{"sig_full":"01.01.00.00.-0515","titel":"Interview mit Stefan Lohr","untertitel":"Grass als bildender K\u00fcnstler (Rohfassung)"},{"sig_full":"01.01.00.00.-0952","titel":"Interview mit der Sch\u00fclerzeitung \"Fl\u00fcstert\u00fcte\"","untertitel":"Die Fl\u00fcstert\u00fcte, Sch\u00fclerzeitung des Gymnasiums Meppen"},{"sig_full":"01.01.00.00.-0319","titel":"Interview mit G\u00fcnter Grass","untertitel":null},{"sig_full":"01.01.00.00.-0163","titel":"Deutschlandpolitik - Gespr\u00e4ch mit G\u00fcnter Grass","untertitel":null}]},{"word":"Zunge zeigen","dsets":[{"sig_full":"01.01.00.00.-1032","titel":"G\u00fcnter Grass - Portr\u00e4t","untertitel":null},{"sig_full":"01.01.00.00.-0020","titel":"Zunge zeigen (1-10)","untertitel":null},{"sig_full":"01.01.00.00.-0056","titel":"Zunge zeigen - Ein Gespr\u00e4ch mit G\u00fcnter Grass \u00fcber sein Indien-Buch","untertitel":null},{"sig_full":"01.01.00.00.-0430","titel":"Portr\u00e4t-Film 1988","untertitel":"Ton-Rohmaterial"},{"sig_full":"01.01.00.00.-0087","titel":"Lerke von Saalfeld im Gespr\u00e4ch mit G\u00fcnter Grass","untertitel":null},{"sig_full":"01.01.00.00.-0088","titel":"G\u00fcnter Grass im Gespr\u00e4ch","untertitel":null},{"sig_full":"01.01.00.00.-0792","titel":"Das Gespr\u00e4ch: G\u00fcnter Grass","untertitel":"Werkstattbesuch bei G\u00fcnter Grass"},{"sig_full":"01.01.00.00.-0753","titel":"Zunge zeigen","untertitel":null},{"sig_full":"01.01.00.00.-0178","titel":"Zunge zeigen - Interview mit G\u00fcnter Grass \u00fcber sein Indien-Buch","untertitel":null},{"sig_full":"01.01.00.00.-1513","titel":"Eine andere Betrachtungsweise Indiens","untertitel":"Natascha Selinger \u00fcber Grass und Indien"},{"sig_full":"01.01.00.00.-0972","titel":"F\u00fcr Aufbr\u00fcche an andere Orte jederzeit vorbereitet","untertitel":"G\u00fcnter Grass im Gespr\u00e4ch mit Dr. Erhard Kluge anl\u00e4sslich seines 70. Geburtstages in seinem L\u00fcbecker Haus"},{"sig_full":"01.01.00.00.-1057","titel":"B\u00fccher, B\u00fccher \u2013 G\u00fcnter Grass 1992","untertitel":"Zur Neuerscheinung \"F\u00fcnf Jahrzehnte - Ein Werkstattbericht\" und \"Unkenrufe\""},{"sig_full":"01.01.00.00.-0969","titel":"Gespr\u00e4ch bei einer Ausstellungser\u00f6ffnung kurz vor Ver\u00f6ffentlichung von \"Ein weites Feld\"","untertitel":null},{"sig_full":"01.01.00.00.-0898","titel":"G\u00fcnter Grass in Kalkutta: Wie der Nobelpreistr\u00e4ger mal wieder Indien bereist","untertitel":"Kulturreport"},{"sig_full":"01.01.00.00.-0958","titel":"Goethe und Grass als Landschaftszeichner","untertitel":"Diesseits und Jenseits von Arkadien"},{"sig_full":"01.01.00.00.-0113","titel":"Zunge zeigen","untertitel":"G\u00fcnter Grass liest sein Gedicht in zw\u00f6lf Teilen (mit kurzer Einf\u00fchrung des Autors)"},{"sig_full":"01.01.00.00.-0771","titel":"\"Zunge Zeigen\" als unscheinbares Reisetagebuch","untertitel":"Titel, Thesen, Temperamente: 40. internationale Buchmesse Frankfurt 1988"},{"sig_full":"01.01.00.00.-1339","titel":"\"Zunge zeigen\" -  Interview mit G\u00fcnter Grass \u00fcber sein neues Buch","untertitel":"Kritische Zustandsbeschreibung der Bundesrepublik"},{"sig_full":"01.01.00.00.-0603","titel":"G\u00fcnter Grass zum 75. Geburtstag - Freunde lesen Grass","untertitel":"G\u00fcnter Grass in der freien Akademie der K\u00fcnste in Hamburg"},{"sig_full":"01.01.00.00.-0484","titel":"Gespr\u00e4ch mit G\u00fcnter Grass","untertitel":"Buten & Binnen - Stadtschnack"},{"sig_full":"01.01.00.00.-0936","titel":"G\u00fcnter Grass in Kalkutta","untertitel":"Stilbruch"},{"sig_full":"01.01.00.00.-0413","titel":"Das Treffen in Telgte - Interview mit G\u00fcnter Grass","untertitel":"Grass trifft sich mit Kollegen"},{"sig_full":"01.01.00.00.-0360","titel":"Gebrannte Erde","untertitel":"Rohmaterial der Lesung f\u00fcr \"Extratext\""},{"sig_full":"01.01.00.00.-0485","titel":"Indien-Zeichnungen - G\u00fcnter-Grass-Ausstellung in der Bremer Kunsthalle","untertitel":"buten & binnen"},{"sig_full":"01.01.00.00.-1187","titel":"Lesezeichen: G\u00fcnter Grass in Kalkutta","untertitel":null},{"sig_full":"01.01.00.00.-0521","titel":"Laudatio zur Verleihung der Hermann-Kesten-Medaille an G\u00fcnter Grass","untertitel":"Gek\u00fcrzte Radio-Fassung der Rede"},{"sig_full":"01.01.00.00.-1510","titel":"Einsichten \u00fcber Indien aus europ\u00e4ischer Sicht","untertitel":"Zum Erscheinen von \"Zunge zeigen\""},{"sig_full":"01.01.00.00.-0519","titel":"Besuch bei G\u00fcnter Grass","untertitel":"Ich sah Kalkutta \u00fcber uns kommen"},{"sig_full":"01.01.00.00.-0580","titel":"Calcutta - Er\u00f6ffnung der Ausstellung mit Calcutta-Bl\u00e4ttern von Grass aus dem Besitz der Freien Hansestadt Bremen","untertitel":null},{"sig_full":"01.01.00.00.-1600","titel":"Telefoninterview zum 75. Geburtstages des deutschen Schriftstellers G\u00fcnter Grass (bengali)","untertitel":null},{"sig_full":"01.01.00.00.-1631","titel":"Zu Besuch im Goethe-Institut Kalkutta","untertitel":"Lesung und Diskussion im Max M\u00fcller Bhavan in Kolkata"},{"sig_full":"01.01.00.00.-0614","titel":"L\u00fcbecker Werkstattbericht","untertitel":"Sechs Vorlesungen an der Medizinischen Universit\u00e4t L\u00fcbeck"},{"sig_full":"01.01.00.00.-1618","titel":"G\u00fcnter Grass in Bangladesch und Westbengalen (bengali)","untertitel":null},{"sig_full":"01.01.00.00.-1616","titel":"Zunge zeigen und Kalkutta (bengali)","untertitel":null},{"sig_full":"01.01.00.00.-1692","titel":"Kulturbeitrag \u00fcber G\u00fcnter Grass (bengali)","untertitel":"\u00dcber \"Die Plebejer proben den Aufstand\""},{"sig_full":"01.01.00.00.-1691","titel":"\"My broken love\" Kalkutta  (bengali)","untertitel":"Martin K\u00e4mpchen \u00fcber Kalkutta und G\u00fcnter Grass"},{"sig_full":"01.01.00.00.-1697","titel":"Entstehungsgeschichte \"Ein weites Feld\"","untertitel":"Ein sehr pers\u00f6nliches Interview mit Publikum"},{"sig_full":"01.01.00.00.-0515","titel":"Interview mit Stefan Lohr","untertitel":"Grass als bildender K\u00fcnstler (Rohfassung)"},{"sig_full":"01.01.00.00.-0680","titel":"Gratwanderung zwischen Sprachen und Kulturen (Palermo)","untertitel":"Wolfgang Rumpf im Gespr\u00e4ch mit G\u00fcnter Grass"},{"sig_full":"01.01.00.00.-0160","titel":"Bericht \u00fcber G\u00fcnter Grass und sein neues Buch \"Zunge zeigen\" (bengali)","untertitel":null},{"sig_full":"01.01.00.00.-0156","titel":"G\u00fcnter Grass zweiter Besuch in Kalkutta (bengalisch)","untertitel":"Kalkutta als Wohnort von G\u00fcnter Grass"},{"sig_full":"01.01.00.00.-0161","titel":"Zum Beispiel Calcutta - Ansprache von G\u00fcnter Grass vor Mitgliedern des \"Club of Rome\" (leicht gek\u00fcrzte Fassung)","untertitel":"Anmoderation, Rede und Abmoderation"},{"sig_full":"01.01.00.00.-0162","titel":"21. Tagung des \"Club of Rome\" in Hannover","untertitel":null},{"sig_full":"01.01.00.00.-0159","titel":"Zunge zeigen - Interview mit G\u00fcnter Grass auf der Frankfurter Buchmesse \u00fcber sein Indien-Buch","untertitel":null},{"sig_full":"01.01.00.00.-1971","titel":"Die Indien-Erfahrungen","untertitel":null}]},{"word":"Die Box","dsets":[{"sig_full":"01.01.00.00.-1950","titel":"Paul Kersten stellt \"Die Box\" vor","untertitel":null},{"sig_full":"01.01.00.00.-1951","titel":"\u00dcber die Entstehung von \"Die Box\"","untertitel":null},{"sig_full":"01.01.00.00.-1738","titel":"Zu \u00dcbersetzungen  von \"Grimms W\u00f6rter\" (engl.)","untertitel":"\u00dcbersetzerkonferenz in Straelen 2011"},{"sig_full":"01.01.00.00.-1812","titel":"K\u00fcnstlerbiographie G\u00fcnter Grass","untertitel":"Umfassendes Portr\u00e4t von 2011"},{"sig_full":"01.01.00.00.-1456","titel":"Steidlville","untertitel":"Ein Besuch beim Grass -Verleger in G\u00f6ttingen"},{"sig_full":"01.01.00.00.-1412","titel":"\u00dcbrig geblieben","untertitel":"CD mit H\u00f6rprobe aus dem Steidl-Verlagsverzeichnis Herbst 2008. G\u00fcnter Grass liest das erste Kapitel aus \"Die Box\""},{"sig_full":"01.01.00.00.-1711","titel":"Liebeserkl\u00e4rung an die deutsche Sprache","untertitel":"G\u00fcnter Grass im Gespr\u00e4ch mit Prof. H. Detering"},{"sig_full":"01.01.00.00.-1722","titel":"\"Eine Art von Loslassen\"","untertitel":"Klaus Siblewski \u00fcber \"Grimms W\u00f6rter\""},{"sig_full":"01.01.00.00.-1327","titel":"G\u00fcnter Grass besucht die Gesamtschule Ost in Bremen","untertitel":null},{"sig_full":"01.01.00.00.-1735","titel":"G\u00fcnter Grass im Willy-Brandt-Haus 2010","untertitel":"Einf\u00fchrung von Sigmar Gabriel mit anschliessender Lesung"},{"sig_full":"01.01.00.00.-1686","titel":"\u00dcber die Entstehung von \"Die Box\"","untertitel":"Lesung aus \"Die Box\" im Hamburger Thalia Theater und Buchvorstellung - mit St\u00f6rung"},{"sig_full":"01.01.00.00.-1310","titel":"Die Box - Dunkelkammergeschichten","untertitel":"Lesung aus dem ersten Kapitel"}]},{"word":"Novemberland, Die Vorz\u00fcge der Windh\u00fchner, Die Blechtrommel","dsets":[{"sig_full":"01.01.00.00.-0370","titel":"Ein Abend f\u00fcr G\u00fcnter Grass","untertitel":"Aufzeichnung einer Veranstaltung im Hamburger Thalia-Theater zum 70. Geburtstag"}]},{"word":"Mutma\u00dfungen \u00fcber Jakob","dsets":[{"sig_full":"01.01.00.00.-0329","titel":"\"Die Blechtrommel\" von G\u00fcnter Grass - Gespr\u00e4ch mit Hans Werner-Richter","untertitel":"R\u00fcckblick und historische erste Aufnahme von einer Lesung aus der \"Blechtrommel\""},{"sig_full":"01.01.00.00.-1464","titel":"G\u00fcnter Grass trifft Hermann Kant","untertitel":"Zusammenfassung des Streitgespr\u00e4chs im Berliner Ensemble"},{"sig_full":"01.01.00.00.-1114","titel":"Telefoninterview mit G\u00fcnter Grass \u00fcber Uwe Johnson","untertitel":null},{"sig_full":"01.01.00.00.-1102","titel":"Neue deutsche Prosa","untertitel":"Kritische Portr\u00e4ts von Heinz von Cramer, G\u00fcnter Grass und Uwe Johnson"},{"sig_full":"01.01.00.00.-1201","titel":"Die Provinz ist die Geburtsst\u00e4tte der Literatur","untertitel":"G\u00fcnter Grass im Gespr\u00e4ch \u00fcber  Heinrich B\u00f6ll"},{"sig_full":"01.01.00.00.-0614","titel":"L\u00fcbecker Werkstattbericht","untertitel":"Sechs Vorlesungen an der Medizinischen Universit\u00e4t L\u00fcbeck"}]},{"word":"Berlin Alexanderplatz","dsets":[{"sig_full":"01.01.00.00.-0329","titel":"\"Die Blechtrommel\" von G\u00fcnter Grass - Gespr\u00e4ch mit Hans Werner-Richter","untertitel":"R\u00fcckblick und historische erste Aufnahme von einer Lesung aus der \"Blechtrommel\""},{"sig_full":"01.01.00.00.-1446","titel":"G\u00fcnter Grass im Gef\u00e4ngnis","untertitel":"Lesung in der JVA Tegel"},{"sig_full":"01.01.00.00.-0598","titel":"Erster landesweiter Stiftungstag Schleswig-Holstein 2003 in L\u00fcbeck","untertitel":"Gespr\u00e4ch, Lesung aus \"Hundejahre\" und Absage"},{"sig_full":"01.01.00.00.-1748","titel":"Mitschnitt der Lesung \"Schriftsteller lesen in Berlin\" 1964","untertitel":"Mit einem Referat von Klaus Wagenbach, einer Lesung aus \"Hundejahre\" und Ausschnitten aus der abschlie\u00dfenden Diskussion"},{"sig_full":"01.01.00.00.-1495","titel":"Der Autor als Stifter","untertitel":"\u00dcber den Alfred- D\u00f6blin-Preis"},{"sig_full":"01.01.00.00.-1586","titel":"Verleihung des Alfred-D\u00f6blin-Preises 2001 (bengali)","untertitel":null},{"sig_full":"01.01.00.00.-0614","titel":"L\u00fcbecker Werkstattbericht","untertitel":"Sechs Vorlesungen an der Medizinischen Universit\u00e4t L\u00fcbeck"},{"sig_full":"01.01.00.00.-1678","titel":"Happy Birthday  Mr. Grass!","untertitel":"Gratulationen aus aller Welt  zum 80. Geburtstag"}]},{"word":"Wallenstein","dsets":[{"sig_full":"01.01.00.00.-0329","titel":"\"Die Blechtrommel\" von G\u00fcnter Grass - Gespr\u00e4ch mit Hans Werner-Richter","untertitel":"R\u00fcckblick und historische erste Aufnahme von einer Lesung aus der \"Blechtrommel\""},{"sig_full":"01.01.00.00.-1354","titel":"Dichter, B\u00fcrger, Moralist","untertitel":"G\u00fcnter Grass im Gespr\u00e4ch mit Fritz Pleitgen anl\u00e4\u00dflich seines 75. Geburtstags"},{"sig_full":"01.01.00.00.-1204","titel":"Dichter B\u00fcrger Moralist","untertitel":"G\u00fcnter Grass im Gespr\u00e4ch mit Fritz Pleitgen"}]},{"word":"Mein Jahrhundert","dsets":[{"sig_full":"01.01.00.00.-0369","titel":"Mein Jahrhundert (Auszug: 1970\/1990)","untertitel":null},{"sig_full":"01.01.00.00.-1350","titel":"Kultureller Jahresr\u00fcckblick 1999","untertitel":"Erinnern und Vergessen"},{"sig_full":"01.01.00.00.-1278","titel":"Gymnasium Nr. 26 spielt \"Mein Jahrhundert\" (1903, 1961, 1952)","untertitel":"Grass macht Schule - Gdansk"},{"sig_full":"01.01.00.00.-0522","titel":"Gespr\u00e4ch mit G\u00fcnter Grass und Per \u00d8hrgaard","untertitel":"Anl\u00e4sslich des \u00dcbersetzertreffens zu \"Mein Jahrhundert\""},{"sig_full":"01.01.00.00.-1421","titel":"lnterview im Fu\u00dfballstadion am Millerntor","untertitel":"Lesung am Millerntor beim F.C. St. Pauli Hamburg"},{"sig_full":"01.01.00.00.-1452","titel":"K\u00fcnstlerische Doppelbegabung: Zeichnen und Schreiben bei G\u00fcnter Grass","untertitel":"Vortrag von Volker Neuhaus"},{"sig_full":"01.01.00.00.-0332","titel":"Mein Jahrhundert - Gespr\u00e4ch mit G\u00fcnter Grass","untertitel":null},{"sig_full":"01.01.00.00.-0429","titel":"G\u00fcnter Grass und die Bundestagswahl 1969","untertitel":null},{"sig_full":"01.01.00.00.-1830","titel":"Theaterlesung zu \"Die Plebejer proben den Aufstand\"","untertitel":null},{"sig_full":"01.01.00.00.-1043","titel":"Mein Jahrhundert (Ausz\u00fcge)","untertitel":"Text- und Toncollage"},{"sig_full":"01.01.00.00.-1469","titel":"\u00dcber die Recherchen an der Stasi-Akte von G\u00fcnter Grass","untertitel":"Gespr\u00e4ch \u00fcber das Feature \"Deckname Bolzen\""},{"sig_full":"01.01.00.00.-0491","titel":"Mein Jahrhundert - Folge 3 (1954, 1958, 1959, 1960, 1961, 1964, 1965, 1966, 1970, 1973, 1977)","untertitel":"Titel siehe Abstract"},{"sig_full":"01.01.00.00.-0083","titel":"Von Beruf Handwerker","untertitel":"Ein Werkstattbericht"},{"sig_full":"01.01.00.00.-1018","titel":"Grass \u00fcber \"Mein Jahrhundert\"","untertitel":null},{"sig_full":"01.01.00.00.-1422","titel":"Eine neue Stadionerfahrung","untertitel":"Nachbericht  der  Lesung am Millerntor beim F.C. St. Pauli Hamburg"},{"sig_full":"01.01.00.00.-1059","titel":"G\u00fcnter Grass von der Lelewelastrasse (Poln.)","untertitel":null},{"sig_full":"01.01.00.00.-0969","titel":"Gespr\u00e4ch bei einer Ausstellungser\u00f6ffnung kurz vor Ver\u00f6ffentlichung von \"Ein weites Feld\"","untertitel":null},{"sig_full":"01.01.00.00.-0898","titel":"G\u00fcnter Grass in Kalkutta: Wie der Nobelpreistr\u00e4ger mal wieder Indien bereist","untertitel":"Kulturreport"},{"sig_full":"01.01.00.00.-0588","titel":"Grass in Rom","untertitel":"Internationales Literaturfestival und die Ausstellung \"In gemischter Gesellschaft\""},{"sig_full":"01.01.00.00.-0956","titel":"\u00dcbersetzer-Konferenz","untertitel":"Kurzinterviews mit vier \u00dcbersetzern"},{"sig_full":"01.01.00.00.-1440","titel":"G\u00fcnter Grass liest \"Mein Jahrhundert\" 1951-1995","untertitel":"Teil II: 1951, 1962, 1969, 1972, 1974, 1981, 1983, 1995"},{"sig_full":"01.01.00.00.-0367","titel":"G\u00fcnter Grass und seine \u00dcbersetzer","untertitel":null},{"sig_full":"01.01.00.00.-0490","titel":"Mein Jahrhundert - Folge 2 (1933, 1935, 1936, 1938, 1939, 1942, 1945, 1946, 1948, 1952, 1953)","untertitel":"Titel siehe Abstract"},{"sig_full":"01.01.00.00.-0787","titel":"Interview mit G\u00fcnter Grass zu \"Mein Jahrhundert\" (Rohfassung)","untertitel":"G\u00fcnter Grass zu 'Mein Jahrhundert' befragt von J\u00f6rg-Dieter Kogel und Harro Zimmermann"},{"sig_full":"01.01.00.00.-0778","titel":"Fu\u00dfball oder Literatur?","untertitel":"Lesung am Millerntor beim F.C. St. Pauli Hamburg"},{"sig_full":"01.01.00.00.-0783","titel":"Gespr\u00e4chszeit  mit Helmut Frielinghaus","untertitel":"\u00dcber Lektorats- und Verlagst\u00e4tigkeit"},{"sig_full":"01.01.00.00.-1188","titel":"Frankenschau: Frankenchronik  - Grass im Presseclub","untertitel":null},{"sig_full":"01.01.00.00.-1014","titel":"Gespr\u00e4ch mit Lohr","untertitel":null},{"sig_full":"01.01.00.00.-0488","titel":"G\u00fcnter Grass zu \"Mein Jahrhundert\"","untertitel":"befragt von J\u00f6rg-Dieter Kogel und Harro Zimmermann"},{"sig_full":"01.01.00.00.-0493","titel":"G\u00fcnter Grass in Bremen","untertitel":"Der Nobelpreistr\u00e4ger besucht Bremen und liest im Rathaus aus seinem Roman \"Mein Jahrhundert\""},{"sig_full":"01.01.00.00.-1048","titel":"Hessenschau \u2013 Einem Nobelpreistr\u00e4ger zu Ehren","untertitel":"Lesemarathon mit Grass-Texten"},{"sig_full":"01.01.00.00.-0908","titel":"Gespr\u00e4chzeit am Sonntag","untertitel":null},{"sig_full":"01.01.00.00.-0936","titel":"G\u00fcnter Grass in Kalkutta","untertitel":"Stilbruch"},{"sig_full":"01.01.00.00.-0360","titel":"Gebrannte Erde","untertitel":"Rohmaterial der Lesung f\u00fcr \"Extratext\""},{"sig_full":"01.01.00.00.-1022","titel":"Mein Jahrhundert (Versprecher)","untertitel":null},{"sig_full":"01.01.00.00.-0556","titel":"Der spanische Grass-\u00dcbersetzer Miguel Saenz","untertitel":null},{"sig_full":"01.01.00.00.-0479","titel":"G\u00fcnter Grass und Pierre Bourdieu im Gespr\u00e4ch (dt\/frz.)","untertitel":"Von unten gesehen - Trommler f\u00fcr die Vernuft"},{"sig_full":"01.01.00.00.-0542","titel":"\u00dcber das Zeichnen und Schreiben - Eine Dokumentationsausstellung des Goethe-Instituts in der Bremischen B\u00fcrgerschaft","untertitel":"Podiumsdiskussion"},{"sig_full":"01.01.00.00.-0558","titel":"G\u00fcnter Grass und seine \u00dcbersetzer","untertitel":"Art und Weise - Funkhaus Europa (Spezial)"},{"sig_full":"01.01.00.00.-0310","titel":"Das h\u00f6r ich gern (14. Folge) - G\u00fcnter Grass","untertitel":"Musik von Igor Strawinsky, Guiseppe Tartini u.a."},{"sig_full":"01.01.00.00.-0550","titel":"G\u00fcnter Grass - Vom Zeichnen und Schreiben","untertitel":"Er\u00f6ffung der Ausstellung in der Bremischen B\u00fcrgerschaft"},{"sig_full":"01.01.00.00.-1213","titel":"Morgenmagazin:  Die erste Lesung G\u00fcnter Grass","untertitel":"Mein Jahrhundert"},{"sig_full":"01.01.00.00.-0557","titel":"Der d\u00e4nische Grass-\u00dcbersetzer Per \u00d8hrgaard","untertitel":"Telefoninterview"},{"sig_full":"01.01.00.00.-0489","titel":"Mein Jahrhundert - Folge 1 (1900, 1903, 1908, 1910, 1913, 1914, 1918, 1919, 1921, 1923, 1925, 1927, 1930)","untertitel":null},{"sig_full":"01.01.00.00.-0486","titel":"Literatur-Nobelpreis f\u00fcr G\u00fcnter Grass","untertitel":null},{"sig_full":"01.01.00.00.-0371","titel":"Dieselbe Tinte - G\u00fcnter Grass und Hans Mayer im Gespr\u00e4ch \u00fcber das Wort und das Bild","untertitel":null},{"sig_full":"01.01.00.00.-1920","titel":"Lesung auf SPD-Wahlkampfveranstaltung in Hamburg-Bergstedt","untertitel":null},{"sig_full":"01.01.00.00.-1439","titel":"Salon du Livres 2001","untertitel":"\"Mein Jahrhundert\" wird in Frankreich vorgestellt"},{"sig_full":"01.01.00.00.-1915","titel":"Probenausschnitte zu \"Mein Jahrhundert\" im Hamburger Thalia Theater","untertitel":null},{"sig_full":"01.01.00.00.-1550","titel":"Vom Abenteuer der Aufkl\u00e4rung","untertitel":"Interview mit Harro Zimmermann anl\u00e4\u00dflich der  Ver\u00f6ffentlichung des Interviewbandes"},{"sig_full":"01.01.00.00.-1910","titel":"\u00dcber das Projekt \"Mein Jahrhundert\"","untertitel":null},{"sig_full":"01.01.00.00.-1561","titel":"Eine deutsche Topographie","untertitel":"Zu den Motiven der Entstehung von \"Mein Jahrhundert\""},{"sig_full":"01.01.00.00.-1556","titel":"Episteln zum Jahrhundert","untertitel":"G\u00fcnter Grass portr\u00e4tiert die Zeit von 1900 bis 1999 in kleinen Sch\u00fcben"},{"sig_full":"01.01.00.00.-1576","titel":"\"Mein Jahrhundert\" auf der B\u00fchne des Thalia Theaters","untertitel":"Horst K\u00f6nigstein inszeniert  Szenen und Figuren als Theaterst\u00fcck"},{"sig_full":"01.01.00.00.-1566","titel":"Eine Trommel f\u00fcr G\u00fcnter Grass","untertitel":"G\u00fcnter Grass nach der Literaturnobelpeisverleihung auf der  Frankfurter Buchmesse 1999"},{"sig_full":"01.01.00.00.-1574","titel":"Literaturnobelpreis f\u00fcr G\u00fcnter Grass (poln.)","untertitel":"Wochenr\u00fcckblick"},{"sig_full":"01.01.00.00.-1599","titel":"Das dritte Autorentreffen in Telgte","untertitel":"Europ\u00e4ische Autoren diskutieren unter anderem \u00fcber die Folgen des 11. September"},{"sig_full":"01.01.00.00.-0591","titel":"In gemischter Gesellschaft - Ausstellung zur Doppelbegabung G\u00fcnter Grass","untertitel":null},{"sig_full":"01.01.00.00.-0584","titel":"Mein Jahrhundert - Ausz\u00fcge","untertitel":"Text- und Toncollage"},{"sig_full":"01.01.00.00.-0532","titel":"Pressekonferenz: Vom Abenteuer der Aufkl\u00e4rung","untertitel":"Werkstattgespr\u00e4che mit G\u00fcnter Grass"},{"sig_full":"01.01.00.00.-1618","titel":"G\u00fcnter Grass in Bangladesch und Westbengalen (bengali)","untertitel":null},{"sig_full":"01.01.00.00.-1605","titel":"Grass-Rezeption in China","untertitel":"\u00dcber die H\u00fcrden bei Grass-\u00dcbersetzungen und Ver\u00f6ffentlichungen"},{"sig_full":"01.01.00.00.-1243","titel":"Zwangsarbeit - Entsch\u00e4digt und vergessen?","untertitel":null},{"sig_full":"01.01.00.00.-1608","titel":"Pointierter Biss bei  \"Fundsachen f\u00fcr Grass-Leser\"","untertitel":"Ausstellung Im Literaturarchiv der Berliner Akademie der K\u00fcnste 2002"},{"sig_full":"01.01.00.00.-1245","titel":"WDR Extra: Der Zorn des G\u00fcnter Grass","untertitel":"Diskussion zur Grass' Kritik am Asylrecht als Friedenspreislaudator f\u00fcr Ya\u015far Kemal"},{"sig_full":"01.01.00.00.-1680","titel":"G\u00fcnter Grass wird 80 Jahre alt (russisch)","untertitel":null},{"sig_full":"01.01.00.00.-1678","titel":"Happy Birthday  Mr. Grass!","untertitel":"Gratulationen aus aller Welt  zum 80. Geburtstag"},{"sig_full":"01.01.00.00.-1286","titel":"Mein Jahrhundert. Lesung 1908 und 1921","untertitel":"Sendefassung"},{"sig_full":"01.01.00.00.-1287","titel":"G\u00fcnter Grass zu \"Mein Jahrhundert\" (Sendefassung)","untertitel":"Befragt von J\u00f6rg-Dieter Kogel und Harro Zimmermann"},{"sig_full":"01.01.00.00.-1697","titel":"Entstehungsgeschichte \"Ein weites Feld\"","untertitel":"Ein sehr pers\u00f6nliches Interview mit Publikum"},{"sig_full":"01.01.00.00.-1285","titel":"G\u00fcnter Grass zu \"Mein Jahrhundert\" (Rohfassung)","untertitel":"Befragt von J\u00f6rg-Dieter Kogel und Harro Zimmermann"},{"sig_full":"01.01.00.00.-0528","titel":"G\u00fcnter Grass und Wolfgang Thierse bei \"Schriftsteller treffen Politiker. Anstiftung zu einem Dialog\"","untertitel":"Gespr\u00e4ch nach einer Lesung aus \"Mein Jahrhundert\""},{"sig_full":"01.01.00.00.-0555","titel":"G\u00fcnter Grass in der ARD-H\u00f6rbuchnacht 2001","untertitel":null},{"sig_full":"01.01.00.00.-1045","titel":"Vu d'en bas - Von unten gesehen (frz.)","untertitel":"Der Nobelpreistr\u00e4ger G\u00fcnter Grass"},{"sig_full":"01.01.00.00.-0576","titel":"Grass \u00fcber Fu\u00dfball (Rohmaterial)","untertitel":null},{"sig_full":"01.01.00.00.-1049","titel":"Hauptsache Kultur \u2013 G\u00fcnter Grass liest f\u00fcr Georg B\u00fcchner","untertitel":null},{"sig_full":"01.01.00.00.-0331","titel":"Mein Jahrhundert (Ausschnitt)","untertitel":"Mitschnitt einer \u00f6ffentlichen Veranstaltung im Auditorium Maximum der Ludwig-Maximilian-Universit\u00e4t M\u00fcnchen vom 07.07. 1999"},{"sig_full":"01.01.00.00.-0525","titel":"Mein Jahrhundert (Ausz\u00fcge)","untertitel":"Lesung mit Einleitung im Rathaus Bremen"},{"sig_full":"01.01.00.00.-0578","titel":"Begehung der Forschungsstelle in der IUB (G\u00fcnter Grass Stiftung Bremen) - Pressekonferenz (unvollst\u00e4ndig!!)","untertitel":null},{"sig_full":"01.01.00.00.-0397","titel":"G\u00fcnter Grass als Linksau\u00dfen","untertitel":"Vorbericht  Lesung am Millerntor beim F.C. St. Pauli Hamburg"},{"sig_full":"01.01.00.00.-0955","titel":"Grass in S\u00fcdkorea bei der Fu\u00dfball-WM 2002","untertitel":null},{"sig_full":"01.01.00.00.-1958","titel":"Ein Jahrhundert wird vorgestellt","untertitel":null},{"sig_full":"01.01.00.00.-1732","titel":"Grass gegen  Atomstrom","untertitel":"Lesung am AKW Kr\u00fcmmel"}]},{"word":"Wehgeschrei","dsets":[{"sig_full":"01.01.00.00.-0378","titel":"Seit 20 Jahren Gruppe 47 - Ein Bericht von der Tagung der Gruppe 47 in Waischenfeld von Roland H. Wiegenstein und Hans Peter Kr\u00fcger","untertitel":"Lesung auf der Tagung der Gruppe 47 in Waischenfeld 1967 (Teil 1 und 2)"}]},{"word":"Weh, mein Zahn","dsets":[{"sig_full":"01.01.00.00.-0378","titel":"Seit 20 Jahren Gruppe 47 - Ein Bericht von der Tagung der Gruppe 47 in Waischenfeld von Roland H. Wiegenstein und Hans Peter Kr\u00fcger","untertitel":"Lesung auf der Tagung der Gruppe 47 in Waischenfeld 1967 (Teil 1 und 2)"}]},{"word":"Lamento","dsets":[{"sig_full":"01.01.00.00.-0378","titel":"Seit 20 Jahren Gruppe 47 - Ein Bericht von der Tagung der Gruppe 47 in Waischenfeld von Roland H. Wiegenstein und Hans Peter Kr\u00fcger","untertitel":"Lesung auf der Tagung der Gruppe 47 in Waischenfeld 1967 (Teil 1 und 2)"}]},{"word":"Tr\u00e4nent\u00fcchlein","dsets":[{"sig_full":"01.01.00.00.-0378","titel":"Seit 20 Jahren Gruppe 47 - Ein Bericht von der Tagung der Gruppe 47 in Waischenfeld von Roland H. Wiegenstein und Hans Peter Kr\u00fcger","untertitel":"Lesung auf der Tagung der Gruppe 47 in Waischenfeld 1967 (Teil 1 und 2)"},{"sig_full":"01.01.00.00.-1750","titel":"G\u00fcnter Grass diskutiert mit Sch\u00fclern des Berliner Humboldt-Gymnasiums","untertitel":"Lesung aus dem vierten Akt \"Die Plebejer proben den Aufstand\""}]},{"word":"Jeremiade","dsets":[{"sig_full":"01.01.00.00.-0378","titel":"Seit 20 Jahren Gruppe 47 - Ein Bericht von der Tagung der Gruppe 47 in Waischenfeld von Roland H. Wiegenstein und Hans Peter Kr\u00fcger","untertitel":"Lesung auf der Tagung der Gruppe 47 in Waischenfeld 1967 (Teil 1 und 2)"}]},{"word":"Danziger Trilogie","dsets":[{"sig_full":"01.01.00.00.-1622","titel":"\u00dcber die Hundejahre (arab.)","untertitel":null},{"sig_full":"01.01.00.00.-0521","titel":"Laudatio zur Verleihung der Hermann-Kesten-Medaille an G\u00fcnter Grass","untertitel":"Gek\u00fcrzte Radio-Fassung der Rede"},{"sig_full":"01.01.00.00.-1082","titel":"Grass bekommt den Titel Doctor Honoris Causa der Universit\u00e4t Gda\u0144sk (Poln.)","untertitel":null}]},{"word":"Geschlecht und Charakter","dsets":[{"sig_full":"01.01.00.00.-1622","titel":"\u00dcber die Hundejahre (arab.)","untertitel":null}]},{"word":"Coriolanus","dsets":[{"sig_full":"01.01.00.00.-0320","titel":"Die Plebejer proben den Aufstand - Diskussion \u00fcber das Theaterst\u00fcck von G\u00fcnter Grass","untertitel":null},{"sig_full":"01.01.00.00.-0477","titel":"Politisches Theater - Filmdokumentation","untertitel":null},{"sig_full":"01.01.00.00.-1692","titel":"Kulturbeitrag \u00fcber G\u00fcnter Grass (bengali)","untertitel":"\u00dcber \"Die Plebejer proben den Aufstand\""}]},{"word":"Beim H\u00e4uten der Zwiebel","dsets":[{"sig_full":"01.01.00.00.-1316","titel":"Es kann nur einen Ehrenb\u00fcrger geben:  Grass oder ich","untertitel":"Wahlkampf in Polen und Danziger Ehrenb\u00fcrgerschaft"},{"sig_full":"01.01.00.00.-1392","titel":"Das Ma\u00df der Verblendung","untertitel":"G\u00fcnter Grass und seine Zeit als Jugendlicher in der Waffen-SS"},{"sig_full":"01.01.00.00.-1393","titel":"Grass oder ich","untertitel":"Lech Walesa und die Ehrenb\u00fcrgerschaft"},{"sig_full":"01.01.00.00.-1319","titel":"Bilanz der Debatte um G\u00fcnter Grass","untertitel":"Kommentar"},{"sig_full":"01.01.00.00.-1274","titel":"G\u00fcnter Grass - Die Blechtrommelstory","untertitel":"Enstehung und Hintergrund  von \"Die Blechtrommel\""},{"sig_full":"01.01.00.00.-1314","titel":"G\u00fcnter Grass in \"Wickerts B\u00fccher\"","untertitel":"Ausschnitte aus dem Interview mit Ulrich Wickert"},{"sig_full":"01.01.00.00.-1315","titel":"Gelungener Einstieg? \u00dcber die Premiere von \"Wickerts B\u00fccher\"","untertitel":"Telefongespr\u00e4ch  mit Barabara Sichtermann"},{"sig_full":"01.01.00.00.-1027","titel":"Themenabend: Grass' Gest\u00e4ndnis","untertitel":"Reaktionen und Hintergrund zu Grass' \"Gest\u00e4ndnis\" in \"beim H\u00e4uten der Zwiebel\""},{"sig_full":"01.01.00.00.-1940","titel":"Politische Reaktionen in Polen zu G\u00fcnter Grass SS-Mitgliedschaft","untertitel":null},{"sig_full":"01.01.00.00.-1946","titel":"\u00dcber Alter, Karriere, Zukunft und Vergangenheit","untertitel":"Interview anl\u00e4\u00dflich des 80. Geburtstags"},{"sig_full":"01.01.00.00.-1945","titel":"R\u00fcckblick und Vorausschau anl\u00e4\u00dflich des 80. Geburtstags","untertitel":null},{"sig_full":"01.01.00.00.-1200","titel":"WestArt Magazin: Grass und die SS","untertitel":null},{"sig_full":"01.01.00.00.-1005","titel":"Kalkuliertes Marketing","untertitel":"Telefongespr\u00e4ch mit der Schriftstellerin Tanja D\u00fcckers \u00fcber Grass' Bekenntnis, Mitglied der Waffen-SS zu sein"},{"sig_full":"01.01.00.00.-1008","titel":"G\u00fcnter Grass war bei der Waffen SS.  Was bedeutet das aus der Sicht eines Historikers?","untertitel":"Telefongespr\u00e4ch mit Professor Norbert Frei (Historiker Uni Jena)"},{"sig_full":"01.01.00.00.-1446","titel":"G\u00fcnter Grass im Gef\u00e4ngnis","untertitel":"Lesung in der JVA Tegel"},{"sig_full":"01.01.00.00.-1004","titel":"Was steht eigentlich drin?","untertitel":"Studiogespr\u00e4ch mit Harro Zimmermann"},{"sig_full":"01.01.00.00.-1025","titel":"Literatur \u00fcber Grass","untertitel":"Beim H\u00e4uten der Zwiebel"},{"sig_full":"01.01.00.00.-1007","titel":"Reaktionen von Bremer Passanten","untertitel":"Meinungsumfrage (Grass' Bekenntnis)"},{"sig_full":"01.01.00.00.-1010","titel":"Korri-Kette zu Grass","untertitel":"(Polen, \u00d6sterreich,Tschechien) mit Rautenberg, Paas, Hornung"},{"sig_full":"01.01.00.00.-1036","titel":"Ulrich Wickert und G\u00fcnter Grass sprechen \u00fcber \"Beim H\u00e4uten der Zwiebel\"","untertitel":"Wickerts B\u00fccher im August 2006"},{"sig_full":"01.01.00.00.-0991","titel":"G\u00fcnter Grass liest  im Radio Bremen Sendesaal: Beim H\u00e4uten der Zwiebel","untertitel":"2. Kapitel"},{"sig_full":"01.01.00.00.-1012","titel":"Das sp\u00e4te Grass-Bekenntnis: Problem einer Generation?","untertitel":"Telefongespr\u00e4ch mit dem Kabarettisten Dieter Hildebrandt"},{"sig_full":"01.01.00.00.-1175","titel":"Diskussion Wolfgang Herles mit G. Grass zur Buchvorstellung von \" Beim H\u00e4uten der Zwiebel\"","untertitel":"Diskussion und Lesung"},{"sig_full":"01.01.00.00.-1026","titel":"Buten un binnen: Kochen nach Rezepten von G\u00fcnter Grass","untertitel":"Kulinaristik Tagung. G\u00fcnter Grass: Menschen sind Tiere die kochen k\u00f6nnen"},{"sig_full":"01.01.00.00.-1174","titel":"Mailer-Grass-Abend in New York","untertitel":null},{"sig_full":"01.01.00.00.-1011","titel":"Kommt das Grass-Gest\u00e4ndnis zu sp\u00e4t?","untertitel":"Telefongespr\u00e4ch mit Dr. Frank Schirrmacher, FAZ-Mitherausgeber"},{"sig_full":"01.01.00.00.-1835","titel":"Tom Segev (tel.) \u00fcber das israelkritische Gedicht von G\u00fcnter Grass","untertitel":null},{"sig_full":"01.01.00.00.-1002","titel":"G.Grass: Das Ende einer moralischen Instanz?","untertitel":"Telefongespr\u00e4ch mit Johano Strasser, Pr\u00e4sident des PEN Zentrums Deutschland"},{"sig_full":"01.01.00.00.-1001","titel":"Literaturzeit: Grass und sein Gest\u00e4ndnis","untertitel":"Kommentar von Harro Zimmermann"},{"sig_full":"01.01.00.00.-1851","titel":"Res\u00fcmee zur Medienresonanz des israelkritischen Gedichts","untertitel":null},{"sig_full":"01.01.00.00.-1009","titel":"Kommt Grass' Gest\u00e4ndnis zu sp\u00e4t?","untertitel":"Kommentar von Stefan Lohr"},{"sig_full":"01.01.00.00.-1000","titel":"Schriftsteller G\u00fcnter Grass r\u00e4umt Mitgliedschaft in Waffen-SS ein","untertitel":null},{"sig_full":"01.01.00.00.-1013","titel":"Wann hat Grass zum ersten Mal \u00fcber seine Zeit in der Waffen-SS gesprochen?","untertitel":"Gespr\u00e4ch mit Prof. Dr. Alfred Grosser, franz. Politologe und Publizist"},{"sig_full":"01.01.00.00.-1173","titel":"Umstritten","untertitel":"G\u00fcnter Grass in New York"},{"sig_full":"01.01.00.00.-1003","titel":"Grass' Bekenntnis und der Versuch politischer Instrumentalisierung in Polen","untertitel":null},{"sig_full":"01.01.00.00.-1738","titel":"Zu \u00dcbersetzungen  von \"Grimms W\u00f6rter\" (engl.)","untertitel":"\u00dcbersetzerkonferenz in Straelen 2011"},{"sig_full":"01.01.00.00.-1876","titel":"\"Dummer August\" als Pflichtgeschenk","untertitel":"Buchkritk mit Helmut B\u00f6ttiger"},{"sig_full":"01.01.00.00.-1812","titel":"K\u00fcnstlerbiographie G\u00fcnter Grass","untertitel":"Umfassendes Portr\u00e4t von 2011"},{"sig_full":"01.01.00.00.-1320","titel":"Grass soll Ehrenb\u00fcrger bleiben: Das Stadtparlament entscheidet heute","untertitel":"Danzigs B\u00fcrger sind sich einig"},{"sig_full":"01.01.00.00.-1322","titel":"Grass beh\u00e4lt vorerst seine Ehrenb\u00fcrgerw\u00fcrde","untertitel":null},{"sig_full":"01.01.00.00.-1321","titel":"Die Dokumentation zur Grass-Diskussion","untertitel":"Telefongespr\u00e4ch mit Fachberater S\u00f6nke Neitzel  zu der ZDF Dokumentation im ZDF \u00fcber die Waffen-SS"},{"sig_full":"01.01.00.00.-0298","titel":"Als ich siebzehn war","untertitel":"Gespr\u00e4ch mit G\u00fcnter Grass"},{"sig_full":"01.01.00.00.-1176","titel":"Der Unbequeme","untertitel":"Der Dichter G\u00fcnter Grass"},{"sig_full":"01.01.00.00.-1169","titel":"Ernst-Toller-Preis 2007 f\u00fcr G\u00fcnter Grass","untertitel":"Zusammenfassung Ernst-Toller-Preis 2007 f\u00fcr G\u00fcnter Grass"},{"sig_full":"01.01.00.00.-1006","titel":"Grass und Danzigs Dilemma","untertitel":null},{"sig_full":"01.01.00.00.-1938","titel":"Warum bisher nicht alles aus der Jugend erz\u00e4hlt wurde","untertitel":null},{"sig_full":"01.01.00.00.-1939","titel":"Sympathien trotz SS-Mitgliedschaft","untertitel":null},{"sig_full":"01.01.00.00.-1942","titel":"Schweigen als Vergangenheitsbew\u00e4ltigung von Schriftstellern","untertitel":null},{"sig_full":"01.01.00.00.-1943","titel":"Medienkritik zum Umgang mit der Ver\u00f6ffentlichung  \"Beim H\u00e4uten der Zwiebel\"","untertitel":null},{"sig_full":"01.01.00.00.-1944","titel":"Ausstellung, Lesung und Diskussion im j\u00fcdischen Kulturzentrum New York","untertitel":"Kritische Fragen zu \"beim H\u00e4uten der Zwiebel\""},{"sig_full":"01.01.00.00.-1648","titel":"Es war nicht wegen des Marketings (engl.)","untertitel":null},{"sig_full":"01.01.00.00.-1656","titel":"Warum sind die Deutschen so schockiert \u00fcber das Bekenntnis? (engl.)","untertitel":"G\u00fcnter Grass war schon immer ein kontroveser Mensch"},{"sig_full":"01.01.00.00.-1655","titel":"Erkenntnis \u00fcber die Waffen-SS als Verbrecherbande","untertitel":"Gr\u00fcnde f\u00fcr die ideologische Verblendung"},{"sig_full":"01.01.00.00.-1668","titel":"Ein unaufgeregtes Portrait","untertitel":"Die Filmemacherinnen des \"Unbequemen\" \u00fcber die die Entstehung des Films"},{"sig_full":"01.01.00.00.-1658","titel":"Heftige Debatte in Deutschland entbrannt (portugiesisch)","untertitel":null},{"sig_full":"01.01.00.00.-1280","titel":"Interview mit G\u00fcnter Grass anl\u00e4\u00dflich seiner Lesung beim \"Beim H\u00e4uten der Zwiebel\"","untertitel":"Vor der Lesung in Bremen"},{"sig_full":"01.01.00.00.-1640","titel":"Das Verschweigen zu sp\u00e4t beendet","untertitel":"Kommentar zur Grass-Mitgliedschaft der Waffen-SS"},{"sig_full":"01.01.00.00.-1279","titel":"G\u00fcnter Grass liest im Sendesaal \"Beim H\u00e4uten der Zwiebel\"","untertitel":"Bericht und Lesung"},{"sig_full":"01.01.00.00.-1680","titel":"G\u00fcnter Grass wird 80 Jahre alt (russisch)","untertitel":null},{"sig_full":"01.01.00.00.-1673","titel":"Eine Aff\u00e4re ist ausgestanden","untertitel":"Zum 80. Geburtstag in Danzig"},{"sig_full":"01.01.00.00.-1678","titel":"Happy Birthday  Mr. Grass!","untertitel":"Gratulationen aus aller Welt  zum 80. Geburtstag"},{"sig_full":"01.01.00.00.-1700","titel":"Lesungen im Nadba\u0142tyckie Centrum Kultury Gdansk anl\u00e4\u00dflich Grass' 80. Geburtstag (poln.)","untertitel":"Grass und Kiszky lesen acht Texte von Grass"},{"sig_full":"01.01.00.00.-1306","titel":"Grass Bekenntnis - Reaktionen aus Tschechien","untertitel":"DLR Kultur - Podcast"},{"sig_full":"01.01.00.00.-1305","titel":"Beim H\u00e4uten der Zwiebel - Telefoninterview mit R\u00fcdiger Safranski","untertitel":"DLR Kultur - Podcast"},{"sig_full":"01.01.00.00.-1304","titel":"Das musste raus,  endlich (Telefoninterview)","untertitel":"DLR Kultur - Podcast: Zur sp\u00e4ten Offenbarung von G\u00fcnter Grass"},{"sig_full":"01.01.00.00.-1941","titel":"Zum Filmstart von \"Der Unbequeme\" im Hamburger Metropolis","untertitel":null},{"sig_full":"01.01.00.00.-1411","titel":"Die H\u00e4ute unter der Haut","untertitel":"CD mit H\u00f6rprobe aus dem Steidl-Verlagsverzeichnis Herbst 2006. G\u00fcnter Grass liest das erste Kapitel aus \"Beim H\u00e4uten der Zwiebel\""},{"sig_full":"01.01.00.00.-1711","titel":"Liebeserkl\u00e4rung an die deutsche Sprache","untertitel":"G\u00fcnter Grass im Gespr\u00e4ch mit Prof. H. Detering"},{"sig_full":"01.01.00.00.-1317","titel":"Reaktionen aus \u00d6sterreich zu Grass Mitgliedschaft in der Waffen-SS","untertitel":"Robert Schindel  (ORF) im Gespr\u00e4ch mit Harro Zimmermann"},{"sig_full":"01.01.00.00.-1180","titel":"G\u00fcnter Grass in New York","untertitel":"Eine Nachlese"},{"sig_full":"01.01.00.00.-1722","titel":"\"Eine Art von Loslassen\"","untertitel":"Klaus Siblewski \u00fcber \"Grimms W\u00f6rter\""},{"sig_full":"01.01.00.00.-1391","titel":"G\u00fcnter Grass und seine NS-Vergangenheit","untertitel":"Anmoderation"},{"sig_full":"01.01.00.00.-1318","titel":"\u00dcber das Reden und das Schweigen","untertitel":"Erhard Eppler und die Waffen-SS (Telefonat)"},{"sig_full":"01.01.00.00.-1332","titel":"Laudatio zum Ernst-Toller-Preis 2007","untertitel":"Ernst-Toller-Preis 2007 f\u00fcr G\u00fcnter Grass"},{"sig_full":"01.01.00.00.-1326","titel":"Tschechische Reaktionen zu Grass-Bekenntnis","untertitel":null},{"sig_full":"01.01.00.00.-1331","titel":"Preisbegr\u00fcndung Ernst-Toller-Preis 2007","untertitel":"Ernst-Toller-Preis 2007 f\u00fcr G\u00fcnter Grass"},{"sig_full":"01.01.00.00.-1327","titel":"G\u00fcnter Grass besucht die Gesamtschule Ost in Bremen","untertitel":null},{"sig_full":"01.01.00.00.-1323","titel":"Der Grass-Brief an den Danziger Stadtrat","untertitel":null},{"sig_full":"01.01.00.00.-1325","titel":"Alte Scham und sp\u00e4te Reue","untertitel":"\u00dcber den Grass-Brief an den Danziger B\u00fcrgermeister Pawel Adamowicz"},{"sig_full":"01.01.00.00.-1324","titel":"Schluss der Debatte?","untertitel":"Harro Zimmermann \u00fcber die zweite Woche der Grass-Beichte"},{"sig_full":"01.01.00.00.-1297","titel":"Tageszeichen - Beim H\u00e4uten der Zwiebel","untertitel":"WDR 3 Podcast vom 14.08.2006"},{"sig_full":"01.01.00.00.-1281","titel":"G\u00fcnter Grass und Amitav Gosh","untertitel":"Interview w\u00e4hrend der Buchmesse 2006 mit Themenschwerpunkt Indien"},{"sig_full":"01.01.00.00.-1299","titel":"Beim H\u00e4uten der Zwiebel: Telefonat mit Hans Mommsen","untertitel":"Podcast DLR Kultur"},{"sig_full":"01.01.00.00.-1303","titel":"Was bedeutet das Gest\u00e4ndnis von Grass f\u00fcr unser Bild der T\u00e4ter?","untertitel":"DLR Kultur - Podcast: Telefoninterview mit Norbert Frei"},{"sig_full":"01.01.00.00.-1311","titel":"Wer einmal l\u00fcgt, dem glaubt man nicht","untertitel":"Zusammenfassung der Gespr\u00e4chszeit im Nordwestradio"},{"sig_full":"01.01.00.00.-1301","titel":"Berlin: Kommentar zu G\u00fcnter Grass","untertitel":"DLR Kultur - Podcast"},{"sig_full":"01.01.00.00.-1735","titel":"G\u00fcnter Grass im Willy-Brandt-Haus 2010","untertitel":"Einf\u00fchrung von Sigmar Gabriel mit anschliessender Lesung"},{"sig_full":"01.01.00.00.-1307","titel":"Telefoninterview mit Adam Krzemi\u0144ski","untertitel":"DLR  Kultur - Podcast"},{"sig_full":"01.01.00.00.-1302","titel":"Anmerkungen zum Grass-Spektakel","untertitel":"DLR - Podcast"},{"sig_full":"01.01.00.00.-1686","titel":"\u00dcber die Entstehung von \"Die Box\"","untertitel":"Lesung aus \"Die Box\" im Hamburger Thalia Theater und Buchvorstellung - mit St\u00f6rung"},{"sig_full":"01.01.00.00.-1308","titel":"Das muss raus","untertitel":"DLF- Podcast vom 12.08.2008"},{"sig_full":"01.01.00.00.-1300","titel":"Warum ich nach 60 Jahren mein Schweigen breche - Telefoninterviews mit Grass-Experten","untertitel":"DLR Kultur Podcast - Reaktionen auf den Zeitungsartikel der Frankfurter Allgemeinen Zeitung"},{"sig_full":"01.01.00.00.-1313","titel":"Buchtipp G\u00fcnter Grass - Beim H\u00e4uten der Zwiebel","untertitel":null},{"sig_full":"01.01.00.00.-1312","titel":"G\u00fcnter Grass \u00e4u\u00dfert sich zu seinem Eingest\u00e4ndnis als Mitglied der Waffen-SS","untertitel":"Telefongespr\u00e4ch (Zusammenschnitt) mit Stephan Lohr"},{"sig_full":"01.02.00.00.-1941","titel":"Zum Filmstart von \"Der Unbequeme\" im Hamburger Metropolis","untertitel":null},{"sig_full":"01.02.00.00.-1942","titel":"Schweigen als Vergangenheitsbew\u00e4ltigung von Schriftstellern","untertitel":null}]},{"word":"Ein weites Feld","dsets":[{"sig_full":"01.01.00.00.-1364","titel":"G\u00fcnter Grass erhielt den Thomas-Mann-Preis","untertitel":null},{"sig_full":"01.01.00.00.-0974","titel":"Ein deutsches Jahrzehnt und ein deutsches Jahrhundert -10 Jahre \"Ein weites Feld\" von G\u00fcnter Grass","untertitel":"Zukunft braucht Herkunft - M\u00f6glichkeiten des literarischen Ged\u00e4chtnisses in der Kultur der Gegenwart"},{"sig_full":"01.01.00.00.-1354","titel":"Dichter, B\u00fcrger, Moralist","untertitel":"G\u00fcnter Grass im Gespr\u00e4ch mit Fritz Pleitgen anl\u00e4\u00dflich seines 75. Geburtstags"},{"sig_full":"01.01.00.00.-0988","titel":"Wer h\u00f6rt noch zu?","untertitel":null},{"sig_full":"01.01.00.00.-0169","titel":"Interview mit G\u00fcnter Grass auf der 47. Internationalen Frankfurter Buchmesse (11.-16.10. 1995)","untertitel":"Aus dem DW-Sonderstudio"},{"sig_full":"01.01.00.00.-1946","titel":"\u00dcber Alter, Karriere, Zukunft und Vergangenheit","untertitel":"Interview anl\u00e4\u00dflich des 80. Geburtstags"},{"sig_full":"01.01.00.00.-1945","titel":"R\u00fcckblick und Vorausschau anl\u00e4\u00dflich des 80. Geburtstags","untertitel":null},{"sig_full":"01.01.00.00.-0172","titel":"Der Schriftsteller: G\u00fcnter Grass - Gespr\u00e4ch auf der Frankfurter Buchmesse (mit Musikzuspielen)","untertitel":null},{"sig_full":"01.01.00.00.-1080","titel":"Die Mandragore  \u2013 G\u00fcnter Grass im \u201ePod Holendrem\u201c 1. (Poln.)","untertitel":null},{"sig_full":"01.01.00.00.-0087","titel":"Lerke von Saalfeld im Gespr\u00e4ch mit G\u00fcnter Grass","untertitel":null},{"sig_full":"01.01.00.00.-1107","titel":"Radioskop: G\u00fcnter Grass \u00fcber  \"Ein weites Feld\"","untertitel":null},{"sig_full":"01.01.00.00.-0026","titel":"Literaturkritik heute - Selbstherrlichkeit, Schauk\u00e4mpfe, Triumph des Sekund\u00e4ren","untertitel":"Gespr\u00e4ch mit G\u00fcnter Grass"},{"sig_full":"01.01.00.00.-0198","titel":"Ein weites Feld - Das neue Buch von G\u00fcnter Grass sorgt f\u00fcr Furore","untertitel":null},{"sig_full":"01.01.00.00.-1020","titel":"Lesung (Ausschnitt)","untertitel":"Lacher"},{"sig_full":"01.01.00.00.-1055","titel":"Titel, Thesen, Temperamente \u2013 Deutschland monumental: Ein weites Feld","untertitel":"Enstehung \"Ein weites Feld\""},{"sig_full":"01.01.00.00.-0083","titel":"Von Beruf Handwerker","untertitel":"Ein Werkstattbericht"},{"sig_full":"01.01.00.00.-0858","titel":"Grass' Vorgehen gegen ihn","untertitel":null},{"sig_full":"01.01.00.00.-1185","titel":"Ein Besuch bei G\u00fcnter Grass","untertitel":"G\u00fcnter Grass im Gespr\u00e4ch zu seiner neuen Novelle \"Im Krebsgang\""},{"sig_full":"01.01.00.00.-0025","titel":"Ein weites Feld - Historienbild mit skandaltr\u00e4chtiger Untermalung","untertitel":"Ein Gespr\u00e4ch mit G\u00fcnter Grass \u00fcber seinen Roman"},{"sig_full":"01.01.00.00.-1446","titel":"G\u00fcnter Grass im Gef\u00e4ngnis","untertitel":"Lesung in der JVA Tegel"},{"sig_full":"01.01.00.00.-1054","titel":"City \u2013 Spiegel Titelbild","untertitel":"Reich-Ranicki, ein weites Feld und ein Titelbild"},{"sig_full":"01.01.00.00.-1059","titel":"G\u00fcnter Grass von der Lelewelastrasse (Poln.)","untertitel":null},{"sig_full":"01.01.00.00.-0909","titel":"J\u00f6rg Dieter Kogel im Gespr\u00e4ch mit Michael J\u00fcrgs","untertitel":"Gespr\u00e4chszeit am Sonntag"},{"sig_full":"01.01.00.00.-0677","titel":"Fonty isst bei McDonalds","untertitel":"Aus: \"Ein weites Feld\""},{"sig_full":"01.01.00.00.-0969","titel":"Gespr\u00e4ch bei einer Ausstellungser\u00f6ffnung kurz vor Ver\u00f6ffentlichung von \"Ein weites Feld\"","untertitel":null},{"sig_full":"01.01.00.00.-0956","titel":"\u00dcbersetzer-Konferenz","untertitel":"Kurzinterviews mit vier \u00dcbersetzern"},{"sig_full":"01.01.00.00.-0516","titel":"\u00dcber den Grass-Rummel","untertitel":"Telefoninterview mit Heinz Ludwig Arnold"},{"sig_full":"01.01.00.00.-1056","titel":"City \u2013 Der Gro\u00df-Schriftsteller und die Medien","untertitel":"Erste Lesung aus \"Ein weites Feld\""},{"sig_full":"01.01.00.00.-0807","titel":"Schaltgespr\u00e4ch: Reinhard Mucker und Preko G\u00fcnter Grass","untertitel":"Tagesschau um f\u00fcnf zum Nobelpreis f\u00fcr Literatur an G\u00fcnter Grass"},{"sig_full":"01.01.00.00.-1023","titel":"Lacher - unbekannt","untertitel":"Lesung"},{"sig_full":"01.01.00.00.-0518","titel":"Deutsche Lebensl\u00e4ufe: G\u00fcnter Grass","untertitel":"Portr\u00e4t (3 Takes)"},{"sig_full":"01.01.00.00.-1081","titel":"Die Mandragore \u2013 G\u00fcnter Grass im \u201ePod Holendrem\u201c 2. (Poln.)","untertitel":null},{"sig_full":"01.01.00.00.-0848","titel":"Literarisches Quartett: Ein weites Feld","untertitel":null},{"sig_full":"01.01.00.00.-0905","titel":"Peter R\u00fchmkorf und G\u00fcnter Grass auf der Frankfurter Buchmesse 2004","untertitel":"Literaturforum im NWR"},{"sig_full":"01.01.00.00.-0787","titel":"Interview mit G\u00fcnter Grass zu \"Mein Jahrhundert\" (Rohfassung)","untertitel":"G\u00fcnter Grass zu 'Mein Jahrhundert' befragt von J\u00f6rg-Dieter Kogel und Harro Zimmermann"},{"sig_full":"01.01.00.00.-0783","titel":"Gespr\u00e4chszeit  mit Helmut Frielinghaus","untertitel":"\u00dcber Lektorats- und Verlagst\u00e4tigkeit"},{"sig_full":"01.01.00.00.-0488","titel":"G\u00fcnter Grass zu \"Mein Jahrhundert\"","untertitel":"befragt von J\u00f6rg-Dieter Kogel und Harro Zimmermann"},{"sig_full":"01.01.00.00.-0615","titel":"Jahrgang 1927","untertitel":"Fassung 1995"},{"sig_full":"01.01.00.00.-1356","titel":"Vom \"Leeren Viertel\"","untertitel":"G\u00fcnter Grass im Jemen"},{"sig_full":"01.01.00.00.-0993","titel":"Steinmetz und anderes","untertitel":"Der K\u00fcnstler G\u00fcnter Grass"},{"sig_full":"01.01.00.00.-0084","titel":"Das Wappentier der Republik - G\u00fcnter Grass","untertitel":"Portr\u00e4t anl\u00e4\u00dflich des 70. Geburtstages (mit zahlreichen O-T\u00f6nen)"},{"sig_full":"01.01.00.00.-0360","titel":"Gebrannte Erde","untertitel":"Rohmaterial der Lesung f\u00fcr \"Extratext\""},{"sig_full":"01.01.00.00.-1529","titel":"Mit den Augen eines Malers","untertitel":"\u00dcber \"Ein weites Feld\""},{"sig_full":"01.01.00.00.-1531","titel":"Die Deutschen und ihre Dichter","untertitel":"Interview auf der 47. internationalen Frankfurter Buchmesse 1995"},{"sig_full":"01.01.00.00.-0997","titel":"Wechselrede 1995","untertitel":"Gespr\u00e4ch \u00fcber \u201eEin weites Feld\u201c"},{"sig_full":"01.01.00.00.-0542","titel":"\u00dcber das Zeichnen und Schreiben - Eine Dokumentationsausstellung des Goethe-Instituts in der Bremischen B\u00fcrgerschaft","untertitel":"Podiumsdiskussion"},{"sig_full":"01.01.00.00.-1535","titel":"Rede \u00fcber den Standort","untertitel":null},{"sig_full":"01.01.00.00.-1216","titel":"Sonntagsgespr\u00e4ch: G\u00fcnter Grass","untertitel":null},{"sig_full":"01.01.00.00.-1536","titel":"Blick auf die Wirklichkeit","untertitel":"Zeitgen\u00f6ssische deutsche Literatur"},{"sig_full":"01.01.00.00.-0550","titel":"G\u00fcnter Grass - Vom Zeichnen und Schreiben","untertitel":"Er\u00f6ffung der Ausstellung in der Bremischen B\u00fcrgerschaft"},{"sig_full":"01.01.00.00.-0502","titel":"Ein weites Feld - Autorenlesung","untertitel":"66 Folgen (DB-Nr.: 502\/1-66)"},{"sig_full":"01.01.00.00.-0534","titel":"Nobler Herr im Frack","untertitel":"Harro Zimmermann im Gespr\u00e4ch mit G\u00fcnter Grass nach der Nobelpreisverleihung"},{"sig_full":"01.01.00.00.-0462","titel":"Trommler und Schnecke: G\u00fcnter Grass im Gespr\u00e4ch","untertitel":null},{"sig_full":"01.01.00.00.-0371","titel":"Dieselbe Tinte - G\u00fcnter Grass und Hans Mayer im Gespr\u00e4ch \u00fcber das Wort und das Bild","untertitel":null},{"sig_full":"01.01.00.00.-0024","titel":"Unkenrufe","untertitel":"G\u00fcnter Grass liest vier Kapitel aus seinem Roman"},{"sig_full":"01.01.00.00.-1543","titel":"Im Vorjahr der Ver\u00f6ffentlichung \"Ein weites Feld\"","untertitel":"Am Stand des Steidl-Verlages auf der 49. Buchmesse in Frankfurt am Main 1997"},{"sig_full":"01.01.00.00.-1894","titel":"Tagesthemen stellen \"Ein weites Feld\" vor","untertitel":null},{"sig_full":"01.01.00.00.-1896","titel":"R\u00fcckschau und Pl\u00e4ne nach dem Trubel um \"Ein weites Feld\"","untertitel":null},{"sig_full":"01.01.00.00.-1377","titel":"G\u00fcnter Grass zum 75. Geburtstag","untertitel":"Der Sprachbildhauer - Collage mit O-T\u00f6nen"},{"sig_full":"01.01.00.00.-0571","titel":"Ohne die Tinte zu wechseln","untertitel":"G\u00fcnter Grass anl\u00e4\u00dflich der Er\u00f6ffnung des G\u00fcnter-Grass-Hauses am 20. Oktober 2002 im Gro\u00dfen Haus des Theaters L\u00fcbeck"},{"sig_full":"01.01.00.00.-1895","titel":"Lesung aus \"Ein weites Feld\" in Prenzlauer Berg","untertitel":null},{"sig_full":"01.01.00.00.-0521","titel":"Laudatio zur Verleihung der Hermann-Kesten-Medaille an G\u00fcnter Grass","untertitel":"Gek\u00fcrzte Radio-Fassung der Rede"},{"sig_full":"01.01.00.00.-1204","titel":"Dichter B\u00fcrger Moralist","untertitel":"G\u00fcnter Grass im Gespr\u00e4ch mit Fritz Pleitgen"},{"sig_full":"01.01.00.00.-1561","titel":"Eine deutsche Topographie","untertitel":"Zu den Motiven der Entstehung von \"Mein Jahrhundert\""},{"sig_full":"01.01.00.00.-0614","titel":"L\u00fcbecker Werkstattbericht","untertitel":"Sechs Vorlesungen an der Medizinischen Universit\u00e4t L\u00fcbeck"},{"sig_full":"01.01.00.00.-0532","titel":"Pressekonferenz: Vom Abenteuer der Aufkl\u00e4rung","untertitel":"Werkstattgespr\u00e4che mit G\u00fcnter Grass"},{"sig_full":"01.01.00.00.-1611","titel":"Ein besonders gro\u00dfes Geschenk direkt vor der Haust\u00fcr","untertitel":"\u00dcber die Er\u00f6ffnung des G\u00fcnter Grass-Hauses"},{"sig_full":"01.01.00.00.-1612","titel":"Telefoninterview mit dem franz\u00f6sischen G\u00fcnter Grass-\u00dcbersetzer Claude Porcel (frz.)","untertitel":"\u00dcber die kritische Auseinandersetzung mit der j\u00fcngeren deutschen Geschichte"},{"sig_full":"01.01.00.00.-1615","titel":"Grass durchbricht alle Vorschriften des Protokolls","untertitel":"Dialog der Kulturen im Jemen"},{"sig_full":"01.01.00.00.-1348","titel":"G\u00fcnter Grass zum 70. Geburtstag","untertitel":"Collage ber\u00fchmter Stimmen"},{"sig_full":"01.01.00.00.-1248","titel":"ZAK: Der Wochendurchblick","untertitel":"G\u00fcnter Grass als Studiogast"},{"sig_full":"01.01.00.00.-1678","titel":"Happy Birthday  Mr. Grass!","untertitel":"Gratulationen aus aller Welt  zum 80. Geburtstag"},{"sig_full":"01.01.00.00.-1287","titel":"G\u00fcnter Grass zu \"Mein Jahrhundert\" (Sendefassung)","untertitel":"Befragt von J\u00f6rg-Dieter Kogel und Harro Zimmermann"},{"sig_full":"01.01.00.00.-1697","titel":"Entstehungsgeschichte \"Ein weites Feld\"","untertitel":"Ein sehr pers\u00f6nliches Interview mit Publikum"},{"sig_full":"01.01.00.00.-1519","titel":"Der Kraftakt deutsche Einheit","untertitel":null},{"sig_full":"01.01.00.00.-1541","titel":"Der internationale Ruf von G\u00fcnter Grass","untertitel":"Im Ausland gesch\u00e4tzt, im Inland gehasst"},{"sig_full":"01.01.00.00.-0555","titel":"G\u00fcnter Grass in der ARD-H\u00f6rbuchnacht 2001","untertitel":null},{"sig_full":"01.01.00.00.-0405","titel":"G\u00fcnter Grass liest aus seinem neuen Roman ''Ein weites Feld'' (Auszug)","untertitel":null},{"sig_full":"01.01.00.00.-1699","titel":"Kahlschlag und Raubbau \u2013 Die Landschaften der Deutschen Einheit bei G\u00fcnter Grass","untertitel":"Vortrag zur Er\u00f6ffnung der Ausstellung \u201eG\u00fcnter Grass und die Deutsche Einheit \u2013 Zeugnisse einer Auseinandersetzung\u201c"},{"sig_full":"01.01.00.00.-1905","titel":"Die Entstehung der Aquadichte in \"Fundsachen f\u00fcr Nichtleser\"","untertitel":null},{"sig_full":"01.01.00.00.-0515","titel":"Interview mit Stefan Lohr","untertitel":"Grass als bildender K\u00fcnstler (Rohfassung)"},{"sig_full":"01.01.00.00.-0554","titel":"G\u00fcnter Grass und seine Kritiker - Diskussion","untertitel":"(kein Grass-O-Ton)"},{"sig_full":"01.01.00.00.-1332","titel":"Laudatio zum Ernst-Toller-Preis 2007","untertitel":"Ernst-Toller-Preis 2007 f\u00fcr G\u00fcnter Grass"},{"sig_full":"01.01.00.00.-1331","titel":"Preisbegr\u00fcndung Ernst-Toller-Preis 2007","untertitel":"Ernst-Toller-Preis 2007 f\u00fcr G\u00fcnter Grass"},{"sig_full":"01.01.00.00.-0365","titel":"Der Stein muss immer bewegt werden","untertitel":"G\u00fcnter Grass im Gespr\u00e4ch mit J\u00f6rg-Dieter Kogel und Harro Zimmermann"},{"sig_full":"01.01.00.00.-0167","titel":"Sekund\u00e4rquellen bestimmen die Wahrnehmung von Literatur und Politik","untertitel":"Zeitgenossen. Begegnungen im Gespr\u00e4ch"},{"sig_full":"01.01.00.00.-0364","titel":"Zwei Jahrhunderte werden besichtigt","untertitel":"Gespr\u00e4ch mit G\u00fcnter Grass \u00fcber \"Ein weites Feld\""},{"sig_full":"01.01.00.00.-1735","titel":"G\u00fcnter Grass im Willy-Brandt-Haus 2010","untertitel":"Einf\u00fchrung von Sigmar Gabriel mit anschliessender Lesung"},{"sig_full":"02.01.01.00.-0002","titel":"Ausstellung \"Ein weites Feld\"","untertitel":null},{"sig_full":"02.01.01.00.-0003","titel":"Tageskassette","untertitel":"Live-Studio G\u00fcnter Grass"},{"sig_full":"02.01.01.00.-0004","titel":"Tageskassette","untertitel":"Grass"},{"sig_full":"02.01.05.00.-0001","titel":"Galeristin Marita Ruiter","untertitel":"Karriere in Luxemburg"},{"sig_full":"02.02.01.00.-0006","titel":"G\u00fcnter Grass","untertitel":"Politisches Engagement"},{"sig_full":"02.02.01.00.-0002","titel":"Tageskassette","untertitel":"Europa Symposion"},{"sig_full":"02.02.03.00.-0002","titel":"Autorenlesung \"Ein weites Feld\"","untertitel":"Grass in der Kulturbrauerei"}]},{"word":"Wie ich zum Stifter wurde","dsets":[{"sig_full":"01.01.00.00.-1349","titel":"Am liebsten malte er Zigeuner","untertitel":"Der D\u00fcsseldorfer Maler Otto Pankok"}]},{"word":"Wie von Liebermanns Hand","dsets":[{"sig_full":"01.01.00.00.-0974","titel":"Ein deutsches Jahrzehnt und ein deutsches Jahrhundert -10 Jahre \"Ein weites Feld\" von G\u00fcnter Grass","untertitel":"Zukunft braucht Herkunft - M\u00f6glichkeiten des literarischen Ged\u00e4chtnisses in der Kultur der Gegenwart"}]},{"word":"Hamlet","dsets":[{"sig_full":"01.01.00.00.-1275","titel":"Wahlkampf vor der B\u00fcrgerschaftswahl Hamburg 2008","untertitel":"G\u00fcnter Grass im Gesp\u00e4ch mit J\u00f6rg Dieter Kogel und Harro Zimmermann"},{"sig_full":"01.01.00.00.-0480","titel":"Phantasie als Existenznotwendigkeit","untertitel":"Siegfried Lenz im Gespr\u00e4ch mit G\u00fcnter Grass"}]},{"word":"Mir tr\u00e4umte, ich m\u00fc\u00dfte Abschied nehmen","dsets":[{"sig_full":"01.01.00.00.-0021","titel":"\"Mir tr\u00e4umte, ich m\u00fc\u00dfte Abschied nehmen\"","untertitel":"G\u00fcnter Grass liest das Gedicht aus seinem Roman \"Die R\u00e4ttin\""},{"sig_full":"01.01.00.00.-0614","titel":"L\u00fcbecker Werkstattbericht","untertitel":"Sechs Vorlesungen an der Medizinischen Universit\u00e4t L\u00fcbeck"}]},{"word":"In einem reichen Land","dsets":[{"sig_full":"01.01.00.00.-1354","titel":"Dichter, B\u00fcrger, Moralist","untertitel":"G\u00fcnter Grass im Gespr\u00e4ch mit Fritz Pleitgen anl\u00e4\u00dflich seines 75. Geburtstags"},{"sig_full":"01.01.00.00.-1829","titel":"\"F\u00fcnf Merkzettel\" auf der SPD Fraktionssitzung 2008","untertitel":null},{"sig_full":"01.01.00.00.-0907","titel":"J\u00f6rg Dieter Kogel im Gespr\u00e4ch mit G\u00fcnter Grass","untertitel":"Literaturforum"},{"sig_full":"01.01.00.00.-0903","titel":"Gespr\u00e4chszeit - J\u00f6rg Dieter Kogel im Gespr\u00e4ch mit G\u00fcnter Grass","untertitel":null},{"sig_full":"01.01.00.00.-0603","titel":"G\u00fcnter Grass zum 75. Geburtstag - Freunde lesen Grass","untertitel":"G\u00fcnter Grass in der freien Akademie der K\u00fcnste in Hamburg"},{"sig_full":"01.01.00.00.-1014","titel":"Gespr\u00e4ch mit Lohr","untertitel":null},{"sig_full":"01.01.00.00.-1376","titel":"B\u00fcrger von Deutschland","untertitel":"Grass zur nationalen und internationalen politischen Lage"},{"sig_full":"01.01.00.00.-1204","titel":"Dichter B\u00fcrger Moralist","untertitel":"G\u00fcnter Grass im Gespr\u00e4ch mit Fritz Pleitgen"},{"sig_full":"01.01.00.00.-1609","titel":"Neues von und \u00fcber Grass zum 75. Geburtstag","untertitel":"Feature \u00fcber die Neurscheinungen im Herbst 2002"}]},{"word":"Tod eines Kritikers","dsets":[{"sig_full":"01.01.00.00.-1354","titel":"Dichter, B\u00fcrger, Moralist","untertitel":"G\u00fcnter Grass im Gespr\u00e4ch mit Fritz Pleitgen anl\u00e4\u00dflich seines 75. Geburtstags"},{"sig_full":"01.01.00.00.-0588","titel":"Grass in Rom","untertitel":"Internationales Literaturfestival und die Ausstellung \"In gemischter Gesellschaft\""},{"sig_full":"01.01.00.00.-1204","titel":"Dichter B\u00fcrger Moralist","untertitel":"G\u00fcnter Grass im Gespr\u00e4ch mit Fritz Pleitgen"},{"sig_full":"01.01.00.00.-1614","titel":"Tilmann Krause \u00fcber das B\u00fccherjahr 2002","untertitel":"Die gro\u00dfen Literaturdebatten um Grass und Walser"}]},{"word":"Vom Elend der Welt","dsets":[{"sig_full":"01.01.00.00.-1354","titel":"Dichter, B\u00fcrger, Moralist","untertitel":"G\u00fcnter Grass im Gespr\u00e4ch mit Fritz Pleitgen anl\u00e4\u00dflich seines 75. Geburtstags"},{"sig_full":"01.01.00.00.-1014","titel":"Gespr\u00e4ch mit Lohr","untertitel":null},{"sig_full":"01.01.00.00.-1204","titel":"Dichter B\u00fcrger Moralist","untertitel":"G\u00fcnter Grass im Gespr\u00e4ch mit Fritz Pleitgen"}]},{"word":"Berge, Meere und Giganten","dsets":[{"sig_full":"01.01.00.00.-1354","titel":"Dichter, B\u00fcrger, Moralist","untertitel":"G\u00fcnter Grass im Gespr\u00e4ch mit Fritz Pleitgen anl\u00e4\u00dflich seines 75. Geburtstags"},{"sig_full":"01.01.00.00.-0595","titel":"G\u00fcnter Grass bei NTV: Maischberger","untertitel":"Interview anl\u00e4sslich der Entwicklung nach den Anschl\u00e4gen auf das World Trade Center am 11.9.2001"},{"sig_full":"01.01.00.00.-1204","titel":"Dichter B\u00fcrger Moralist","untertitel":"G\u00fcnter Grass im Gespr\u00e4ch mit Fritz Pleitgen"}]},{"word":"Die drei Spr\u00fcnge des Wang-Iun","dsets":[{"sig_full":"01.01.00.00.-1354","titel":"Dichter, B\u00fcrger, Moralist","untertitel":"G\u00fcnter Grass im Gespr\u00e4ch mit Fritz Pleitgen anl\u00e4\u00dflich seines 75. Geburtstags"},{"sig_full":"01.01.00.00.-0595","titel":"G\u00fcnter Grass bei NTV: Maischberger","untertitel":"Interview anl\u00e4sslich der Entwicklung nach den Anschl\u00e4gen auf das World Trade Center am 11.9.2001"},{"sig_full":"01.01.00.00.-1204","titel":"Dichter B\u00fcrger Moralist","untertitel":"G\u00fcnter Grass im Gespr\u00e4ch mit Fritz Pleitgen"},{"sig_full":"01.01.00.00.-1733","titel":"Er\u00f6ffnung der Sonderausstellung \"Arno Schmidt.  Der Schriftsteller als Fotograf\"  in L\u00fcbeck","untertitel":"Vernissage mit G\u00fcnter Grass in der Katharinenkirche"}]},{"word":"Glaube Hoffnung Liebe","dsets":[{"sig_full":"01.01.00.00.-0788","titel":"Lesung \"Zu Ehren Walter H\u00f6llerers\" von G\u00fcnter Grass in der ausverkauften Maxh\u00fctte","untertitel":"Grass gastiert in Sulzbach-Rosenberg"},{"sig_full":"01.01.00.00.-0780","titel":"G\u00fcnter Grass liest zu Ehren von Walter H\u00f6llerer","untertitel":"Maxh\u00fctte, Sulzbach-Rosenberg"},{"sig_full":"01.01.00.00.-0446","titel":"Es war einmal ein Land","untertitel":"G\u00fcnter Grass liest, G\u00fcnter \"Baby\" Sommer trommelt und spielt"},{"sig_full":"01.01.00.00.-0785","titel":"G\u00fcnter Grass und sein verstorbener Freund Walter H\u00f6llerer","untertitel":"Die Dokumentation"},{"sig_full":"01.01.00.00.-0938","titel":"M\u00e4rchen sind grausam","untertitel":"Vom Zauber der M\u00e4rchen  Arte Magazin"}]},{"word":"Wer h\u00f6rt noch zu?","dsets":[{"sig_full":"01.01.00.00.-0988","titel":"Wer h\u00f6rt noch zu?","untertitel":null}]},{"word":"Rede von der kommunizierenden Mehrzahl","dsets":[{"sig_full":"01.01.00.00.-0988","titel":"Wer h\u00f6rt noch zu?","untertitel":null}]},{"word":"Die Deutschen und ihre Dichter","dsets":[{"sig_full":"01.01.00.00.-0169","titel":"Interview mit G\u00fcnter Grass auf der 47. Internationalen Frankfurter Buchmesse (11.-16.10. 1995)","untertitel":"Aus dem DW-Sonderstudio"},{"sig_full":"01.01.00.00.-1531","titel":"Die Deutschen und ihre Dichter","untertitel":"Interview auf der 47. internationalen Frankfurter Buchmesse 1995"}]},{"word":"Im Krebsgang","dsets":[{"sig_full":"01.01.00.00.-1454","titel":"Volker Neuhaus \u00fcber \"Im Krebsgang\"","untertitel":"Vortrag"},{"sig_full":"01.01.00.00.-1940","titel":"Politische Reaktionen in Polen zu G\u00fcnter Grass SS-Mitgliedschaft","untertitel":null},{"sig_full":"01.01.00.00.-1147","titel":"Vom Flaggschiff zum eisernen Sarg (Pilotversion)","untertitel":"Der Untergang der Wilhelm Gustloff"},{"sig_full":"01.01.00.00.-1005","titel":"Kalkuliertes Marketing","untertitel":"Telefongespr\u00e4ch mit der Schriftstellerin Tanja D\u00fcckers \u00fcber Grass' Bekenntnis, Mitglied der Waffen-SS zu sein"},{"sig_full":"01.01.00.00.-1186","titel":"Plumpe Werbung f\u00fcr ein Buch: der Rundumschlag des G\u00fcnter Grass","untertitel":null},{"sig_full":"01.01.00.00.-0581","titel":"G\u00fcnter Grass in Leipzig","untertitel":"Erste Lesung aus \"Im Krebsgang\""},{"sig_full":"01.01.00.00.-0907","titel":"J\u00f6rg Dieter Kogel im Gespr\u00e4ch mit G\u00fcnter Grass","untertitel":"Literaturforum"},{"sig_full":"01.01.00.00.-1063","titel":"Im Krebsgang \u2013 G\u00fcnter Grass (Poln.)","untertitel":"Idac Rakiem"},{"sig_full":"01.01.00.00.-1445","titel":"Humanistischer Hochsicherheitstrakt","untertitel":"Tag des audiovisuellen Erbes 2009"},{"sig_full":"01.01.00.00.-1185","titel":"Ein Besuch bei G\u00fcnter Grass","untertitel":"G\u00fcnter Grass im Gespr\u00e4ch zu seiner neuen Novelle \"Im Krebsgang\""},{"sig_full":"01.01.00.00.-0600","titel":"Literatur ist ein Heilmittel","untertitel":"L\u00fcbecker Nachrichten"},{"sig_full":"01.01.00.00.-0953","titel":"Grass liest in der Herzog-August-Bibliothek","untertitel":"Das Treffen in Telgte"},{"sig_full":"01.01.00.00.-0903","titel":"Gespr\u00e4chszeit - J\u00f6rg Dieter Kogel im Gespr\u00e4ch mit G\u00fcnter Grass","untertitel":null},{"sig_full":"01.01.00.00.-1074","titel":"Die Mandragore - Gedaechtnis und Generationen \u2013 ein Treffen mit G\u00fcnter Grass (Poln.)","untertitel":null},{"sig_full":"01.01.00.00.-1036","titel":"Ulrich Wickert und G\u00fcnter Grass sprechen \u00fcber \"Beim H\u00e4uten der Zwiebel\"","untertitel":"Wickerts B\u00fccher im August 2006"},{"sig_full":"01.01.00.00.-0830","titel":"Im Krebsgang","untertitel":"vollst\u00e4ndige Lesung mit Korrekturlesungen"},{"sig_full":"01.01.00.00.-0592","titel":"Wahlveranstaltung in Celle","untertitel":"mit Wahlkampfrede von Grass und Lesung aus \"Im Krebsgang\""},{"sig_full":"01.01.00.00.-1179","titel":"Buchvorstellung \"Im Krebsgang\" in M\u00fcnchen","untertitel":null},{"sig_full":"01.01.00.00.-0833","titel":"ARD Morgenmagazin 6.10.2004","untertitel":"G\u00fcnter Grass als K\u00fcnstler"},{"sig_full":"01.01.00.00.-0789","titel":"Lesung Grass Sulzbach-Rosenberg","untertitel":null},{"sig_full":"01.01.00.00.-0598","titel":"Erster landesweiter Stiftungstag Schleswig-Holstein 2003 in L\u00fcbeck","untertitel":"Gespr\u00e4ch, Lesung aus \"Hundejahre\" und Absage"},{"sig_full":"01.01.00.00.-0783","titel":"Gespr\u00e4chszeit  mit Helmut Frielinghaus","untertitel":"\u00dcber Lektorats- und Verlagst\u00e4tigkeit"},{"sig_full":"01.01.00.00.-1014","titel":"Gespr\u00e4ch mit Lohr","untertitel":null},{"sig_full":"01.01.00.00.-1047","titel":"B\u00fccher, B\u00fccher \u2013 Interview B\u00f6ttiger","untertitel":"Reaktionen zu \"Im Krebsgang\""},{"sig_full":"01.01.00.00.-0360","titel":"Gebrannte Erde","untertitel":"Rohmaterial der Lesung f\u00fcr \"Extratext\""},{"sig_full":"01.01.00.00.-1015","titel":"Im Krebsgang (Lesung Grass 1)","untertitel":"Lesung des 1. Kapitels und eines Auszugs aus dem 6. Kapitel der neuen Grass-Novelle"},{"sig_full":"01.01.00.00.-0547","titel":"Gespr\u00e4ch mit G\u00fcnter Grass zum Erscheinen von \"Im Krebsgang\"","untertitel":null},{"sig_full":"01.01.00.00.-0595","titel":"G\u00fcnter Grass bei NTV: Maischberger","untertitel":"Interview anl\u00e4sslich der Entwicklung nach den Anschl\u00e4gen auf das World Trade Center am 11.9.2001"},{"sig_full":"01.01.00.00.-0791","titel":"Europa erweitert - und was nun?","untertitel":"Gespr\u00e4ch \u00fcber Osterweiterung"},{"sig_full":"01.01.00.00.-1924","titel":"Interview zum 75. Geburtstag \u00fcber das eigene Wirken","untertitel":null},{"sig_full":"01.01.00.00.-0359","titel":"In der Petrikirche","untertitel":"Gespr\u00e4ch und Lesung mit G\u00fcnter Grass und Heide Simonis"},{"sig_full":"01.01.00.00.-1599","titel":"Das dritte Autorentreffen in Telgte","untertitel":"Europ\u00e4ische Autoren diskutieren unter anderem \u00fcber die Folgen des 11. September"},{"sig_full":"01.01.00.00.-0609","titel":"Verleihung des B\u00fccherpreises, Leipzig","untertitel":"Verleihung des B\u00fccherpreises 2002 f\u00fcr Christa Wolf"},{"sig_full":"01.01.00.00.-1591","titel":"Im Krebsgang - Ein Buch von G\u00fcnter Grass (poln.)","untertitel":null},{"sig_full":"01.01.00.00.-1590","titel":"Das Aufzeigen unser aller Vers\u00e4umnisse","untertitel":"Literaturkritik zur Neuerscheinung \"Im Krebsgang\""},{"sig_full":"01.01.00.00.-1592","titel":"\u00dcber die Popularit\u00e4t von G\u00fcnter Grass auf dem polnischen B\u00fcchermarkt (poln.)","untertitel":"Telefoninterview mit Joanna Konopacka"},{"sig_full":"01.01.00.00.-1594","titel":"Buchbesprechung und Kritik zu \u201eIm Krebsgang\u201c (russisch)","untertitel":"\u00dcber die Neuerscheinung der Novelle"},{"sig_full":"01.01.00.00.-1605","titel":"Grass-Rezeption in China","untertitel":"\u00dcber die H\u00fcrden bei Grass-\u00dcbersetzungen und Ver\u00f6ffentlichungen"},{"sig_full":"01.01.00.00.-1612","titel":"Telefoninterview mit dem franz\u00f6sischen G\u00fcnter Grass-\u00dcbersetzer Claude Porcel (frz.)","untertitel":"\u00dcber die kritische Auseinandersetzung mit der j\u00fcngeren deutschen Geschichte"},{"sig_full":"01.01.00.00.-1606","titel":"Die politische Sprache ist eine Sekund\u00e4rsprache (engl.)","untertitel":"Bericht im Rahmen internationalen Frankfurter Buchmesse 2002"},{"sig_full":"01.01.00.00.-1610","titel":"Ein lebenslustiger Pessimist","untertitel":null},{"sig_full":"01.01.00.00.-1609","titel":"Neues von und \u00fcber Grass zum 75. Geburtstag","untertitel":"Feature \u00fcber die Neurscheinungen im Herbst 2002"},{"sig_full":"01.01.00.00.-1655","titel":"Erkenntnis \u00fcber die Waffen-SS als Verbrecherbande","untertitel":"Gr\u00fcnde f\u00fcr die ideologische Verblendung"},{"sig_full":"01.01.00.00.-1680","titel":"G\u00fcnter Grass wird 80 Jahre alt (russisch)","untertitel":null},{"sig_full":"01.01.00.00.-1674","titel":"\u00dcber die Stilbildung und Weiterentwicklung als Schriftsteller","untertitel":"\u00dcber den pikaresken Romans und die Entstehung der \"Hundejahre\""},{"sig_full":"01.01.00.00.-1679","titel":"G\u00fcnter Grass wird 80 (persisch)","untertitel":null},{"sig_full":"01.01.00.00.-1270","titel":"Wilhelm Gustloff","untertitel":null},{"sig_full":"01.01.00.00.-1678","titel":"Happy Birthday  Mr. Grass!","untertitel":"Gratulationen aus aller Welt  zum 80. Geburtstag"},{"sig_full":"01.01.00.00.-0576","titel":"Grass \u00fcber Fu\u00dfball (Rohmaterial)","untertitel":null},{"sig_full":"01.01.00.00.-0574","titel":"Die Wiedervereinigung als andauernde Aufgabe (Erfahrungen aus der deutschen Wiedervereinigung)","untertitel":"Zu Gast im Goethe Institut in Seoul"},{"sig_full":"01.01.00.00.-0955","titel":"Grass in S\u00fcdkorea bei der Fu\u00dfball-WM 2002","untertitel":null},{"sig_full":"01.01.00.00.-0981","titel":"Im Krebsgang (Ausschnitt)","untertitel":"Kapitel 1 und 6 (Ausz\u00fcge)"},{"sig_full":"01.01.00.00.-1603","titel":"Das nagt an dem Alten","untertitel":"O-T\u00f6ne aus \"Die Blechtrommel\",  \"Aus dem Tagebuch einer Schnecke\" und \"Im Krebsgang\""},{"sig_full":"01.01.00.00.-1307","titel":"Telefoninterview mit Adam Krzemi\u0144ski","untertitel":"DLR  Kultur - Podcast"},{"sig_full":"01.01.00.00.-1302","titel":"Anmerkungen zum Grass-Spektakel","untertitel":"DLR - Podcast"}]},{"word":"Was gesagt werden muss","dsets":[{"sig_full":"01.01.00.00.-1866","titel":"Es gibt auch Zuspruch zum israelkritischen Gedicht","untertitel":null},{"sig_full":"01.01.00.00.-1863","titel":"Avi Primor \u00fcber das Einreiseverbot f\u00fcr G\u00fcnter Grass","untertitel":null},{"sig_full":"01.01.00.00.-1862","titel":"Israelische Intellektuelle \u00fcber das Einreiseverbot f\u00fcr G\u00fcnter Grass","untertitel":null},{"sig_full":"01.01.00.00.-1864","titel":"Die SPD diskutiert \u00fcber die zuk\u00fcnftige Wahlkampfunterst\u00fctzung von G\u00fcnter Grass","untertitel":null},{"sig_full":"01.01.00.00.-1865","titel":"Osterm\u00e4rsche unterst\u00fctzen die Kritik von G\u00fcnter Grass an Israel","untertitel":null},{"sig_full":"01.01.00.00.-1858","titel":"Entr\u00fcstung nach der Publikation von Grass' israelkritischem Gedicht","untertitel":"Erster Tagesthemen-Podcast nach der Ver\u00f6ffentlichung"},{"sig_full":"01.01.00.00.-1847","titel":"Reaktionen der israelischen Politiker und Medien auf das israelkritsche Gedicht","untertitel":"Tim A\u00dfmann berichtet aus Tel Aviv"},{"sig_full":"01.01.00.00.-1860","titel":"Bericht aus Tel Aviv zum Einreiseverbot f\u00fcr G\u00fcnter Grass","untertitel":null},{"sig_full":"01.01.00.00.-1850","titel":"Zweifel \u00fcber den Zustand des deutschen Journalismus nach der Ver\u00f6ffentlichung des israelkritischen Gedichts","untertitel":null},{"sig_full":"01.01.00.00.-1852","titel":"Tagesschau-Kommentar zum Einreise-Verbot nach dem israelkritischen Gedicht","untertitel":null},{"sig_full":"01.01.00.00.-1854","titel":"Morgenshow-Kommentar zum israelkritischen Gedicht (tel.)","untertitel":null},{"sig_full":"01.01.00.00.-1856","titel":"Kommentar zu Israels Einreiseverbot f\u00fcr G\u00fcnter Grass","untertitel":null},{"sig_full":"01.01.00.00.-1848","titel":"Berliner Reaktionen zum israelkritischen Gedicht von G\u00fcnter Grass","untertitel":null},{"sig_full":"01.01.00.00.-1827","titel":"Tagesschau-Beitrag am Abend zur Diskussion \u00fcber das Israel-Gedicht","untertitel":null},{"sig_full":"01.01.00.00.-1826","titel":"Tagesschau-Beitrag am Vorabend zur Diskussion \u00fcber das  Israel-Gedicht","untertitel":null},{"sig_full":"01.01.00.00.-1828","titel":"Denis Scheck kommentiert die Medienreaktionen zu Grass' Gedicht \"Was gesagt werden muss\"","untertitel":null},{"sig_full":"01.01.00.00.-1832","titel":"Nach der Gedichtver\u00f6ffentlichung hagelt es Kritik","untertitel":null},{"sig_full":"01.01.00.00.-1834","titel":"Ein St\u00fcck Selbststilisierung","untertitel":null},{"sig_full":"01.01.00.00.-1842","titel":"Bilanz der Kritik zum israelkritischen Gedicht","untertitel":null},{"sig_full":"01.01.00.00.-1835","titel":"Tom Segev (tel.) \u00fcber das israelkritische Gedicht von G\u00fcnter Grass","untertitel":null},{"sig_full":"01.01.00.00.-1836","titel":"Die asymmetrische Debatte zum israelkritischen Gedicht","untertitel":"Kommentar zu Meinungen diverser Kritiker"},{"sig_full":"01.01.00.00.-1838","titel":"Das israelkritische Gedicht als irritierend und geschmacklos bewertet","untertitel":null},{"sig_full":"01.01.00.00.-1839","titel":"Anhaltende Diskussion zum israelkritischen Gedicht","untertitel":null},{"sig_full":"01.01.00.00.-1840","titel":"Vortrag des israelkritischen Gedichts im Podcall","untertitel":null},{"sig_full":"01.01.00.00.-1841","titel":"Kommentar als Polemik zum israelkritischen Gedicht","untertitel":null},{"sig_full":"01.01.00.00.-1844","titel":"Das Einreiseverbot nach Israel st\u00f6\u00dft auf Kritik","untertitel":"Reaktionen aus Deutschland und dem Ausland nach Israeals Reaktion auf das israelkritische Gedicht"},{"sig_full":"01.01.00.00.-1845","titel":"Der Bischof der hannoverschen Landeskirche \u00fcber die Israelkritik als \u00dcbertretung der protestantischen Schmerzgrenze","untertitel":null},{"sig_full":"01.01.00.00.-1853","titel":"\u00dcber die Erreichbarkeit des Regierungssprechers nach Ver\u00f6ffentlichung des israelkritischen Gedichts","untertitel":null},{"sig_full":"01.01.00.00.-1855","titel":"O-Ton Collage und Telefoninterview mit dem ARD-Chefredakteur zum israelkritischen Gedicht","untertitel":"O-Ton Collage und Telefoninterview"},{"sig_full":"01.01.00.00.-1851","titel":"Res\u00fcmee zur Medienresonanz des israelkritischen Gedichts","untertitel":null},{"sig_full":"01.01.00.00.-1849","titel":"Druck auf G\u00fcnter Grass wegen des israelkritischen Gedichts","untertitel":null},{"sig_full":"01.01.00.00.-1867","titel":"Mehr Leserbrief als ein Gedicht","untertitel":"Tagesthemenkommentar zum israelkritischen Gedicht"},{"sig_full":"01.01.00.00.-1869","titel":"B\u00fcttenrede aus Bremen zum israelkritischen Gedicht","untertitel":null},{"sig_full":"01.01.00.00.-1868","titel":"Ein politisches Statement hat sich ein Gef\u00e4\u00df gesucht","untertitel":"Das ZDF heute Journal zum israelkritischen Gedicht"},{"sig_full":"01.01.00.00.-1824","titel":"Tagesthemen-Sonderbeitrag zu Grass' Gedicht \"Was gesagt werden muss\"","untertitel":"G\u00fcnter Grass im Gespr\u00e4ch mit Tom Buhrow"},{"sig_full":"01.01.00.00.-1857","titel":"Funkhausgespr\u00e4ch \u00fcber die Bedeutung und Wirkung des israelkritischen Gedichts von G\u00fcnter Grass","untertitel":"V. Neuhaus und M. Schwering diskutieren  \u00fcber die Radikalit\u00e4t der politischen Entw\u00fcrfe von G\u00fcnter Grass und dessen Wirkung auf die Gesellschaft"},{"sig_full":"01.01.00.00.-1859","titel":"Israel verh\u00e4ngt Einreiseverbot f\u00fcr G\u00fcnter Grass","untertitel":null},{"sig_full":"01.01.00.00.-1861","titel":"Au\u00dfenminister und Gr\u00fcnenpolitiker \u00fcber das Einreiseverbot f\u00fcr G\u00fcnter Grass","untertitel":null},{"sig_full":"01.01.00.00.-1846","titel":"Kommentar zu den Reaktionen auf das israelkritische Gedicht von G\u00fcnter Grass","untertitel":null},{"sig_full":"01.01.00.00.-1837","titel":"Zusammengefasste Reaktionen zum israelkritischen Gedicht","untertitel":null},{"sig_full":"01.01.00.00.-1831","titel":"Nachtmagazin-Beitrag zur Diskussion \u00fcber das Israel-Gedicht  vom 05.04.2012","untertitel":null},{"sig_full":"01.01.00.00.-1833","titel":"Micha Brumlik \u00fcbt Kritik am Gedicht von G\u00fcnter Grass (tel.)","untertitel":null},{"sig_full":"01.01.00.00.-1825","titel":"Tagesthemen-Sonderbeitrag zu Grass' Gedicht \"Was gesagt werden muss\"","untertitel":"Gro\u00dfe Aufregung"},{"sig_full":"01.01.00.00.-1969","titel":"Arnon Gr\u00fcnberg und G\u00fcnter Grass \u00fcber Antisemitismus, Israel und den 2. Weltkrieg","untertitel":"Gespr\u00e4ch anl\u00e4\u00dflich des Prager Autorenfestivals 2013"}]},{"word":"Egon Bahrs K\u00e4rrnerarbeit","dsets":[{"sig_full":"01.01.00.00.-0192","titel":"Verleihung des Friedenspreises 1972 der Freda-W\u00fcsthoff-Stiftung an Egon Bahr in Bonn","untertitel":"Egon Bahrs K\u00e4rrnerarbeit"},{"sig_full":"01.01.00.00.-1232","titel":"Tagesmagazin: Friedenspreis der Freda-W\u00fcsthoff-Stiftung f\u00fcr Egon Bahr","untertitel":null}]},{"word":"Unkenrufe","dsets":[{"sig_full":"01.01.00.00.-0863","titel":"Nachtschwester Kroymann","untertitel":null},{"sig_full":"01.01.00.00.-0927","titel":"Riverboat","untertitel":null},{"sig_full":"01.01.00.00.-1525","titel":"\u00dcber Heiner M\u00fcller, Christa Wolf und die Stasi","untertitel":null},{"sig_full":"01.01.00.00.-1068","titel":"Unkenrufe (Poln.)","untertitel":null},{"sig_full":"01.01.00.00.-0416","titel":"Unkenrufe - Telefoninterview mit G\u00fcnter Grass zu seinem neuen Buch","untertitel":null},{"sig_full":"01.01.00.00.-0083","titel":"Von Beruf Handwerker","untertitel":"Ein Werkstattbericht"},{"sig_full":"01.01.00.00.-1425","titel":"Themenschwerpunkte im Werk von G\u00fcnter Grass","untertitel":"Interview anl\u00e4\u00dflich der Austellung \"W\u00f6rtliche Bilder\" in H\u00fcrth"},{"sig_full":"01.01.00.00.-1057","titel":"B\u00fccher, B\u00fccher \u2013 G\u00fcnter Grass 1992","untertitel":"Zur Neuerscheinung \"F\u00fcnf Jahrzehnte - Ein Werkstattbericht\" und \"Unkenrufe\""},{"sig_full":"01.01.00.00.-0027","titel":"\u00dcber die Deutsche Einheit und den Roman \"Unkenrufe\"","untertitel":"Gespr\u00e4ch mit G\u00fcnter Grass"},{"sig_full":"01.01.00.00.-0043","titel":"Mit \"Unkenrufen\" auf Lesetour","untertitel":"Gespr\u00e4ch mit G\u00fcnter Grass (2 Teile)"},{"sig_full":"01.01.00.00.-1446","titel":"G\u00fcnter Grass im Gef\u00e4ngnis","untertitel":"Lesung in der JVA Tegel"},{"sig_full":"01.01.00.00.-1953","titel":"Gegenstimme zu den Lobreden auf die Wiedervereinigung","untertitel":null},{"sig_full":"01.01.00.00.-1059","titel":"G\u00fcnter Grass von der Lelewelastrasse (Poln.)","untertitel":null},{"sig_full":"01.01.00.00.-0969","titel":"Gespr\u00e4ch bei einer Ausstellungser\u00f6ffnung kurz vor Ver\u00f6ffentlichung von \"Ein weites Feld\"","untertitel":null},{"sig_full":"01.01.00.00.-1042","titel":"Unkenrufe","untertitel":"Lesung"},{"sig_full":"01.01.00.00.-0062","titel":"Rede und Reaktionen zur \"Rede vom Verlust\" und den \"Unkenrufe\"","untertitel":null},{"sig_full":"01.01.00.00.-0518","titel":"Deutsche Lebensl\u00e4ufe: G\u00fcnter Grass","untertitel":"Portr\u00e4t (3 Takes)"},{"sig_full":"01.01.00.00.-0905","titel":"Peter R\u00fchmkorf und G\u00fcnter Grass auf der Frankfurter Buchmesse 2004","untertitel":"Literaturforum im NWR"},{"sig_full":"01.01.00.00.-0993","titel":"Steinmetz und anderes","untertitel":"Der K\u00fcnstler G\u00fcnter Grass"},{"sig_full":"01.01.00.00.-1028","titel":"Kleckerburg verloren","untertitel":"G\u00fcnter Grass - Von Danzig nach Gdansk"},{"sig_full":"01.01.00.00.-0360","titel":"Gebrannte Erde","untertitel":"Rohmaterial der Lesung f\u00fcr \"Extratext\""},{"sig_full":"01.01.00.00.-1526","titel":"Der Erwerb der Taschenbuchrechte f\u00fcr G\u00fcnter Grass Titel","untertitel":"Internationale Buchmesse Frankfurt 1993 - DTV-Verleger Wolfram G\u00f6bel im Interview"},{"sig_full":"01.01.00.00.-0968","titel":"O-T\u00f6ne zur Ver\u00f6ffentlichung des Films \"Unkenrufe\"","untertitel":null},{"sig_full":"01.01.00.00.-1058","titel":"Unkenrufe - Trailer","untertitel":"Zeit der Vers\u00f6hnung"},{"sig_full":"01.01.00.00.-0550","titel":"G\u00fcnter Grass - Vom Zeichnen und Schreiben","untertitel":"Er\u00f6ffung der Ausstellung in der Bremischen B\u00fcrgerschaft"},{"sig_full":"01.01.00.00.-0959","titel":"Unkenrufe - Zeit der Vers\u00f6hnung","untertitel":"Nach der gleichnamigen Erz\u00e4hlung von G\u00fcnter Grass"},{"sig_full":"01.01.00.00.-0486","titel":"Literatur-Nobelpreis f\u00fcr G\u00fcnter Grass","untertitel":null},{"sig_full":"01.01.00.00.-1156","titel":"Wechselrede: G\u00fcnter Grass \u00fcber die \"Unkenrufe\"","untertitel":null},{"sig_full":"01.01.00.00.-0534","titel":"Nobler Herr im Frack","untertitel":"Harro Zimmermann im Gespr\u00e4ch mit G\u00fcnter Grass nach der Nobelpreisverleihung"},{"sig_full":"01.01.00.00.-0023","titel":"\u00dcber \"Unkenrufe\"","untertitel":"Ein Gespr\u00e4ch mit G\u00fcnter Grass \u00fcber die Wirkung seines Romans"},{"sig_full":"01.01.00.00.-0371","titel":"Dieselbe Tinte - G\u00fcnter Grass und Hans Mayer im Gespr\u00e4ch \u00fcber das Wort und das Bild","untertitel":null},{"sig_full":"01.01.00.00.-1890","titel":"Schaupl\u00e4tze der \"Unkenrufe\" (Rohmaterial)","untertitel":null},{"sig_full":"01.01.00.00.-1547","titel":"Portrait des deutschen Schriftstellers anl\u00e4\u00dflich seines 70. Geburtstages (bulgarisch)","untertitel":null},{"sig_full":"01.01.00.00.-1888","titel":"Heimatbegriff und \"Unkenrufe\"","untertitel":"Rohmaterial f\u00fcr Tagesthemenbeitrag mit Bildern aus Danzig"},{"sig_full":"01.01.00.00.-0417","titel":"Herzlichen Gl\u00fcckwunsch, G\u00fcnter Grass - Ein Personenportr\u00e4t zum 65. Geburtstag","untertitel":null},{"sig_full":"01.01.00.00.-1443","titel":"Er\u00f6ffnung der Grass-Galerie in Danzig","untertitel":"Grassomania 2009"},{"sig_full":"01.01.00.00.-1935","titel":"\"Unkenrufe\" startet in Danziger Kino","untertitel":null},{"sig_full":"01.01.00.00.-1219","titel":"Tagesgespr\u00e4ch mit G\u00fcnter Grass \u00fcber \"Unkenrufe\"","untertitel":"Gespr\u00e4ch zur Ver\u00f6ffentlichung von \"Unkenrufe\" auf der Leipziger Buchmesse"},{"sig_full":"01.01.00.00.-0614","titel":"L\u00fcbecker Werkstattbericht","untertitel":"Sechs Vorlesungen an der Medizinischen Universit\u00e4t L\u00fcbeck"},{"sig_full":"01.01.00.00.-1962","titel":"Entwicklung und  Arbeitsprozesse im Werkstattbericht \"Vier Jahrzehnte\"","untertitel":null},{"sig_full":"01.01.00.00.-0532","titel":"Pressekonferenz: Vom Abenteuer der Aufkl\u00e4rung","untertitel":"Werkstattgespr\u00e4che mit G\u00fcnter Grass"},{"sig_full":"01.01.00.00.-1961","titel":"Schaupl\u00e4tze der \"Unkenrufe\" als Buchtipp","untertitel":null},{"sig_full":"01.01.00.00.-1621","titel":"G\u00fcnter Grass und das G\u00fcnter Grass Haus in L\u00fcbeck","untertitel":"Telefoninterview mit der chinesischen Redaktion \u00fcber Politik und Grass' Arbeit"},{"sig_full":"01.01.00.00.-1636","titel":"Vers\u00f6hnung als menschliches Thema","untertitel":"\u00dcber die Adaption der \"Unkenrufe\" aus einem polnischen Blickwinkel"},{"sig_full":"01.01.00.00.-1248","titel":"ZAK: Der Wochendurchblick","untertitel":"G\u00fcnter Grass als Studiogast"},{"sig_full":"01.01.00.00.-1261","titel":"\"Unkenrufe\" in den \"Tagesthemen\"","untertitel":"Bericht von der Vorpr\u00e4miere des Films \"Unkenrufe. Zeit der Vers\u00f6hnung\" in Danzig"},{"sig_full":"01.01.00.00.-1697","titel":"Entstehungsgeschichte \"Ein weites Feld\"","untertitel":"Ein sehr pers\u00f6nliches Interview mit Publikum"},{"sig_full":"01.01.00.00.-1960","titel":"Medienkritik und Unkenrufe","untertitel":null},{"sig_full":"01.01.00.00.-1541","titel":"Der internationale Ruf von G\u00fcnter Grass","untertitel":"Im Ausland gesch\u00e4tzt, im Inland gehasst"},{"sig_full":"01.01.00.00.-1699","titel":"Kahlschlag und Raubbau \u2013 Die Landschaften der Deutschen Einheit bei G\u00fcnter Grass","untertitel":"Vortrag zur Er\u00f6ffnung der Ausstellung \u201eG\u00fcnter Grass und die Deutsche Einheit \u2013 Zeugnisse einer Auseinandersetzung\u201c"},{"sig_full":"01.01.00.00.-0164","titel":"Gespr\u00e4ch mit G\u00fcnter Grass zum 65. Geburtstag (I)","untertitel":null},{"sig_full":"01.01.00.00.-0166","titel":"Schl\u00fcsselfunktionen der Unkenrufe","untertitel":"Gedanken zur Zeit"},{"sig_full":"01.01.00.00.-0167","titel":"Sekund\u00e4rquellen bestimmen die Wahrnehmung von Literatur und Politik","untertitel":"Zeitgenossen. Begegnungen im Gespr\u00e4ch"},{"sig_full":"01.01.00.00.-1955","titel":"Grass l\u00e4sst Deutschland keine Ruhe","untertitel":null}]},{"word":"Onkel, Onkel","dsets":[{"sig_full":"01.01.00.00.-0140","titel":"Onkel, Onkel ( griechisch)","untertitel":null},{"sig_full":"01.01.00.00.-1096","titel":"\u00dcber die Arbeitsweise des Schriftstellers","untertitel":"Eine Betrachtung mit Beispielen"},{"sig_full":"01.01.00.00.-0107","titel":"40. Geburtstag von G\u00fcnter Grass","untertitel":null},{"sig_full":"01.01.00.00.-0119","titel":"Gespr\u00e4ch mit G\u00fcnter Grass","untertitel":null},{"sig_full":"01.01.00.00.-0315","titel":"Lesung (u.a. aus \"Onkel, Onkel\")","untertitel":null},{"sig_full":"01.01.00.00.-1748","titel":"Mitschnitt der Lesung \"Schriftsteller lesen in Berlin\" 1964","untertitel":"Mit einem Referat von Klaus Wagenbach, einer Lesung aus \"Hundejahre\" und Ausschnitten aus der abschlie\u00dfenden Diskussion"},{"sig_full":"01.01.00.00.-0008","titel":"Bestandsaufnahme: Anderthalb Jahre vor Erscheinen von \"Hundejahre\"","untertitel":"Horst Bienek im Gespr\u00e4ch mit G\u00fcnter Grass"},{"sig_full":"01.01.00.00.-0262","titel":"Ge\u00f6ffneter Schrank - G\u00fcnter Grass liest ein Gedicht aus dem Band \"Die Vorz\u00fcge der Windh\u00fchner\" und Interpretation des Gedichts von Klaus Wagenbach","untertitel":null},{"sig_full":"01.01.00.00.-0614","titel":"L\u00fcbecker Werkstattbericht","untertitel":"Sechs Vorlesungen an der Medizinischen Universit\u00e4t L\u00fcbeck"},{"sig_full":"01.01.00.00.-0222","titel":"Die Ambivalenz der Wahrheit zeigen","untertitel":"Aussage zur Person: G\u00fcnter Grass"}]},{"word":"Gedichte","dsets":[{"sig_full":"01.01.00.00.-0250","titel":"R\u00fcckblick auf die Blechtrommel - oder Der Autor als fragw\u00fcrdiger Zeuge","untertitel":"Ein Versuch in eigener Sache"},{"sig_full":"01.01.00.00.-0780","titel":"G\u00fcnter Grass liest zu Ehren von Walter H\u00f6llerer","untertitel":"Maxh\u00fctte, Sulzbach-Rosenberg"},{"sig_full":"01.01.00.00.-0097","titel":"50 Jahre Gruppe 47 (1)","untertitel":"Diskussion mit Peter Bichsel, G\u00fcnter Grass und Walter H\u00f6llerer"},{"sig_full":"01.01.00.00.-0781","titel":"Gespr\u00e4ch mit Journalisten in Straelen Europ\u00e4isches \u00dcbersetzer Kollegium","untertitel":"Der Autoren bester Leser - Der Literaturnobelpreistr\u00e4ger G\u00fcnter Grass zu Gast im Europ\u00e4ischen \u00dcbersetzer-Kollegium"},{"sig_full":"01.01.00.00.-0095","titel":"Die Schweinekopfs\u00fclze","untertitel":"Gedicht aus \"Ausgefragt\""},{"sig_full":"01.01.00.00.-0973","titel":"Wer lacht hier, hat gelacht?","untertitel":"Lyrik und Prosa. Schlagzeug und Percussion auf 2 Tonkassetten."},{"sig_full":"01.01.00.00.-0948","titel":"Meissner Tedeum","untertitel":"Nach dem \"Tedeum laudamus\" deutsch von Martin Luther und einem antiphonischen Text von G\u00fcnter Grass"}]},{"word":"Die b\u00f6sen K\u00f6che","dsets":[{"sig_full":"01.01.00.00.-0250","titel":"R\u00fcckblick auf die Blechtrommel - oder Der Autor als fragw\u00fcrdiger Zeuge","untertitel":"Ein Versuch in eigener Sache"},{"sig_full":"01.01.00.00.-0669","titel":"Die b\u00f6sen K\u00f6che","untertitel":"Ein Drama in f\u00fcnf Akten"},{"sig_full":"01.01.00.00.-1026","titel":"Buten un binnen: Kochen nach Rezepten von G\u00fcnter Grass","untertitel":"Kulinaristik Tagung. G\u00fcnter Grass: Menschen sind Tiere die kochen k\u00f6nnen"},{"sig_full":"01.01.00.00.-0119","titel":"Gespr\u00e4ch mit G\u00fcnter Grass","untertitel":null},{"sig_full":"01.01.00.00.-1161","titel":"Die b\u00f6sen K\u00f6che","untertitel":"Vortrag von Gisela Schneider im Rahmen des Kongresses  \"Menschen sind Tiere die kochen k\u00f6nnen\""},{"sig_full":"01.01.00.00.-0360","titel":"Gebrannte Erde","untertitel":"Rohmaterial der Lesung f\u00fcr \"Extratext\""},{"sig_full":"01.01.00.00.-1748","titel":"Mitschnitt der Lesung \"Schriftsteller lesen in Berlin\" 1964","untertitel":"Mit einem Referat von Klaus Wagenbach, einer Lesung aus \"Hundejahre\" und Ausschnitten aus der abschlie\u00dfenden Diskussion"},{"sig_full":"01.01.00.00.-0222","titel":"Die Ambivalenz der Wahrheit zeigen","untertitel":"Aussage zur Person: G\u00fcnter Grass"},{"sig_full":"01.01.00.00.-0623","titel":"Berlin: \"Die b\u00f6sen K\u00f6che\"","untertitel":"Berlin: \"Die b\u00f6sen K\u00f6che\", ein St\u00fcck vom Blechtrommelautor G\u00fcnter Grass wurde am Berliner Schiller Theater inszeniert"}]},{"word":"Der weite Rock","dsets":[{"sig_full":"01.01.00.00.-0250","titel":"R\u00fcckblick auf die Blechtrommel - oder Der Autor als fragw\u00fcrdiger Zeuge","untertitel":"Ein Versuch in eigener Sache"},{"sig_full":"01.01.00.00.-0446","titel":"Es war einmal ein Land","untertitel":"G\u00fcnter Grass liest, G\u00fcnter \"Baby\" Sommer trommelt und spielt"},{"sig_full":"01.01.00.00.-0134","titel":"Die Blechtrommel","untertitel":"Lesung des Kapitels \"Der weite Rock\" (\"My Grandmother's Shirt\", engl.)"},{"sig_full":"01.01.00.00.-0158","titel":"Der Blechtrommler liest und l\u00e4\u00dft trommeln","untertitel":"Bericht \u00fcber eine Lesetournee von G\u00fcnter Grass und G\u00fcnter Baby Sommer"}]},{"word":"Niobe","dsets":[{"sig_full":"01.01.00.00.-0250","titel":"R\u00fcckblick auf die Blechtrommel - oder Der Autor als fragw\u00fcrdiger Zeuge","untertitel":"Ein Versuch in eigener Sache"}]},{"word":"Schriftsteller und Gewerkschaft","dsets":[{"sig_full":"01.01.00.00.-0307","titel":"Einigkeit der Einzelg\u00e4nger - Bericht \u00fcber den 1. Kongress des Verbandes deutscher Schriftsteller (VS)","untertitel":null},{"sig_full":"01.01.00.00.-0508","titel":"Schriftsteller und Gewerkschaft (Originalmitschnitt)","untertitel":"Rede auf dem ersten Kongre\u00df des Verbandes deutscher Schriftsteller in Stuttgart"}]},{"word":"Dummer August","dsets":[{"sig_full":"01.01.00.00.-1946","titel":"\u00dcber Alter, Karriere, Zukunft und Vergangenheit","untertitel":"Interview anl\u00e4\u00dflich des 80. Geburtstags"},{"sig_full":"01.01.00.00.-1945","titel":"R\u00fcckblick und Vorausschau anl\u00e4\u00dflich des 80. Geburtstags","untertitel":null},{"sig_full":"01.01.00.00.-1876","titel":"\"Dummer August\" als Pflichtgeschenk","untertitel":"Buchkritk mit Helmut B\u00f6ttiger"},{"sig_full":"01.01.00.00.-1941","titel":"Zum Filmstart von \"Der Unbequeme\" im Hamburger Metropolis","untertitel":null},{"sig_full":"01.01.00.00.-1332","titel":"Laudatio zum Ernst-Toller-Preis 2007","untertitel":"Ernst-Toller-Preis 2007 f\u00fcr G\u00fcnter Grass"},{"sig_full":"01.02.00.00.-1941","titel":"Zum Filmstart von \"Der Unbequeme\" im Hamburger Metropolis","untertitel":null}]},{"word":"Kopfgeburten","dsets":[{"sig_full":"01.01.00.00.-0430","titel":"Portr\u00e4t-Film 1988","untertitel":"Ton-Rohmaterial"},{"sig_full":"01.01.00.00.-0088","titel":"G\u00fcnter Grass im Gespr\u00e4ch","untertitel":null},{"sig_full":"01.01.00.00.-0103","titel":"Die R\u00e4ttin","untertitel":"Interview mit G\u00fcnter Grass \u00fcber seinen Roman (tel.)"},{"sig_full":"01.01.00.00.-0018","titel":"Zeichnen und Schreiben: Gespr\u00e4ch mit G\u00fcnter Grass","untertitel":null},{"sig_full":"01.01.00.00.-0521","titel":"Laudatio zur Verleihung der Hermann-Kesten-Medaille an G\u00fcnter Grass","untertitel":"Gek\u00fcrzte Radio-Fassung der Rede"},{"sig_full":"01.01.00.00.-0365","titel":"Der Stein muss immer bewegt werden","untertitel":"G\u00fcnter Grass im Gespr\u00e4ch mit J\u00f6rg-Dieter Kogel und Harro Zimmermann"}]},{"word":"Hundejahre (?)","dsets":[{"sig_full":"01.01.00.00.-0430","titel":"Portr\u00e4t-Film 1988","untertitel":"Ton-Rohmaterial"}]},{"word":"Der Schatten","dsets":[{"sig_full":"01.01.00.00.-0986","titel":"Ausstellungser\u00f6ffnung Andersens M\u00e4rchen \" Der Schatten\"","untertitel":"G\u00fcnter Grass Stiftung Bremen"},{"sig_full":"01.01.00.00.-0854","titel":"G\u00fcnter Grass Ausstellung in Seligenstadt","untertitel":null},{"sig_full":"01.01.00.00.-0833","titel":"ARD Morgenmagazin 6.10.2004","untertitel":"G\u00fcnter Grass als K\u00fcnstler"},{"sig_full":"01.01.00.00.-0853","titel":"Hausbesuch: G\u00fcnter Grass und sein neues Bilderbuch","untertitel":"Kulturmagazin"},{"sig_full":"01.01.00.00.-0938","titel":"M\u00e4rchen sind grausam","untertitel":"Vom Zauber der M\u00e4rchen  Arte Magazin"},{"sig_full":"01.01.00.00.-1931","titel":"Verleihung des Hans Christian Andersen-Preises","untertitel":null},{"sig_full":"01.01.00.00.-1929","titel":"\"Der Butt im Griff\" und \"der Schatten\" in D\u00e4nemark","untertitel":null},{"sig_full":"01.01.00.00.-0570","titel":"M\u00e4rchen","untertitel":null}]},{"word":"Konflikte","dsets":[{"sig_full":"01.01.00.00.-0257","titel":"Konflikte","untertitel":"Lesung aus der Rede, urspr\u00fcnglich gehalten anl\u00e4\u00dflich der Verleihung des Theodor-Heuss-Preises am 01.02. 1969 (Ausschnitt)"}]},{"word":"Novemberland","dsets":[{"sig_full":"01.01.00.00.-0059","titel":"Novemberland. 13 Gedichte","untertitel":null},{"sig_full":"01.01.00.00.-1425","titel":"Themenschwerpunkte im Werk von G\u00fcnter Grass","untertitel":"Interview anl\u00e4\u00dflich der Austellung \"W\u00f6rtliche Bilder\" in H\u00fcrth"},{"sig_full":"01.01.00.00.-0432","titel":"Bei dieser Gelegenheit","untertitel":"Gedichte aus vierzig Jahren"},{"sig_full":"01.01.00.00.-1981","titel":"Sp\u00e4therbstlicher Sonettreigen \u00fcber die Einheit Deutschlands","untertitel":null},{"sig_full":"01.01.00.00.-0905","titel":"Peter R\u00fchmkorf und G\u00fcnter Grass auf der Frankfurter Buchmesse 2004","untertitel":"Literaturforum im NWR"},{"sig_full":"01.01.00.00.-1159","titel":"B\u00fccher, B\u00fccher: Gespr\u00e4ch Grass","untertitel":null},{"sig_full":"01.01.00.00.-1014","titel":"Gespr\u00e4ch mit Lohr","untertitel":null},{"sig_full":"01.01.00.00.-1082","titel":"Grass bekommt den Titel Doctor Honoris Causa der Universit\u00e4t Gda\u0144sk (Poln.)","untertitel":null},{"sig_full":"01.01.00.00.-0614","titel":"L\u00fcbecker Werkstattbericht","untertitel":"Sechs Vorlesungen an der Medizinischen Universit\u00e4t L\u00fcbeck"}]},{"word":"Erbarmen mit Kuba","dsets":[{"sig_full":"01.01.00.00.-0058","titel":"Erbarmen mit Kuba","untertitel":"Autorlesung"}]},{"word":"Fernwirkender Gesang vom Stockturm aus gesungen","dsets":[{"sig_full":"01.01.00.00.-0424","titel":"Fernwirkender Gesang vom Stockturm aus gesungen","untertitel":"Autorenlesung aus \"Die Blechtrommel\""},{"sig_full":"01.01.00.00.-0189","titel":"Die Blechtrommel","untertitel":"2 Ausz\u00fcge: Falter und Gl\u00fchbirne (Oskars Geburt); Fernwirkender Gesang vom Stockturm aus gesungen"}]},{"word":"Der Archipel Gulag","dsets":[{"sig_full":"01.01.00.00.-0034","titel":"Fragen zur Tagespolitik: Solschenizyn und Walter Scheel","untertitel":"Telefoninterview mit G\u00fcnter Grass"},{"sig_full":"01.01.00.00.-1761","titel":"G\u00fcnter Grass \u00fcber die Abschiebung von Alexander Solschenizyn (tel.)","untertitel":null}]},{"word":"Fr\u00fch gelernt","dsets":[{"sig_full":"01.01.00.00.-1421","titel":"lnterview im Fu\u00dfballstadion am Millerntor","untertitel":"Lesung am Millerntor beim F.C. St. Pauli Hamburg"},{"sig_full":"01.01.00.00.-1422","titel":"Eine neue Stadionerfahrung","untertitel":"Nachbericht  der  Lesung am Millerntor beim F.C. St. Pauli Hamburg"},{"sig_full":"01.01.00.00.-0785","titel":"G\u00fcnter Grass und sein verstorbener Freund Walter H\u00f6llerer","untertitel":"Die Dokumentation"},{"sig_full":"01.01.00.00.-0603","titel":"G\u00fcnter Grass zum 75. Geburtstag - Freunde lesen Grass","untertitel":"G\u00fcnter Grass in der freien Akademie der K\u00fcnste in Hamburg"},{"sig_full":"01.01.00.00.-0778","titel":"Fu\u00dfball oder Literatur?","untertitel":"Lesung am Millerntor beim F.C. St. Pauli Hamburg"},{"sig_full":"01.01.00.00.-0397","titel":"G\u00fcnter Grass als Linksau\u00dfen","untertitel":"Vorbericht  Lesung am Millerntor beim F.C. St. Pauli Hamburg"}]},{"word":"\u00f6rtlich bet\u00e4ubt","dsets":[{"sig_full":"01.01.00.00.-1141","titel":"Hund und Katz' und Maus, Schnecke, Butt und Ratte","untertitel":"Kritik der Grass-Kritik"},{"sig_full":"01.01.00.00.-0505","titel":"Die Verzweiflung arbeitet ohne Netz","untertitel":"Gespr\u00e4ch mit Heinz Ludwig Arnold (Rohmaterial)"},{"sig_full":"01.01.00.00.-0083","titel":"Von Beruf Handwerker","untertitel":"Ein Werkstattbericht"},{"sig_full":"01.01.00.00.-0907","titel":"J\u00f6rg Dieter Kogel im Gespr\u00e4ch mit G\u00fcnter Grass","untertitel":"Literaturforum"},{"sig_full":"01.01.00.00.-0408","titel":"Gespr\u00e4ch mit dem Schriftsteller G\u00fcnter Grass zum Jahreswechsel 1981\/82 \u00fcber politische und geistige Perspektiven der Zukunft (Tel.)","untertitel":"Zum Jahreswechsel: Politische und geistige Perspektiven der Zukunft - Gespr\u00e4ch mit G\u00fcnter Grass"},{"sig_full":"01.01.00.00.-0903","titel":"Gespr\u00e4chszeit - J\u00f6rg Dieter Kogel im Gespr\u00e4ch mit G\u00fcnter Grass","untertitel":null},{"sig_full":"01.01.00.00.-1131","titel":"Vom B\u00fcrgerschreck zum Gewissen der Nation","untertitel":"G\u00fcnter Grass zum 60. Geburtstag"},{"sig_full":"01.01.00.00.-1036","titel":"Ulrich Wickert und G\u00fcnter Grass sprechen \u00fcber \"Beim H\u00e4uten der Zwiebel\"","untertitel":"Wickerts B\u00fccher im August 2006"},{"sig_full":"01.01.00.00.-0326","titel":"\u00dcber Lion Feuchtwanger - Gespr\u00e4ch mit G\u00fcnter Grass","untertitel":null},{"sig_full":"01.01.00.00.-1775","titel":"Vom Dichter zum Politiker?","untertitel":"Kurz nach dem Eintritt in die SPD spricht G\u00fcnter Grass \u00fcber politische Ambitionen und Literatur"},{"sig_full":"01.01.00.00.-1818","titel":"Heinz Ludwig Arnold interviewt Schriftsteller in den Jahren von 1974-1977","untertitel":null},{"sig_full":"01.01.00.00.-0534","titel":"Nobler Herr im Frack","untertitel":"Harro Zimmermann im Gespr\u00e4ch mit G\u00fcnter Grass nach der Nobelpreisverleihung"},{"sig_full":"01.01.00.00.-0510","titel":"Gespr\u00e4ch mit Heinz Ludwig Arnold (Rohfassung)","untertitel":null},{"sig_full":"01.01.00.00.-0185","titel":"\u00d6rtlich bet\u00e4ubt (Auszug)","untertitel":null},{"sig_full":"01.01.00.00.-0668","titel":"\u00d6rtlich bet\u00e4ubt","untertitel":"Frankfurter Buchmesse 1969"},{"sig_full":"01.01.00.00.-0260","titel":"Interview mit G\u00fcnter Grass \u00fcber sein Theaterst\u00fcck \"Davor\"","untertitel":null},{"sig_full":"01.01.00.00.-0269","titel":"Demonstrationen gegen Springer","untertitel":null},{"sig_full":"01.01.00.00.-1590","titel":"Das Aufzeigen unser aller Vers\u00e4umnisse","untertitel":"Literaturkritik zur Neuerscheinung \"Im Krebsgang\""},{"sig_full":"01.01.00.00.-0614","titel":"L\u00fcbecker Werkstattbericht","untertitel":"Sechs Vorlesungen an der Medizinischen Universit\u00e4t L\u00fcbeck"},{"sig_full":"01.01.00.00.-1817","titel":"Heinz Ludwig Arnold interviewt Schriftsteller in den Jahren von 1970-1974","untertitel":null},{"sig_full":"01.01.00.00.-0222","titel":"Die Ambivalenz der Wahrheit zeigen","untertitel":"Aussage zur Person: G\u00fcnter Grass"},{"sig_full":"01.01.00.00.-0003","titel":"Vom Phantastischen zum Politischen? G\u00fcnter Grass \u00fcber seine literarische Entwicklung","untertitel":"Ein Gespr\u00e4ch"},{"sig_full":"01.01.00.00.-0328","titel":"Das Vivarium des G.G. - Eine Diskussion zum 60. Geburtstag von G\u00fcnter Grass","untertitel":"(kein O-Ton Grass)"},{"sig_full":"01.01.00.00.-0157","titel":"Gespr\u00e4ch mit G\u00fcnter Grass zum 60. Geburtstag (darin: Lesung des Gedichts \"Orpheus\")","untertitel":null}]},{"word":"Vom Stillstand im Fortschritt","dsets":[{"sig_full":"01.01.00.00.-1141","titel":"Hund und Katz' und Maus, Schnecke, Butt und Ratte","untertitel":"Kritik der Grass-Kritik"},{"sig_full":"01.01.00.00.-0036","titel":"Aus dem Tagebuch einer Schnecke","untertitel":"Interview mit G\u00fcnter Grass"},{"sig_full":"01.01.00.00.-1226","titel":"Spectrum: G\u00fcnter Grass zum Paragraphen 218","untertitel":null}]},{"word":"Davor","dsets":[{"sig_full":"01.01.00.00.-1141","titel":"Hund und Katz' und Maus, Schnecke, Butt und Ratte","untertitel":"Kritik der Grass-Kritik"},{"sig_full":"01.01.00.00.-1131","titel":"Vom B\u00fcrgerschreck zum Gewissen der Nation","untertitel":"G\u00fcnter Grass zum 60. Geburtstag"},{"sig_full":"01.01.00.00.-1484","titel":"G\u00fcnter Grass und Gustav Heinemann zu \"Davor\"","untertitel":"Fragen zum Theaterst\u00fcck"},{"sig_full":"01.01.00.00.-1801","titel":"Vor der Premiere von \"Davor\"","untertitel":"Interview mit G\u00fcnter Grass nach einer Probe des St\u00fccks"},{"sig_full":"01.01.00.00.-0119","titel":"Gespr\u00e4ch mit G\u00fcnter Grass","untertitel":null},{"sig_full":"01.01.00.00.-0667","titel":"Davor","untertitel":"Premiere am Berliner Schiller-Theater"},{"sig_full":"01.01.00.00.-0510","titel":"Gespr\u00e4ch mit Heinz Ludwig Arnold (Rohfassung)","untertitel":null},{"sig_full":"01.01.00.00.-0072","titel":"Davor - Ein St\u00fcck von G\u00fcnter Grass","untertitel":"Bericht \u00fcber die erste westdeutsche Auff\u00fchrung in Essen und die Diskussion"},{"sig_full":"01.01.00.00.-0260","titel":"Interview mit G\u00fcnter Grass \u00fcber sein Theaterst\u00fcck \"Davor\"","untertitel":null},{"sig_full":"01.01.00.00.-0306","titel":"F\u00fchrer und Verf\u00fchrte - Eine Sendereihe \u00fcber Geist und Mode unserer Zeit, 15. G\u00fcnter Grass oder Das erf\u00fcllte Image","untertitel":null},{"sig_full":"01.01.00.00.-1817","titel":"Heinz Ludwig Arnold interviewt Schriftsteller in den Jahren von 1970-1974","untertitel":null},{"sig_full":"01.01.00.00.-1756","titel":"Gespr\u00e4ch vor der Premiere von \"Davor\"","untertitel":"G\u00fcnter Grass \u00e4u\u00dfert sich zu seinem neuen Theaterst\u00fcck"},{"sig_full":"02.01.03.00.-0001","titel":"Urauff\u00fchrung des G\u00fcnter Grass St\u00fcckes \"Davor\"","untertitel":"Kultur Aktuell"},{"sig_full":"02.01.03.00.-0003","titel":"\"Davor\" in Regie von Klaus W. Leonhard","untertitel":null}]},{"word":"Das Treffen in Telgte","dsets":[{"sig_full":"01.01.00.00.-1141","titel":"Hund und Katz' und Maus, Schnecke, Butt und Ratte","untertitel":"Kritik der Grass-Kritik"},{"sig_full":"01.01.00.00.-0971","titel":"Komm, Trost der Nacht","untertitel":null},{"sig_full":"01.01.00.00.-0093","titel":"Das Treffen in Telgte","untertitel":"G\u00fcnter Grass liest aus seiner Erz\u00e4hlung"},{"sig_full":"01.01.00.00.-0586","titel":"Das Treffen in Telgte - eine Rezension","untertitel":null},{"sig_full":"01.01.00.00.-0972","titel":"F\u00fcr Aufbr\u00fcche an andere Orte jederzeit vorbereitet","untertitel":"G\u00fcnter Grass im Gespr\u00e4ch mit Dr. Erhard Kluge anl\u00e4sslich seines 70. Geburtstages in seinem L\u00fcbecker Haus"},{"sig_full":"01.01.00.00.-0953","titel":"Grass liest in der Herzog-August-Bibliothek","untertitel":"Das Treffen in Telgte"},{"sig_full":"01.01.00.00.-1059","titel":"G\u00fcnter Grass von der Lelewelastrasse (Poln.)","untertitel":null},{"sig_full":"01.01.00.00.-1131","titel":"Vom B\u00fcrgerschreck zum Gewissen der Nation","untertitel":"G\u00fcnter Grass zum 60. Geburtstag"},{"sig_full":"01.01.00.00.-0523","titel":"Hans Mayer zum Ged\u00e4chtnis (Auskopplung G\u00fcnter Grass)","untertitel":"Statement zur Person und Lesung aus \"Das Treffen in Telgte\""},{"sig_full":"01.01.00.00.-0514","titel":"Literarischer Sommer im Funkhaus Hannover","untertitel":null},{"sig_full":"01.01.00.00.-0890","titel":"Beerdigung von Hans Mayer","untertitel":null},{"sig_full":"01.01.00.00.-1795","titel":"Die zweite Lesereise in die DDR (tel.)","untertitel":null},{"sig_full":"01.01.00.00.-0565","titel":"Das Treffen in Telgte - vollst\u00e4ndige Lesung (5 CDs)","untertitel":null},{"sig_full":"01.01.00.00.-0099","titel":"Das Treffen in Telgte","untertitel":"Autorenlesung"},{"sig_full":"01.01.00.00.-0848","titel":"Literarisches Quartett: Ein weites Feld","untertitel":null},{"sig_full":"01.01.00.00.-0103","titel":"Die R\u00e4ttin","untertitel":"Interview mit G\u00fcnter Grass \u00fcber seinen Roman (tel.)"},{"sig_full":"01.01.00.00.-0833","titel":"ARD Morgenmagazin 6.10.2004","untertitel":"G\u00fcnter Grass als K\u00fcnstler"},{"sig_full":"01.01.00.00.-0603","titel":"G\u00fcnter Grass zum 75. Geburtstag - Freunde lesen Grass","untertitel":"G\u00fcnter Grass in der freien Akademie der K\u00fcnste in Hamburg"},{"sig_full":"01.01.00.00.-0480","titel":"Phantasie als Existenznotwendigkeit","untertitel":"Siegfried Lenz im Gespr\u00e4ch mit G\u00fcnter Grass"},{"sig_full":"01.01.00.00.-0413","titel":"Das Treffen in Telgte - Interview mit G\u00fcnter Grass","untertitel":"Grass trifft sich mit Kollegen"},{"sig_full":"01.01.00.00.-1529","titel":"Mit den Augen eines Malers","untertitel":"\u00dcber \"Ein weites Feld\""},{"sig_full":"01.01.00.00.-0995","titel":"Grass, G\u00fcnter  -  Jahrgang 1927","untertitel":"Fassung 1995"},{"sig_full":"01.01.00.00.-1389","titel":"G\u00fcnter Grass in Telgte","untertitel":"G\u00fcnter Grass stellt in Telgte sein neues Buch \"Das Treffen in Telgte\" vor"},{"sig_full":"01.01.00.00.-0100","titel":"Das Treffen in Telgte","untertitel":"Diskussionsausschnitt (nach Lesung)"},{"sig_full":"01.01.00.00.-0371","titel":"Dieselbe Tinte - G\u00fcnter Grass und Hans Mayer im Gespr\u00e4ch \u00fcber das Wort und das Bild","untertitel":null},{"sig_full":"01.01.00.00.-0385","titel":"G\u00fcnter Grass stellt sein neues Buch ''Das Treffen in Telgte'' vor","untertitel":null},{"sig_full":"01.01.00.00.-1547","titel":"Portrait des deutschen Schriftstellers anl\u00e4\u00dflich seines 70. Geburtstages (bulgarisch)","untertitel":null},{"sig_full":"01.01.00.00.-1897","titel":"Zu den Neuerscheinungen \"Das Treffen in Telgte\" und \"Kein Ort, nirgends\"","untertitel":null},{"sig_full":"01.01.00.00.-0108","titel":"Das Treffen in Telgte (Ausschnitt)","untertitel":"Ank\u00fcndigung: G\u00fcnter Grass liest im Ratssaal des Mainzer Rathauses Ausz\u00fcge aus seinem Buch"},{"sig_full":"01.01.00.00.-0571","titel":"Ohne die Tinte zu wechseln","untertitel":"G\u00fcnter Grass anl\u00e4\u00dflich der Er\u00f6ffnung des G\u00fcnter-Grass-Hauses am 20. Oktober 2002 im Gro\u00dfen Haus des Theaters L\u00fcbeck"},{"sig_full":"01.01.00.00.-1560","titel":"Ich war arm wie eine Kirchenmaus","untertitel":"Wiederholung des Gespr\u00e4chs zum  70. Geburtstags vom 16.10.1997 in Ausschnitten anl\u00e4sslich des Literaturnobelpreises"},{"sig_full":"01.01.00.00.-1599","titel":"Das dritte Autorentreffen in Telgte","untertitel":"Europ\u00e4ische Autoren diskutieren unter anderem \u00fcber die Folgen des 11. September"},{"sig_full":"01.01.00.00.-0614","titel":"L\u00fcbecker Werkstattbericht","untertitel":"Sechs Vorlesungen an der Medizinischen Universit\u00e4t L\u00fcbeck"},{"sig_full":"01.01.00.00.-1620","titel":"Schleier der Religionen (arab.)","untertitel":"Zweisprachige Lesung"},{"sig_full":"01.01.00.00.-0716","titel":"Das Treffen in Telgte","untertitel":null},{"sig_full":"01.01.00.00.-0665","titel":"Golo Mann - portr\u00e4tiert von G\u00fcnter Grass","untertitel":"unter Mitarbeit von Hellmuth Karasek und Kurt Zimmermann"},{"sig_full":"01.01.00.00.-0328","titel":"Das Vivarium des G.G. - Eine Diskussion zum 60. Geburtstag von G\u00fcnter Grass","untertitel":"(kein O-Ton Grass)"},{"sig_full":"01.01.00.00.-1331","titel":"Preisbegr\u00fcndung Ernst-Toller-Preis 2007","untertitel":"Ernst-Toller-Preis 2007 f\u00fcr G\u00fcnter Grass"}]},{"word":"Kopfgeburten oder Die Deutschen sterben aus","dsets":[{"sig_full":"01.01.00.00.-1141","titel":"Hund und Katz' und Maus, Schnecke, Butt und Ratte","untertitel":"Kritik der Grass-Kritik"},{"sig_full":"01.01.00.00.-0972","titel":"F\u00fcr Aufbr\u00fcche an andere Orte jederzeit vorbereitet","untertitel":"G\u00fcnter Grass im Gespr\u00e4ch mit Dr. Erhard Kluge anl\u00e4sslich seines 70. Geburtstages in seinem L\u00fcbecker Haus"},{"sig_full":"01.01.00.00.-1131","titel":"Vom B\u00fcrgerschreck zum Gewissen der Nation","untertitel":"G\u00fcnter Grass zum 60. Geburtstag"},{"sig_full":"01.01.00.00.-1496","titel":"5. Deutscher Schriftstellerkongress  in M\u00fcnchen 1980","untertitel":"Lesung auf der \"Anthologie Live 80\""},{"sig_full":"01.01.00.00.-0480","titel":"Phantasie als Existenznotwendigkeit","untertitel":"Siegfried Lenz im Gespr\u00e4ch mit G\u00fcnter Grass"},{"sig_full":"01.01.00.00.-0326","titel":"\u00dcber Lion Feuchtwanger - Gespr\u00e4ch mit G\u00fcnter Grass","untertitel":null},{"sig_full":"01.01.00.00.-0360","titel":"Gebrannte Erde","untertitel":"Rohmaterial der Lesung f\u00fcr \"Extratext\""},{"sig_full":"01.01.00.00.-1387","titel":"Stadtrand - Ein deutscher Traum","untertitel":"Mit einem Auszug aus \"Kopfgeburten\""},{"sig_full":"01.01.00.00.-0718","titel":"Interview zu \"Kopfgeburten oder Die Deutschen sterben aus\"","untertitel":null},{"sig_full":"01.01.00.00.-1775","titel":"Vom Dichter zum Politiker?","untertitel":"Kurz nach dem Eintritt in die SPD spricht G\u00fcnter Grass \u00fcber politische Ambitionen und Literatur"},{"sig_full":"01.01.00.00.-0506","titel":"Gespr\u00e4ch mit dem Schriftsteller","untertitel":null},{"sig_full":"01.01.00.00.-0108","titel":"Das Treffen in Telgte (Ausschnitt)","untertitel":"Ank\u00fcndigung: G\u00fcnter Grass liest im Ratssaal des Mainzer Rathauses Ausz\u00fcge aus seinem Buch"},{"sig_full":"01.01.00.00.-0614","titel":"L\u00fcbecker Werkstattbericht","untertitel":"Sechs Vorlesungen an der Medizinischen Universit\u00e4t L\u00fcbeck"},{"sig_full":"01.01.00.00.-0240","titel":"Kopfgeburten - G\u00fcnter Grass liest in besetztem Haus (Berlin: B\u00fclowstr. 52)","untertitel":null}]},{"word":"Blechmusik","dsets":[{"sig_full":"01.01.00.00.-1141","titel":"Hund und Katz' und Maus, Schnecke, Butt und Ratte","untertitel":"Kritik der Grass-Kritik"},{"sig_full":"01.01.00.00.-0831","titel":"Tour de Jemen","untertitel":"Lieder nach Gedichten von G\u00fcnter Grass"},{"sig_full":"01.01.00.00.-1356","titel":"Vom \"Leeren Viertel\"","untertitel":"G\u00fcnter Grass im Jemen"},{"sig_full":"01.01.00.00.-0606","titel":"Lyrische Beute - Gedichte aus f\u00fcnfzig Jahren","untertitel":"Rohmaterial zur sp\u00e4teren Ver\u00f6ffentlichung \"Lyrische Beute\" auf 3 CDs"},{"sig_full":"01.01.00.00.-0614","titel":"L\u00fcbecker Werkstattbericht","untertitel":"Sechs Vorlesungen an der Medizinischen Universit\u00e4t L\u00fcbeck"}]},{"word":"Racine l\u00e4sst sein Wappen \u00e4ndern","dsets":[{"sig_full":"01.01.00.00.-1141","titel":"Hund und Katz' und Maus, Schnecke, Butt und Ratte","untertitel":"Kritik der Grass-Kritik"}]},{"word":"Hochwasser","dsets":[{"sig_full":"01.01.00.00.-1141","titel":"Hund und Katz' und Maus, Schnecke, Butt und Ratte","untertitel":"Kritik der Grass-Kritik"},{"sig_full":"01.01.00.00.-0119","titel":"Gespr\u00e4ch mit G\u00fcnter Grass","untertitel":null},{"sig_full":"01.01.00.00.-0117","titel":"Hochwasser","untertitel":"Ein St\u00fcck in zwei Akten"},{"sig_full":"01.01.00.00.-0606","titel":"Lyrische Beute - Gedichte aus f\u00fcnfzig Jahren","untertitel":"Rohmaterial zur sp\u00e4teren Ver\u00f6ffentlichung \"Lyrische Beute\" auf 3 CDs"},{"sig_full":"01.01.00.00.-1748","titel":"Mitschnitt der Lesung \"Schriftsteller lesen in Berlin\" 1964","untertitel":"Mit einem Referat von Klaus Wagenbach, einer Lesung aus \"Hundejahre\" und Ausschnitten aus der abschlie\u00dfenden Diskussion"},{"sig_full":"01.01.00.00.-0262","titel":"Ge\u00f6ffneter Schrank - G\u00fcnter Grass liest ein Gedicht aus dem Band \"Die Vorz\u00fcge der Windh\u00fchner\" und Interpretation des Gedichts von Klaus Wagenbach","untertitel":null},{"sig_full":"01.01.00.00.-0222","titel":"Die Ambivalenz der Wahrheit zeigen","untertitel":"Aussage zur Person: G\u00fcnter Grass"}]},{"word":"Denkzettel - Politische Reden und Aufs\u00e4tze","dsets":[{"sig_full":"01.01.00.00.-1141","titel":"Hund und Katz' und Maus, Schnecke, Butt und Ratte","untertitel":"Kritik der Grass-Kritik"}]},{"word":"Widerstand lernen - politische Gegenreden","dsets":[{"sig_full":"01.01.00.00.-1141","titel":"Hund und Katz' und Maus, Schnecke, Butt und Ratte","untertitel":"Kritik der Grass-Kritik"}]},{"word":"\u00dcber das Selbstverst\u00e4ndliche","dsets":[{"sig_full":"01.01.00.00.-1141","titel":"Hund und Katz' und Maus, Schnecke, Butt und Ratte","untertitel":"Kritik der Grass-Kritik"},{"sig_full":"01.01.00.00.-0999","titel":"B\u00fcchner und kein Ende: Deutschlands renommierter Literaturpreis","untertitel":"Verleihung des Georg B\u00fcchner-Preises 2005"},{"sig_full":"01.01.00.00.-0622","titel":"Tagesschau zur Verleihung des Georg-B\u00fcchner-Preises","untertitel":"Darmstadt: Verleihung des Georg-B\u00fcchner-Preises an G\u00fcnter Grass (Auschnitt)"},{"sig_full":"01.01.00.00.-0521","titel":"Laudatio zur Verleihung der Hermann-Kesten-Medaille an G\u00fcnter Grass","untertitel":"Gek\u00fcrzte Radio-Fassung der Rede"},{"sig_full":"01.01.00.00.-0306","titel":"F\u00fchrer und Verf\u00fchrte - Eine Sendereihe \u00fcber Geist und Mode unserer Zeit, 15. G\u00fcnter Grass oder Das erf\u00fcllte Image","untertitel":null},{"sig_full":"01.01.00.00.-0262","titel":"Ge\u00f6ffneter Schrank - G\u00fcnter Grass liest ein Gedicht aus dem Band \"Die Vorz\u00fcge der Windh\u00fchner\" und Interpretation des Gedichts von Klaus Wagenbach","untertitel":null}]},{"word":"Der B\u00fcrger und seine Stimme","dsets":[{"sig_full":"01.01.00.00.-1141","titel":"Hund und Katz' und Maus, Schnecke, Butt und Ratte","untertitel":"Kritik der Grass-Kritik"},{"sig_full":"01.01.00.00.-1226","titel":"Spectrum: G\u00fcnter Grass zum Paragraphen 218","untertitel":null}]},{"word":"Zeichnen und Schreiben","dsets":[{"sig_full":"01.01.00.00.-1141","titel":"Hund und Katz' und Maus, Schnecke, Butt und Ratte","untertitel":"Kritik der Grass-Kritik"}]},{"word":"G\u00fcnter Grass - Auskunft f\u00fcr Leser","dsets":[{"sig_full":"01.01.00.00.-1141","titel":"Hund und Katz' und Maus, Schnecke, Butt und Ratte","untertitel":"Kritik der Grass-Kritik"}]},{"word":"Tausend Tage im Ballon","dsets":[{"sig_full":"01.01.00.00.-0045","titel":"Brief an Salman Rushdie","untertitel":"Autorenlesung"}]},{"word":"Die satanischen Verse","dsets":[{"sig_full":"01.01.00.00.-0045","titel":"Brief an Salman Rushdie","untertitel":"Autorenlesung"}]},{"word":"Mitternachtskinder","dsets":[{"sig_full":"01.01.00.00.-0045","titel":"Brief an Salman Rushdie","untertitel":"Autorenlesung"},{"sig_full":"01.01.00.00.-1560","titel":"Ich war arm wie eine Kirchenmaus","untertitel":"Wiederholung des Gespr\u00e4chs zum  70. Geburtstags vom 16.10.1997 in Ausschnitten anl\u00e4sslich des Literaturnobelpreises"}]},{"word":"Ge\u00f6ffneter Schrank","dsets":[{"sig_full":"01.01.00.00.-0033","titel":"Was ist Lyrik? Was ist Prosa?","untertitel":"G\u00fcnter Grass diskutiert mit Berliner Sch\u00fclern \u00fcber moderne Lyrik"},{"sig_full":"01.01.00.00.-0606","titel":"Lyrische Beute - Gedichte aus f\u00fcnfzig Jahren","untertitel":"Rohmaterial zur sp\u00e4teren Ver\u00f6ffentlichung \"Lyrische Beute\" auf 3 CDs"},{"sig_full":"01.01.00.00.-0262","titel":"Ge\u00f6ffneter Schrank - G\u00fcnter Grass liest ein Gedicht aus dem Band \"Die Vorz\u00fcge der Windh\u00fchner\" und Interpretation des Gedichts von Klaus Wagenbach","untertitel":null}]},{"word":"Es steht zur Wahl","dsets":[{"sig_full":"01.01.00.00.-1119","titel":"Auseinandersetzung im Wahlkampf mit Erhard","untertitel":"O-Ton Auszug aus Feature"},{"sig_full":"01.01.00.00.-1390","titel":"Wahl Ludwig Erhards zum CDU-Parteivorsitzenden","untertitel":null},{"sig_full":"01.01.00.00.-0995","titel":"Grass, G\u00fcnter  -  Jahrgang 1927","untertitel":"Fassung 1995"},{"sig_full":"01.01.00.00.-0125","titel":"Des Kaisers neue Kleider","untertitel":"Dich singe ich, Demokratie - Rede im Bundestagswahlkampf 1965 im Audimax der Technischen Hochschule Braunschweig"},{"sig_full":"01.01.00.00.-0316","titel":"G\u00fcnter Grass auf seiner ersten Wahlreise in M\u00fcnchen","untertitel":null}]},{"word":"Ehe","dsets":[{"sig_full":"01.01.00.00.-0828","titel":"Ehe","untertitel":"Aus: Deutsche Liebeslyrik"},{"sig_full":"01.01.00.00.-0432","titel":"Bei dieser Gelegenheit","untertitel":"Gedichte aus vierzig Jahren"},{"sig_full":"01.01.00.00.-0606","titel":"Lyrische Beute - Gedichte aus f\u00fcnfzig Jahren","untertitel":"Rohmaterial zur sp\u00e4teren Ver\u00f6ffentlichung \"Lyrische Beute\" auf 3 CDs"},{"sig_full":"01.01.00.00.-0188","titel":"Ausgefragt","untertitel":"G\u00fcnter Grass liest 7 Gedichte (aus \"Ausgefragt\")"},{"sig_full":"01.01.00.00.-1545","titel":"G\u00fcnter Grass und S\u00fcdamerika (span.)","untertitel":"W\u00fcrdigung anl\u00e4\u00dflich des 70. Geburtstags"},{"sig_full":"01.01.00.00.-0614","titel":"L\u00fcbecker Werkstattbericht","untertitel":"Sechs Vorlesungen an der Medizinischen Universit\u00e4t L\u00fcbeck"}]},{"word":"Vom mangelnden Selbstvertrauen der schreibenden Hofnarren unter Ber\u00fccksichtigung nicht vorhandener H\u00f6fe","dsets":[{"sig_full":"01.01.00.00.-1428","titel":"Die Holzpuppe (H\u00e4nneschen-Puppe) mit den Grass-Zitaten","untertitel":"Radio-Teaser anl\u00e4\u00dflich der Austellung \"W\u00f6rtliche Bilder\" in H\u00fcrth"},{"sig_full":"01.01.00.00.-0258","titel":"Vom mangelnden Selbstvertrauen der schreibenden Hofnarren unter Ber\u00fccksichtigung nicht vorhandener H\u00f6fe","untertitel":"Lesung aus der Rede, urspr\u00fcnglich gehalten in Princeton\/USA, April 1966"},{"sig_full":"01.01.00.00.-0417","titel":"Herzlichen Gl\u00fcckwunsch, G\u00fcnter Grass - Ein Personenportr\u00e4t zum 65. Geburtstag","untertitel":null},{"sig_full":"01.01.00.00.-1432","titel":"Launig: Die G\u00fcnter Grass Ausstellung\" W\u00f6rtliche Bilder\" in H\u00fcrth","untertitel":"Vollst\u00e4ndige Radiosendung"},{"sig_full":"01.01.00.00.-0835","titel":"Vom mangelnden Selbstvertrauen der schreibenden Hofnarren unter Ber\u00fccksichtigung nicht vorhandener H\u00f6fe","untertitel":null}]},{"word":"Halbzeit","dsets":[{"sig_full":"01.01.00.00.-1514","titel":"Gespr\u00e4ch mit Martin Walser 1990","untertitel":"\u00dcber die \"deutsche Einheit\", Politik, Literatur und Heimat"}]},{"word":"Ein fliehendes Pferd","dsets":[{"sig_full":"01.01.00.00.-1514","titel":"Gespr\u00e4ch mit Martin Walser 1990","untertitel":"\u00dcber die \"deutsche Einheit\", Politik, Literatur und Heimat"},{"sig_full":"01.01.00.00.-1908","titel":"Walter Kempowski  als erster Autor der Lesereihe \"Autoren  des Jahrhunderts\"","untertitel":null},{"sig_full":"01.02.00.00.-1908","titel":"Walter Kempowski  als erster Autor der Lesereihe \"Autoren  des Jahrhunderts\"","untertitel":null}]},{"word":"Jagd","dsets":[{"sig_full":"01.01.00.00.-1514","titel":"Gespr\u00e4ch mit Martin Walser 1990","untertitel":"\u00dcber die \"deutsche Einheit\", Politik, Literatur und Heimat"},{"sig_full":"01.01.00.00.-0771","titel":"\"Zunge Zeigen\" als unscheinbares Reisetagebuch","untertitel":"Titel, Thesen, Temperamente: 40. internationale Buchmesse Frankfurt 1988"}]},{"word":"Der Sturz","dsets":[{"sig_full":"01.01.00.00.-1514","titel":"Gespr\u00e4ch mit Martin Walser 1990","untertitel":"\u00dcber die \"deutsche Einheit\", Politik, Literatur und Heimat"}]},{"word":"Das Einhorn","dsets":[{"sig_full":"01.01.00.00.-1514","titel":"Gespr\u00e4ch mit Martin Walser 1990","untertitel":"\u00dcber die \"deutsche Einheit\", Politik, Literatur und Heimat"},{"sig_full":"01.01.00.00.-0772","titel":"R\u00fcckblick auf 40 Jahre Buchmesse Frankfurt","untertitel":"Autoren, Stars und Gesch\u00e4fte"}]},{"word":"Totes Holz","dsets":[{"sig_full":"01.01.00.00.-0793","titel":"Goethe + Grass","untertitel":"KM Journal"},{"sig_full":"01.01.00.00.-0088","titel":"G\u00fcnter Grass im Gespr\u00e4ch","untertitel":null},{"sig_full":"01.01.00.00.-0792","titel":"Das Gespr\u00e4ch: G\u00fcnter Grass","untertitel":"Werkstattbesuch bei G\u00fcnter Grass"},{"sig_full":"01.01.00.00.-0497","titel":"Literatenr\u00fcge - G\u00fcnter Grass contra Hartmut Holzapfel","untertitel":"Kontroverse \u00fcber das Buch \"Der Wald ist selber schuld\" (Thema Waldsterben)"},{"sig_full":"01.01.00.00.-1057","titel":"B\u00fccher, B\u00fccher \u2013 G\u00fcnter Grass 1992","untertitel":"Zur Neuerscheinung \"F\u00fcnf Jahrzehnte - Ein Werkstattbericht\" und \"Unkenrufe\""},{"sig_full":"01.01.00.00.-0043","titel":"Mit \"Unkenrufen\" auf Lesetour","untertitel":"Gespr\u00e4ch mit G\u00fcnter Grass (2 Teile)"},{"sig_full":"01.01.00.00.-0905","titel":"Peter R\u00fchmkorf und G\u00fcnter Grass auf der Frankfurter Buchmesse 2004","untertitel":"Literaturforum im NWR"},{"sig_full":"01.01.00.00.-0360","titel":"Gebrannte Erde","untertitel":"Rohmaterial der Lesung f\u00fcr \"Extratext\""},{"sig_full":"01.01.00.00.-0995","titel":"Grass, G\u00fcnter  -  Jahrgang 1927","untertitel":"Fassung 1995"},{"sig_full":"01.01.00.00.-0521","titel":"Laudatio zur Verleihung der Hermann-Kesten-Medaille an G\u00fcnter Grass","untertitel":"Gek\u00fcrzte Radio-Fassung der Rede"},{"sig_full":"01.01.00.00.-1699","titel":"Kahlschlag und Raubbau \u2013 Die Landschaften der Deutschen Einheit bei G\u00fcnter Grass","untertitel":"Vortrag zur Er\u00f6ffnung der Ausstellung \u201eG\u00fcnter Grass und die Deutsche Einheit \u2013 Zeugnisse einer Auseinandersetzung\u201c"},{"sig_full":"01.01.00.00.-0680","titel":"Gratwanderung zwischen Sprachen und Kulturen (Palermo)","untertitel":"Wolfgang Rumpf im Gespr\u00e4ch mit G\u00fcnter Grass"}]},{"word":"Italienische Reise","dsets":[{"sig_full":"01.01.00.00.-0793","titel":"Goethe + Grass","untertitel":"KM Journal"},{"sig_full":"01.01.00.00.-0792","titel":"Das Gespr\u00e4ch: G\u00fcnter Grass","untertitel":"Werkstattbesuch bei G\u00fcnter Grass"}]},{"word":"Grimmelshausens \"Simplicissimus\" als \"leuchtendes Lehrst\u00fcck\" eines politischen Romans","dsets":[{"sig_full":"01.01.00.00.-0087","titel":"Lerke von Saalfeld im Gespr\u00e4ch mit G\u00fcnter Grass","untertitel":null}]},{"word":"Kalkutta","dsets":[{"sig_full":"01.01.00.00.-0088","titel":"G\u00fcnter Grass im Gespr\u00e4ch","untertitel":null}]},{"word":"Der Stechlin","dsets":[{"sig_full":"01.01.00.00.-1107","titel":"Radioskop: G\u00fcnter Grass \u00fcber  \"Ein weites Feld\"","untertitel":null},{"sig_full":"01.01.00.00.-1531","titel":"Die Deutschen und ihre Dichter","untertitel":"Interview auf der 47. internationalen Frankfurter Buchmesse 1995"},{"sig_full":"01.01.00.00.-0997","titel":"Wechselrede 1995","untertitel":"Gespr\u00e4ch \u00fcber \u201eEin weites Feld\u201c"}]},{"word":"Frau Jenny Treibel","dsets":[{"sig_full":"01.01.00.00.-1107","titel":"Radioskop: G\u00fcnter Grass \u00fcber  \"Ein weites Feld\"","untertitel":null},{"sig_full":"01.01.00.00.-1531","titel":"Die Deutschen und ihre Dichter","untertitel":"Interview auf der 47. internationalen Frankfurter Buchmesse 1995"},{"sig_full":"01.01.00.00.-0997","titel":"Wechselrede 1995","untertitel":"Gespr\u00e4ch \u00fcber \u201eEin weites Feld\u201c"},{"sig_full":"01.01.00.00.-0364","titel":"Zwei Jahrhunderte werden besichtigt","untertitel":"Gespr\u00e4ch mit G\u00fcnter Grass \u00fcber \"Ein weites Feld\""}]},{"word":"\u00dcber das Sekund\u00e4re aus prim\u00e4rer Sicht","dsets":[{"sig_full":"01.01.00.00.-0026","titel":"Literaturkritik heute - Selbstherrlichkeit, Schauk\u00e4mpfe, Triumph des Sekund\u00e4ren","untertitel":"Gespr\u00e4ch mit G\u00fcnter Grass"},{"sig_full":"01.01.00.00.-0907","titel":"J\u00f6rg Dieter Kogel im Gespr\u00e4ch mit G\u00fcnter Grass","untertitel":"Literaturforum"},{"sig_full":"01.01.00.00.-0024","titel":"Unkenrufe","untertitel":"G\u00fcnter Grass liest vier Kapitel aus seinem Roman"},{"sig_full":"01.01.00.00.-0614","titel":"L\u00fcbecker Werkstattbericht","untertitel":"Sechs Vorlesungen an der Medizinischen Universit\u00e4t L\u00fcbeck"},{"sig_full":"01.01.00.00.-0167","titel":"Sekund\u00e4rquellen bestimmen die Wahrnehmung von Literatur und Politik","untertitel":"Zeitgenossen. Begegnungen im Gespr\u00e4ch"}]},{"word":"F\u00fcnf Merkzettel","dsets":[{"sig_full":"01.01.00.00.-1829","titel":"\"F\u00fcnf Merkzettel\" auf der SPD Fraktionssitzung 2008","untertitel":null}]},{"word":"Geschenkte Freiheit","dsets":[{"sig_full":"01.01.00.00.-0179","titel":"Gedenktag zum 40. Jahrestag des Kriegsendes","untertitel":"Reden, Veranstaltungen und Interviews zum 40. Jahrestag der deutschen Kapitulation"},{"sig_full":"01.01.00.00.-0017","titel":"Geschenkte Freiheit","untertitel":"Rede in der Berliner Akademie der K\u00fcnste am 5. Mai 1985 (2 Ausschnitte)"},{"sig_full":"01.01.00.00.-0233","titel":"Geschenkte Freiheit","untertitel":"Rede von G\u00fcnter Grass zum 8. Mai 1945 in der Berliner Akademie der K\u00fcnste"}]},{"word":"Freiheit nach B\u00f6rsenma\u00df","dsets":[{"sig_full":"01.01.00.00.-0179","titel":"Gedenktag zum 40. Jahrestag des Kriegsendes","untertitel":"Reden, Veranstaltungen und Interviews zum 40. Jahrestag der deutschen Kapitulation"},{"sig_full":"01.01.00.00.-0233","titel":"Geschenkte Freiheit","untertitel":"Rede von G\u00fcnter Grass zum 8. Mai 1945 in der Berliner Akademie der K\u00fcnste"},{"sig_full":"01.01.00.00.-1633","titel":"Der Macht des Kapitals widerstehen","untertitel":"Grass als Mann der sozialen Marktwirtschaft"}]},{"word":"Essays und Reden","dsets":[{"sig_full":"01.01.00.00.-0179","titel":"Gedenktag zum 40. Jahrestag des Kriegsendes","untertitel":"Reden, Veranstaltungen und Interviews zum 40. Jahrestag der deutschen Kapitulation"},{"sig_full":"01.01.00.00.-0151","titel":"Berlin, ach Berlin","untertitel":"Lesung des Kapitels \"In Kreuzberg fehlt ein Minarett\""}]},{"word":"Jahrestage","dsets":[{"sig_full":"01.01.00.00.-1114","titel":"Telefoninterview mit G\u00fcnter Grass \u00fcber Uwe Johnson","untertitel":null}]},{"word":"Es war einmal ein Land","dsets":[{"sig_full":"01.01.00.00.-1797","titel":"Vorstellung  der Lyrik- und Prosasammlung \"Es war einmal ein Land\"","untertitel":null},{"sig_full":"01.01.00.00.-0080","titel":"Es war einmal ein Land - Die Trib\u00fcne - Glaube, Hoffnung, Liebe - Verk\u00fcndigung (3 Takes)","untertitel":"Feature zur Ver\u00f6ffentlichung der Lesung mit Schlagzeug"},{"sig_full":"01.01.00.00.-0973","titel":"Wer lacht hier, hat gelacht?","untertitel":"Lyrik und Prosa. Schlagzeug und Percussion auf 2 Tonkassetten."},{"sig_full":"01.01.00.00.-0158","titel":"Der Blechtrommler liest und l\u00e4\u00dft trommeln","untertitel":"Bericht \u00fcber eine Lesetournee von G\u00fcnter Grass und G\u00fcnter Baby Sommer"}]},{"word":"Marienbader Elegien","dsets":[{"sig_full":"01.01.00.00.-0792","titel":"Das Gespr\u00e4ch: G\u00fcnter Grass","untertitel":"Werkstattbesuch bei G\u00fcnter Grass"}]},{"word":"Torquato Tasso","dsets":[{"sig_full":"01.01.00.00.-0792","titel":"Das Gespr\u00e4ch: G\u00fcnter Grass","untertitel":"Werkstattbesuch bei G\u00fcnter Grass"}]},{"word":"Faust","dsets":[{"sig_full":"01.01.00.00.-0792","titel":"Das Gespr\u00e4ch: G\u00fcnter Grass","untertitel":"Werkstattbesuch bei G\u00fcnter Grass"}]},{"word":"Der S\u00e4ulenheilige","dsets":[{"sig_full":"01.01.00.00.-1096","titel":"\u00dcber die Arbeitsweise des Schriftstellers","untertitel":"Eine Betrachtung mit Beispielen"},{"sig_full":"01.01.00.00.-0008","titel":"Bestandsaufnahme: Anderthalb Jahre vor Erscheinen von \"Hundejahre\"","untertitel":"Horst Bienek im Gespr\u00e4ch mit G\u00fcnter Grass"},{"sig_full":"01.01.00.00.-0262","titel":"Ge\u00f6ffneter Schrank - G\u00fcnter Grass liest ein Gedicht aus dem Band \"Die Vorz\u00fcge der Windh\u00fchner\" und Interpretation des Gedichts von Klaus Wagenbach","untertitel":null}]},{"word":"Ergriffenes Dasein","dsets":[{"sig_full":"01.01.00.00.-1172","titel":"Zum 50. Jahrestag der Gruppe 47","untertitel":null}]},{"word":"Der Inhalt als Widerstand","dsets":[{"sig_full":"01.01.00.00.-0296","titel":"Noch zehn Minuten bis Buffalo","untertitel":"Theaterszenenmitschnitt aus der Auff\u00fchrung auf der Werkstattb\u00fchne des Schiller-Theaters in Berlin, 07.12.1959"}]},{"word":"Noch zehn Minuten bis Buffalo","dsets":[{"sig_full":"01.01.00.00.-0296","titel":"Noch zehn Minuten bis Buffalo","untertitel":"Theaterszenenmitschnitt aus der Auff\u00fchrung auf der Werkstattb\u00fchne des Schiller-Theaters in Berlin, 07.12.1959"},{"sig_full":"01.01.00.00.-1101","titel":"Noch zehn Minuten bis Buffalo","untertitel":null},{"sig_full":"01.01.00.00.-1748","titel":"Mitschnitt der Lesung \"Schriftsteller lesen in Berlin\" 1964","untertitel":"Mit einem Referat von Klaus Wagenbach, einer Lesung aus \"Hundejahre\" und Ausschnitten aus der abschlie\u00dfenden Diskussion"},{"sig_full":"01.01.00.00.-0317","titel":"G\u00fcnter Grass bei der Erlanger Studentenwoche - Interview","untertitel":"Bericht und Ausschnitte von der Erlanger Studententheaterwoche in Erlangen, 1960."}]},{"word":"Brandmauern","dsets":[{"sig_full":"01.01.00.00.-0399","titel":"G\u00fcnter Grass liest eigene Gedichte","untertitel":"Gedichte (Lesung)"},{"sig_full":"01.01.00.00.-1120","titel":"Brandmauern","untertitel":null},{"sig_full":"01.01.00.00.-0464","titel":"Feder & Fl\u00f6te - Dreizehn Gedichte wie Stegreifkompositionen","untertitel":"Geburtstagsst\u00e4ndchen - Willy Brandt"},{"sig_full":"01.01.00.00.-0606","titel":"Lyrische Beute - Gedichte aus f\u00fcnfzig Jahren","untertitel":"Rohmaterial zur sp\u00e4teren Ver\u00f6ffentlichung \"Lyrische Beute\" auf 3 CDs"},{"sig_full":"01.01.00.00.-0001","titel":"Gleisdreieck","untertitel":"G\u00fcnter Grass liest siebzehn eigene Gedichte"}]},{"word":"Adebar","dsets":[{"sig_full":"01.01.00.00.-0399","titel":"G\u00fcnter Grass liest eigene Gedichte","untertitel":"Gedichte (Lesung)"},{"sig_full":"01.01.00.00.-0606","titel":"Lyrische Beute - Gedichte aus f\u00fcnfzig Jahren","untertitel":"Rohmaterial zur sp\u00e4teren Ver\u00f6ffentlichung \"Lyrische Beute\" auf 3 CDs"},{"sig_full":"01.01.00.00.-0001","titel":"Gleisdreieck","untertitel":"G\u00fcnter Grass liest siebzehn eigene Gedichte"}]},{"word":"Gesang der Brote im Backofen","dsets":[{"sig_full":"01.01.00.00.-0399","titel":"G\u00fcnter Grass liest eigene Gedichte","untertitel":"Gedichte (Lesung)"},{"sig_full":"01.01.00.00.-0001","titel":"Gleisdreieck","untertitel":"G\u00fcnter Grass liest siebzehn eigene Gedichte"}]},{"word":"Der Dichter","dsets":[{"sig_full":"01.01.00.00.-0399","titel":"G\u00fcnter Grass liest eigene Gedichte","untertitel":"Gedichte (Lesung)"},{"sig_full":"01.01.00.00.-0432","titel":"Bei dieser Gelegenheit","untertitel":"Gedichte aus vierzig Jahren"},{"sig_full":"01.01.00.00.-0464","titel":"Feder & Fl\u00f6te - Dreizehn Gedichte wie Stegreifkompositionen","untertitel":"Geburtstagsst\u00e4ndchen - Willy Brandt"},{"sig_full":"01.01.00.00.-0606","titel":"Lyrische Beute - Gedichte aus f\u00fcnfzig Jahren","untertitel":"Rohmaterial zur sp\u00e4teren Ver\u00f6ffentlichung \"Lyrische Beute\" auf 3 CDs"},{"sig_full":"01.01.00.00.-0001","titel":"Gleisdreieck","untertitel":"G\u00fcnter Grass liest siebzehn eigene Gedichte"}]},{"word":"Normandie","dsets":[{"sig_full":"01.01.00.00.-0399","titel":"G\u00fcnter Grass liest eigene Gedichte","untertitel":"Gedichte (Lesung)"},{"sig_full":"01.01.00.00.-0606","titel":"Lyrische Beute - Gedichte aus f\u00fcnfzig Jahren","untertitel":"Rohmaterial zur sp\u00e4teren Ver\u00f6ffentlichung \"Lyrische Beute\" auf 3 CDs"},{"sig_full":"01.01.00.00.-0001","titel":"Gleisdreieck","untertitel":"G\u00fcnter Grass liest siebzehn eigene Gedichte"}]},{"word":"P\u00fcnktlich","dsets":[{"sig_full":"01.01.00.00.-0399","titel":"G\u00fcnter Grass liest eigene Gedichte","untertitel":"Gedichte (Lesung)"},{"sig_full":"01.01.00.00.-1416","titel":"Lutz G\u00f6rner rezitiert Grass","untertitel":"Folge 182"},{"sig_full":"01.01.00.00.-0606","titel":"Lyrische Beute - Gedichte aus f\u00fcnfzig Jahren","untertitel":"Rohmaterial zur sp\u00e4teren Ver\u00f6ffentlichung \"Lyrische Beute\" auf 3 CDs"}]},{"word":"Diana - oder die Gegenst\u00e4nde","dsets":[{"sig_full":"01.01.00.00.-0399","titel":"G\u00fcnter Grass liest eigene Gedichte","untertitel":"Gedichte (Lesung)"},{"sig_full":"01.01.00.00.-0606","titel":"Lyrische Beute - Gedichte aus f\u00fcnfzig Jahren","untertitel":"Rohmaterial zur sp\u00e4teren Ver\u00f6ffentlichung \"Lyrische Beute\" auf 3 CDs"},{"sig_full":"01.01.00.00.-0187","titel":"Gleisdreieck","untertitel":"G\u00fcnter Grass liest 7 Gedichte"},{"sig_full":"01.01.00.00.-0001","titel":"Gleisdreieck","untertitel":"G\u00fcnter Grass liest siebzehn eigene Gedichte"}]},{"word":"Zugluft","dsets":[{"sig_full":"01.01.00.00.-0399","titel":"G\u00fcnter Grass liest eigene Gedichte","untertitel":"Gedichte (Lesung)"},{"sig_full":"01.01.00.00.-0001","titel":"Gleisdreieck","untertitel":"G\u00fcnter Grass liest siebzehn eigene Gedichte"}]},{"word":"Ausverkauf","dsets":[{"sig_full":"01.01.00.00.-0399","titel":"G\u00fcnter Grass liest eigene Gedichte","untertitel":"Gedichte (Lesung)"},{"sig_full":"01.01.00.00.-0606","titel":"Lyrische Beute - Gedichte aus f\u00fcnfzig Jahren","untertitel":"Rohmaterial zur sp\u00e4teren Ver\u00f6ffentlichung \"Lyrische Beute\" auf 3 CDs"}]},{"word":"Blutk\u00f6rperchen","dsets":[{"sig_full":"01.01.00.00.-0399","titel":"G\u00fcnter Grass liest eigene Gedichte","untertitel":"Gedichte (Lesung)"},{"sig_full":"01.01.00.00.-0464","titel":"Feder & Fl\u00f6te - Dreizehn Gedichte wie Stegreifkompositionen","untertitel":"Geburtstagsst\u00e4ndchen - Willy Brandt"},{"sig_full":"01.01.00.00.-0606","titel":"Lyrische Beute - Gedichte aus f\u00fcnfzig Jahren","untertitel":"Rohmaterial zur sp\u00e4teren Ver\u00f6ffentlichung \"Lyrische Beute\" auf 3 CDs"}]},{"word":"Annabel Lee","dsets":[{"sig_full":"01.01.00.00.-0399","titel":"G\u00fcnter Grass liest eigene Gedichte","untertitel":"Gedichte (Lesung)"},{"sig_full":"01.01.00.00.-0464","titel":"Feder & Fl\u00f6te - Dreizehn Gedichte wie Stegreifkompositionen","untertitel":"Geburtstagsst\u00e4ndchen - Willy Brandt"},{"sig_full":"01.01.00.00.-0606","titel":"Lyrische Beute - Gedichte aus f\u00fcnfzig Jahren","untertitel":"Rohmaterial zur sp\u00e4teren Ver\u00f6ffentlichung \"Lyrische Beute\" auf 3 CDs"},{"sig_full":"01.01.00.00.-0001","titel":"Gleisdreieck","untertitel":"G\u00fcnter Grass liest siebzehn eigene Gedichte"}]},{"word":"Der amtliche Tod","dsets":[{"sig_full":"01.01.00.00.-0399","titel":"G\u00fcnter Grass liest eigene Gedichte","untertitel":"Gedichte (Lesung)"}]},{"word":"Terror","dsets":[{"sig_full":"01.01.00.00.-0673","titel":"Wechselbeziehung von Politik und Kultur","untertitel":null}]},{"word":"Die Polnische Post","dsets":[{"sig_full":"01.01.00.00.-0090","titel":"Die Zeit heilt alle Wunden oder Die Schuld h\u00f6rt nie auf","untertitel":"G\u00fcnter Grass und Andrzej Szczypiorski im Gespr\u00e4ch"}]},{"word":"Die sch\u00f6ne Frau Seidenman","dsets":[{"sig_full":"01.01.00.00.-0090","titel":"Die Zeit heilt alle Wunden oder Die Schuld h\u00f6rt nie auf","untertitel":"G\u00fcnter Grass und Andrzej Szczypiorski im Gespr\u00e4ch"},{"sig_full":"01.01.00.00.-0770","titel":"Grass Interview - Deutsche Gegenwartsliteratur in der VR China als Raubdrucke","untertitel":"40. Frankfurter Buchmesse 1988"}]},{"word":"Kali","dsets":[{"sig_full":"01.01.00.00.-0178","titel":"Zunge zeigen - Interview mit G\u00fcnter Grass \u00fcber sein Indien-Buch","untertitel":null}]},{"word":"Ach Butt, dein M\u00e4rchen geht b\u00f6se aus","dsets":[{"sig_full":"01.01.00.00.-1108","titel":"Mannomann","untertitel":null},{"sig_full":"01.01.00.00.-1111","titel":"Pappi","untertitel":null},{"sig_full":"01.01.00.00.-1122","titel":"Runkeln und G\u00e4nseklein","untertitel":null},{"sig_full":"01.01.00.00.-0148","titel":"Schaupl\u00e4tze der Weltliteratur - G\u00fcnter Grass und Danzig","untertitel":"Interview und Lesung aus dem Roman \"Der Butt\", Ausz\u00fcge aus Kapitel 1, \"Die dritte Brust\", \"Ach Butt, dein M\u00e4rchen geht b\u00f6se aus\" + Gespr\u00e4ch"}]},{"word":"Der Neubau","dsets":[{"sig_full":"01.01.00.00.-0393","titel":"G\u00fcnter Grass liest und interpretiert eigene Gedichte","untertitel":"Gedichte - Lesung und Interpretation"},{"sig_full":"01.01.00.00.-0606","titel":"Lyrische Beute - Gedichte aus f\u00fcnfzig Jahren","untertitel":"Rohmaterial zur sp\u00e4teren Ver\u00f6ffentlichung \"Lyrische Beute\" auf 3 CDs"},{"sig_full":"01.01.00.00.-0270","titel":"Gedichte","untertitel":"Ein Gedicht und sein Autor"},{"sig_full":"01.01.00.00.-0263","titel":"Ausgefragt","untertitel":"G\u00fcnter Grass liest 6 eigene Gedichte aus seinem Lyrikband"}]},{"word":"Schreiben","dsets":[{"sig_full":"01.01.00.00.-0393","titel":"G\u00fcnter Grass liest und interpretiert eigene Gedichte","untertitel":"Gedichte - Lesung und Interpretation"},{"sig_full":"01.01.00.00.-0606","titel":"Lyrische Beute - Gedichte aus f\u00fcnfzig Jahren","untertitel":"Rohmaterial zur sp\u00e4teren Ver\u00f6ffentlichung \"Lyrische Beute\" auf 3 CDs"},{"sig_full":"01.01.00.00.-0263","titel":"Ausgefragt","untertitel":"G\u00fcnter Grass liest 6 eigene Gedichte aus seinem Lyrikband"}]},{"word":"Nachruf","dsets":[{"sig_full":"01.01.00.00.-0393","titel":"G\u00fcnter Grass liest und interpretiert eigene Gedichte","untertitel":"Gedichte - Lesung und Interpretation"},{"sig_full":"01.01.00.00.-0771","titel":"\"Zunge Zeigen\" als unscheinbares Reisetagebuch","untertitel":"Titel, Thesen, Temperamente: 40. internationale Buchmesse Frankfurt 1988"}]},{"word":"Mein Freund Walter Henn ist tot","dsets":[{"sig_full":"01.01.00.00.-0290","titel":"Gedenkfeier f\u00fcr Walter Henn - Rede von G\u00fcnter Grass","untertitel":null},{"sig_full":"01.01.00.00.-0606","titel":"Lyrische Beute - Gedichte aus f\u00fcnfzig Jahren","untertitel":"Rohmaterial zur sp\u00e4teren Ver\u00f6ffentlichung \"Lyrische Beute\" auf 3 CDs"}]},{"word":"Als Schriftsteller immer auch Zeitgenosse","dsets":[{"sig_full":"01.01.00.00.-0745","titel":"PEN-Kongre\u00df in Hamburg","untertitel":null},{"sig_full":"01.01.00.00.-1977","titel":"Rede vor dem PEN Kongre\u00df in Hamburg","untertitel":null}]},{"word":"\u00c4nnchen von Tharau","dsets":[{"sig_full":"01.01.00.00.-1194","titel":"Gro\u00dfer Bahnhof zum 80. Geburtstag","untertitel":"G\u00fcnter Grass feiert  in G\u00f6ttingen"}]},{"word":"Bis zum Erbrechen","dsets":[{"sig_full":"01.01.00.00.-0246","titel":"Vorablesung aus \"Der Butt\" - Kapitel \"Bis zum Erbrechen\" aus dem neunten Monat.","untertitel":null}]},{"word":"Scham und Schande","dsets":[{"sig_full":"01.01.00.00.-0776","titel":"Redebeitrag - G\u00fcnter Grass mit Lesung und Konzert","untertitel":"Eine Kultur-Nacht aus Anla\u00df des \u00dcberfalls von Deutschen auf Polen: 1. September 1939\/1989"},{"sig_full":"01.01.00.00.-1560","titel":"Ich war arm wie eine Kirchenmaus","untertitel":"Wiederholung des Gespr\u00e4chs zum  70. Geburtstags vom 16.10.1997 in Ausschnitten anl\u00e4sslich des Literaturnobelpreises"}]},{"word":"Nathan der Weise","dsets":[{"sig_full":"01.01.00.00.-1757","titel":"\u00dcber die Mitbestimmung am Theater","untertitel":null},{"sig_full":"01.01.00.00.-0006","titel":"Hundejahre","untertitel":"G\u00fcnter Grass liest Ausschnitte aus seinem Roman"}]},{"word":"Die Kannibalen","dsets":[{"sig_full":"01.01.00.00.-1757","titel":"\u00dcber die Mitbestimmung am Theater","untertitel":null}]},{"word":"Seit Jahren","dsets":[{"sig_full":"01.01.00.00.-0831","titel":"Tour de Jemen","untertitel":"Lieder nach Gedichten von G\u00fcnter Grass"},{"sig_full":"01.01.00.00.-0432","titel":"Bei dieser Gelegenheit","untertitel":"Gedichte aus vierzig Jahren"}]},{"word":"Zum Abschied","dsets":[{"sig_full":"01.01.00.00.-0831","titel":"Tour de Jemen","untertitel":"Lieder nach Gedichten von G\u00fcnter Grass"},{"sig_full":"01.01.00.00.-0432","titel":"Bei dieser Gelegenheit","untertitel":"Gedichte aus vierzig Jahren"}]},{"word":"Herbst der B\u00fccher","dsets":[{"sig_full":"01.01.00.00.-0831","titel":"Tour de Jemen","untertitel":"Lieder nach Gedichten von G\u00fcnter Grass"}]},{"word":"Spiegelbild","dsets":[{"sig_full":"01.01.00.00.-0831","titel":"Tour de Jemen","untertitel":"Lieder nach Gedichten von G\u00fcnter Grass"},{"sig_full":"01.01.00.00.-0432","titel":"Bei dieser Gelegenheit","untertitel":"Gedichte aus vierzig Jahren"},{"sig_full":"02.01.02.00.-0001","titel":"G\u00fcnter Grass liest aus \"Fundsachen f\u00fcr Nichtleser\"","untertitel":null}]},{"word":"Geliebte Agave","dsets":[{"sig_full":"01.01.00.00.-0831","titel":"Tour de Jemen","untertitel":"Lieder nach Gedichten von G\u00fcnter Grass"}]},{"word":"Meine beweglichen Freunde","dsets":[{"sig_full":"01.01.00.00.-0831","titel":"Tour de Jemen","untertitel":"Lieder nach Gedichten von G\u00fcnter Grass"},{"sig_full":"01.01.00.00.-0432","titel":"Bei dieser Gelegenheit","untertitel":"Gedichte aus vierzig Jahren"},{"sig_full":"01.01.00.00.-0614","titel":"L\u00fcbecker Werkstattbericht","untertitel":"Sechs Vorlesungen an der Medizinischen Universit\u00e4t L\u00fcbeck"}]},{"word":"Gest\u00e4ndnis","dsets":[{"sig_full":"01.01.00.00.-0831","titel":"Tour de Jemen","untertitel":"Lieder nach Gedichten von G\u00fcnter Grass"},{"sig_full":"01.01.00.00.-0614","titel":"L\u00fcbecker Werkstattbericht","untertitel":"Sechs Vorlesungen an der Medizinischen Universit\u00e4t L\u00fcbeck"}]},{"word":"B\u00fccher","dsets":[{"sig_full":"01.01.00.00.-0831","titel":"Tour de Jemen","untertitel":"Lieder nach Gedichten von G\u00fcnter Grass"}]},{"word":"Seitdem die Mauer weg ist","dsets":[{"sig_full":"01.01.00.00.-0831","titel":"Tour de Jemen","untertitel":"Lieder nach Gedichten von G\u00fcnter Grass"},{"sig_full":"01.01.00.00.-0432","titel":"Bei dieser Gelegenheit","untertitel":"Gedichte aus vierzig Jahren"}]},{"word":"F\u00fcr Dich","dsets":[{"sig_full":"01.01.00.00.-0831","titel":"Tour de Jemen","untertitel":"Lieder nach Gedichten von G\u00fcnter Grass"}]},{"word":"Auch Leisetreten macht Spuren","dsets":[{"sig_full":"01.01.00.00.-1760","titel":"Schriftwechsel des Botschafters der Bundesrepublik in Moskau Ulrich Sahm mit G\u00fcnter Grass","untertitel":null},{"sig_full":"01.01.00.00.-1742","titel":"Schriftwechsel mit dem Botschafter der Bundesrepublik in Moskau","untertitel":"\u00dcber die Ausladung von G\u00fcnter Grass"}]},{"word":"Nachdenken \u00fcber Christa T.","dsets":[{"sig_full":"01.01.00.00.-1525","titel":"\u00dcber Heiner M\u00fcller, Christa Wolf und die Stasi","untertitel":null},{"sig_full":"01.01.00.00.-1908","titel":"Walter Kempowski  als erster Autor der Lesereihe \"Autoren  des Jahrhunderts\"","untertitel":null},{"sig_full":"01.02.00.00.-1908","titel":"Walter Kempowski  als erster Autor der Lesereihe \"Autoren  des Jahrhunderts\"","untertitel":null}]},{"word":"Geist der Utopie","dsets":[{"sig_full":"01.01.00.00.-1089","titel":"Die l\u00e4dierte Utopie und die Dichter","untertitel":"Aporien nach der Revolte"}]},{"word":"Ideologie und Utopie","dsets":[{"sig_full":"01.01.00.00.-1089","titel":"Die l\u00e4dierte Utopie und die Dichter","untertitel":"Aporien nach der Revolte"}]},{"word":"Das Normale und die Sehnsucht","dsets":[{"sig_full":"01.01.00.00.-1089","titel":"Die l\u00e4dierte Utopie und die Dichter","untertitel":"Aporien nach der Revolte"}]},{"word":"Der kurze Sommer der Anarchie","dsets":[{"sig_full":"01.01.00.00.-1089","titel":"Die l\u00e4dierte Utopie und die Dichter","untertitel":"Aporien nach der Revolte"}]},{"word":"Effi Briest","dsets":[{"sig_full":"01.01.00.00.-1055","titel":"Titel, Thesen, Temperamente \u2013 Deutschland monumental: Ein weites Feld","untertitel":"Enstehung \"Ein weites Feld\""},{"sig_full":"01.01.00.00.-1529","titel":"Mit den Augen eines Malers","untertitel":"\u00dcber \"Ein weites Feld\""},{"sig_full":"01.01.00.00.-1531","titel":"Die Deutschen und ihre Dichter","untertitel":"Interview auf der 47. internationalen Frankfurter Buchmesse 1995"},{"sig_full":"01.01.00.00.-1894","titel":"Tagesthemen stellen \"Ein weites Feld\" vor","untertitel":null}]},{"word":"Ich klage an","dsets":[{"sig_full":"01.01.00.00.-1736","titel":"Die Cloppenburger Wahlkampfrede vom 14. September 1965","untertitel":null},{"sig_full":"01.01.00.00.-1750","titel":"G\u00fcnter Grass diskutiert mit Sch\u00fclern des Berliner Humboldt-Gymnasiums","untertitel":"Lesung aus dem vierten Akt \"Die Plebejer proben den Aufstand\""},{"sig_full":"01.01.00.00.-1245","titel":"WDR Extra: Der Zorn des G\u00fcnter Grass","untertitel":"Diskussion zur Grass' Kritik am Asylrecht als Friedenspreislaudator f\u00fcr Ya\u015far Kemal"},{"sig_full":"01.01.00.00.-1808","titel":"Wahlkampfrede in Cloppenburg 1965 vor johlendem Publikum (Live-Mitschnitt)","untertitel":null}]},{"word":"Fortuna Nord","dsets":[{"sig_full":"01.01.00.00.-0297","titel":"Die Blechtrommel - Kapitel Fortuna Nord","untertitel":null}]},{"word":"Verf\u00fchrtes Denken","dsets":[{"sig_full":"01.01.00.00.-0535","titel":"Situation in Tschetschenien","untertitel":"Gespr\u00e4ch mit G\u00fcnter Grass"},{"sig_full":"01.01.00.00.-1019","titel":"Harro Zimmermann spricht mit G\u00fcnter Grass","untertitel":null},{"sig_full":"01.01.00.00.-0937","titel":"Zum Tod von Czeslaw Milosz","untertitel":"Eine pers\u00f6nliche Erinnerung"},{"sig_full":"01.01.00.00.-0614","titel":"L\u00fcbecker Werkstattbericht","untertitel":"Sechs Vorlesungen an der Medizinischen Universit\u00e4t L\u00fcbeck"}]},{"word":"Mein Katalonien","dsets":[{"sig_full":"01.01.00.00.-0535","titel":"Situation in Tschetschenien","untertitel":"Gespr\u00e4ch mit G\u00fcnter Grass"},{"sig_full":"01.01.00.00.-1014","titel":"Gespr\u00e4ch mit Lohr","untertitel":null},{"sig_full":"01.01.00.00.-0937","titel":"Zum Tod von Czeslaw Milosz","untertitel":"Eine pers\u00f6nliche Erinnerung"},{"sig_full":"01.01.00.00.-0614","titel":"L\u00fcbecker Werkstattbericht","untertitel":"Sechs Vorlesungen an der Medizinischen Universit\u00e4t L\u00fcbeck"}]},{"word":"Rede vom Verlust","dsets":[{"sig_full":"01.01.00.00.-1527","titel":"\u00dcberall zuhause - nirgendwo willkommen: Zigeuner in Europa","untertitel":"Der erste Zigeunerkongress 2003 in Sevilla"},{"sig_full":"01.01.00.00.-0062","titel":"Rede und Reaktionen zur \"Rede vom Verlust\" und den \"Unkenrufe\"","untertitel":null},{"sig_full":"01.01.00.00.-0336","titel":"Rede vom Verlust. \u00dcber den Niedergang der politischen Kultur im geeinten Deutschland","untertitel":"Rede \u00fcber Deutschland (3). M\u00fcnchen (M\u00fcnchner Kammerspiele, 22.11.1992)"},{"sig_full":"01.01.00.00.-0614","titel":"L\u00fcbecker Werkstattbericht","untertitel":"Sechs Vorlesungen an der Medizinischen Universit\u00e4t L\u00fcbeck"}]},{"word":"Eucharistischer Kongre\u00df","dsets":[{"sig_full":"01.01.00.00.-0083","titel":"Von Beruf Handwerker","untertitel":"Ein Werkstattbericht"}]},{"word":"Schreiben nach Auschwitz","dsets":[{"sig_full":"01.01.00.00.-1425","titel":"Themenschwerpunkte im Werk von G\u00fcnter Grass","untertitel":"Interview anl\u00e4\u00dflich der Austellung \"W\u00f6rtliche Bilder\" in H\u00fcrth"},{"sig_full":"01.01.00.00.-0084","titel":"Das Wappentier der Republik - G\u00fcnter Grass","untertitel":"Portr\u00e4t anl\u00e4\u00dflich des 70. Geburtstages (mit zahlreichen O-T\u00f6nen)"},{"sig_full":"01.01.00.00.-0506","titel":"Gespr\u00e4ch mit dem Schriftsteller","untertitel":null},{"sig_full":"01.01.00.00.-0521","titel":"Laudatio zur Verleihung der Hermann-Kesten-Medaille an G\u00fcnter Grass","untertitel":"Gek\u00fcrzte Radio-Fassung der Rede"}]},{"word":"Der K\u00fchlmonarch","dsets":[{"sig_full":"01.01.00.00.-1425","titel":"Themenschwerpunkte im Werk von G\u00fcnter Grass","untertitel":"Interview anl\u00e4\u00dflich der Austellung \"W\u00f6rtliche Bilder\" in H\u00fcrth"}]},{"word":"Vom Fischer un syne Frau","dsets":[{"sig_full":"01.01.00.00.-1425","titel":"Themenschwerpunkte im Werk von G\u00fcnter Grass","untertitel":"Interview anl\u00e4\u00dflich der Austellung \"W\u00f6rtliche Bilder\" in H\u00fcrth"},{"sig_full":"01.01.00.00.-0127","titel":"\"Der Butt\" - Gespr\u00e4ch mit G\u00fcnter Grass \u00fcber seinen neuen Roman","untertitel":null}]},{"word":"Ein ge\u00f6ffneter Schrank","dsets":[{"sig_full":"01.01.00.00.-0465","titel":"Interpretation und Gedichte von G\u00fcnter Grass","untertitel":null}]},{"word":"Nacht \u00fcber Gotenhafen","dsets":[{"sig_full":"01.01.00.00.-1063","titel":"Im Krebsgang \u2013 G\u00fcnter Grass (Poln.)","untertitel":"Idac Rakiem"},{"sig_full":"01.01.00.00.-1185","titel":"Ein Besuch bei G\u00fcnter Grass","untertitel":"G\u00fcnter Grass im Gespr\u00e4ch zu seiner neuen Novelle \"Im Krebsgang\""}]},{"word":"Nacht \u00fcber Gothenhafen","dsets":[{"sig_full":"01.01.00.00.-1445","titel":"Humanistischer Hochsicherheitstrakt","untertitel":"Tag des audiovisuellen Erbes 2009"}]},{"word":"Ein weites Feld, Novemberland","dsets":[{"sig_full":"01.01.00.00.-0972","titel":"F\u00fcr Aufbr\u00fcche an andere Orte jederzeit vorbereitet","untertitel":"G\u00fcnter Grass im Gespr\u00e4ch mit Dr. Erhard Kluge anl\u00e4sslich seines 70. Geburtstages in seinem L\u00fcbecker Haus"}]},{"word":"Frost und Gebiss","dsets":[{"sig_full":"01.01.00.00.-0432","titel":"Bei dieser Gelegenheit","untertitel":"Gedichte aus vierzig Jahren"}]},{"word":"Kleines Fest","dsets":[{"sig_full":"01.01.00.00.-0432","titel":"Bei dieser Gelegenheit","untertitel":"Gedichte aus vierzig Jahren"},{"sig_full":"01.01.00.00.-0606","titel":"Lyrische Beute - Gedichte aus f\u00fcnfzig Jahren","untertitel":"Rohmaterial zur sp\u00e4teren Ver\u00f6ffentlichung \"Lyrische Beute\" auf 3 CDs"},{"sig_full":"01.01.00.00.-0274","titel":"Die Gruppe 47 in Princeton (mit Lyrik-Lesung von Grass)","untertitel":"Dokumentation der 28. Tagung der Gruppe 47"}]},{"word":"Gestillt","dsets":[{"sig_full":"01.01.00.00.-0432","titel":"Bei dieser Gelegenheit","untertitel":"Gedichte aus vierzig Jahren"}]},{"word":"Mir tr\u00e4umte, ich m\u00fcsste Abschied nehmen (aus: Die R\u00e4ttin)","dsets":[{"sig_full":"01.01.00.00.-0432","titel":"Bei dieser Gelegenheit","untertitel":"Gedichte aus vierzig Jahren"}]},{"word":"Fundsachen f\u00fcr Nichtleser (Heiterer Morgen)","dsets":[{"sig_full":"01.01.00.00.-0432","titel":"Bei dieser Gelegenheit","untertitel":"Gedichte aus vierzig Jahren"}]},{"word":"Famili\u00e4rer Versuch","dsets":[{"sig_full":"01.01.00.00.-0432","titel":"Bei dieser Gelegenheit","untertitel":"Gedichte aus vierzig Jahren"},{"sig_full":"01.01.00.00.-0614","titel":"L\u00fcbecker Werkstattbericht","untertitel":"Sechs Vorlesungen an der Medizinischen Universit\u00e4t L\u00fcbeck"}]},{"word":"Spargelzeit","dsets":[{"sig_full":"01.01.00.00.-0432","titel":"Bei dieser Gelegenheit","untertitel":"Gedichte aus vierzig Jahren"},{"sig_full":"01.01.00.00.-0614","titel":"L\u00fcbecker Werkstattbericht","untertitel":"Sechs Vorlesungen an der Medizinischen Universit\u00e4t L\u00fcbeck"}]},{"word":"Meine alte Olivetti","dsets":[{"sig_full":"01.01.00.00.-0432","titel":"Bei dieser Gelegenheit","untertitel":"Gedichte aus vierzig Jahren"},{"sig_full":"01.01.00.00.-0614","titel":"L\u00fcbecker Werkstattbericht","untertitel":"Sechs Vorlesungen an der Medizinischen Universit\u00e4t L\u00fcbeck"}]},{"word":"Mitten im Leben","dsets":[{"sig_full":"01.01.00.00.-0432","titel":"Bei dieser Gelegenheit","untertitel":"Gedichte aus vierzig Jahren"}]},{"word":"Aus gewerkschaftlicher Sicht","dsets":[{"sig_full":"01.01.00.00.-0432","titel":"Bei dieser Gelegenheit","untertitel":"Gedichte aus vierzig Jahren"}]},{"word":"Auf Nebenstra\u00dfen nach Neuruppin","dsets":[{"sig_full":"01.01.00.00.-0432","titel":"Bei dieser Gelegenheit","untertitel":"Gedichte aus vierzig Jahren"}]},{"word":"Der Stein","dsets":[{"sig_full":"01.01.00.00.-0432","titel":"Bei dieser Gelegenheit","untertitel":"Gedichte aus vierzig Jahren"},{"sig_full":"01.01.00.00.-0614","titel":"L\u00fcbecker Werkstattbericht","untertitel":"Sechs Vorlesungen an der Medizinischen Universit\u00e4t L\u00fcbeck"}]},{"word":"Auf R\u00fcgen","dsets":[{"sig_full":"01.01.00.00.-0432","titel":"Bei dieser Gelegenheit","untertitel":"Gedichte aus vierzig Jahren"}]},{"word":"Zur Strafe","dsets":[{"sig_full":"01.01.00.00.-0432","titel":"Bei dieser Gelegenheit","untertitel":"Gedichte aus vierzig Jahren"}]},{"word":"Mein Schwamm","dsets":[{"sig_full":"01.01.00.00.-0432","titel":"Bei dieser Gelegenheit","untertitel":"Gedichte aus vierzig Jahren"}]},{"word":"Seitensprung","dsets":[{"sig_full":"01.01.00.00.-0432","titel":"Bei dieser Gelegenheit","untertitel":"Gedichte aus vierzig Jahren"}]},{"word":"Jeden Morgen","dsets":[{"sig_full":"01.01.00.00.-0432","titel":"Bei dieser Gelegenheit","untertitel":"Gedichte aus vierzig Jahren"}]},{"word":"\u00dcberrundet","dsets":[{"sig_full":"01.01.00.00.-0432","titel":"Bei dieser Gelegenheit","untertitel":"Gedichte aus vierzig Jahren"}]},{"word":"Kurze Sonntagspredigt","dsets":[{"sig_full":"01.01.00.00.-0432","titel":"Bei dieser Gelegenheit","untertitel":"Gedichte aus vierzig Jahren"},{"sig_full":"01.01.00.00.-0614","titel":"L\u00fcbecker Werkstattbericht","untertitel":"Sechs Vorlesungen an der Medizinischen Universit\u00e4t L\u00fcbeck"}]},{"word":"Vorsorglich","dsets":[{"sig_full":"01.01.00.00.-0432","titel":"Bei dieser Gelegenheit","untertitel":"Gedichte aus vierzig Jahren"},{"sig_full":"01.01.00.00.-0614","titel":"L\u00fcbecker Werkstattbericht","untertitel":"Sechs Vorlesungen an der Medizinischen Universit\u00e4t L\u00fcbeck"}]},{"word":"Unter Verr\u00e4tern","dsets":[{"sig_full":"01.01.00.00.-0432","titel":"Bei dieser Gelegenheit","untertitel":"Gedichte aus vierzig Jahren"}]},{"word":"Nachtisch","dsets":[{"sig_full":"01.01.00.00.-0432","titel":"Bei dieser Gelegenheit","untertitel":"Gedichte aus vierzig Jahren"}]},{"word":"Wegzehrung","dsets":[{"sig_full":"01.01.00.00.-0432","titel":"Bei dieser Gelegenheit","untertitel":"Gedichte aus vierzig Jahren"},{"sig_full":"01.01.00.00.-0614","titel":"L\u00fcbecker Werkstattbericht","untertitel":"Sechs Vorlesungen an der Medizinischen Universit\u00e4t L\u00fcbeck"}]},{"word":"Entschuldigung","dsets":[{"sig_full":"01.01.00.00.-0631","titel":"Panorama","untertitel":"Entschuldigung"}]},{"word":"Kassandra","dsets":[{"sig_full":"01.01.00.00.-1803","titel":"Ein deutsch-deutsches Autorentreffen","untertitel":"Ausschnitte mit Lesungen im Literarischen Colloquium in Berlin (Live-Mitschnitt)"},{"sig_full":"01.01.00.00.-1552","titel":"Stimmen zu Christa Wolfs 70. Geburtstag","untertitel":"Statements von G\u00fcnter Grass, Christoph Hein und Christa Wolf"},{"sig_full":"01.01.00.00.-0609","titel":"Verleihung des B\u00fccherpreises, Leipzig","untertitel":"Verleihung des B\u00fccherpreises 2002 f\u00fcr Christa Wolf"},{"sig_full":"01.01.00.00.-1551","titel":"Schreiben bedeutet Ged\u00e4chtnis zu bewahren","untertitel":"Zum 70. Geburtstag von Christa Wolf"}]},{"word":"Fl\u00fcchtlingsgespr\u00e4che","dsets":[{"sig_full":"01.01.00.00.-1803","titel":"Ein deutsch-deutsches Autorentreffen","untertitel":"Ausschnitte mit Lesungen im Literarischen Colloquium in Berlin (Live-Mitschnitt)"}]},{"word":"Vier Jahrzehnte","dsets":[{"sig_full":"01.01.00.00.-1057","titel":"B\u00fccher, B\u00fccher \u2013 G\u00fcnter Grass 1992","untertitel":"Zur Neuerscheinung \"F\u00fcnf Jahrzehnte - Ein Werkstattbericht\" und \"Unkenrufe\""}]},{"word":"Rede \u00fcber das Selbstverst\u00e4ndliche","dsets":[{"sig_full":"01.01.00.00.-1057","titel":"B\u00fccher, B\u00fccher \u2013 G\u00fcnter Grass 1992","untertitel":"Zur Neuerscheinung \"F\u00fcnf Jahrzehnte - Ein Werkstattbericht\" und \"Unkenrufe\""},{"sig_full":"01.01.00.00.-0637","titel":"Studio III: Aus Kunst und Wissenschaft,  B\u00fcchner-Preis f\u00fcr Grass","untertitel":"Verleihung des Georg-B\u00fcchner-Preises und die Debatten"},{"sig_full":"01.01.00.00.-1744","titel":"Rede von G\u00fcnter Grass vor der Akademie f\u00fcr Sprache und Dichtung in Darmstadt","untertitel":"Rede \u00fcber das Selbtsverst\u00e4ndliche"},{"sig_full":"01.01.00.00.-0119","titel":"Gespr\u00e4ch mit G\u00fcnter Grass","untertitel":null},{"sig_full":"01.01.00.00.-0435","titel":"Rede \u00fcber das Selbstverst\u00e4ndliche","untertitel":"Zur Verleihung des Georg-B\u00fcchner-Preises 1965 der \"Deutschen Akademie f\u00fcr Sprache und Dichtung\""}]},{"word":"Vatertag","dsets":[{"sig_full":"01.01.00.00.-1057","titel":"B\u00fccher, B\u00fccher \u2013 G\u00fcnter Grass 1992","untertitel":"Zur Neuerscheinung \"F\u00fcnf Jahrzehnte - Ein Werkstattbericht\" und \"Unkenrufe\""},{"sig_full":"01.01.00.00.-1386","titel":"SpielArt: Vatertag","untertitel":"Lesung aus \"der Butt\" von G\u00fcnter Grass"}]},{"word":"Freiheit der K\u00fcnstler in Ost und West","dsets":[{"sig_full":"01.01.00.00.-0035","titel":"Entspannungspolitik auf Kosten von Meinungsfreiheit?","untertitel":"Interview mit G\u00fcnter Grass"}]},{"word":"Vom deutschen Lastenausgleich","dsets":[{"sig_full":"01.01.00.00.-0043","titel":"Mit \"Unkenrufen\" auf Lesetour","untertitel":"Gespr\u00e4ch mit G\u00fcnter Grass (2 Teile)"}]},{"word":"Echolot","dsets":[{"sig_full":"01.01.00.00.-1185","titel":"Ein Besuch bei G\u00fcnter Grass","untertitel":"G\u00fcnter Grass im Gespr\u00e4ch zu seiner neuen Novelle \"Im Krebsgang\""},{"sig_full":"01.01.00.00.-1614","titel":"Tilmann Krause \u00fcber das B\u00fccherjahr 2002","untertitel":"Die gro\u00dfen Literaturdebatten um Grass und Walser"}]},{"word":"Tallhover","dsets":[{"sig_full":"01.01.00.00.-0025","titel":"Ein weites Feld - Historienbild mit skandaltr\u00e4chtiger Untermalung","untertitel":"Ein Gespr\u00e4ch mit G\u00fcnter Grass \u00fcber seinen Roman"},{"sig_full":"01.01.00.00.-0997","titel":"Wechselrede 1995","untertitel":"Gespr\u00e4ch \u00fcber \u201eEin weites Feld\u201c"},{"sig_full":"01.01.00.00.-0614","titel":"L\u00fcbecker Werkstattbericht","untertitel":"Sechs Vorlesungen an der Medizinischen Universit\u00e4t L\u00fcbeck"}]},{"word":"Don Quijote","dsets":[{"sig_full":"01.01.00.00.-0025","titel":"Ein weites Feld - Historienbild mit skandaltr\u00e4chtiger Untermalung","untertitel":"Ein Gespr\u00e4ch mit G\u00fcnter Grass \u00fcber seinen Roman"},{"sig_full":"01.01.00.00.-0930","titel":"Der Mann von La Mancha","untertitel":"arte-Themenabend: Don Quichotte und sein Dichter"},{"sig_full":"01.01.00.00.-0614","titel":"L\u00fcbecker Werkstattbericht","untertitel":"Sechs Vorlesungen an der Medizinischen Universit\u00e4t L\u00fcbeck"}]},{"word":"Simplicissimus","dsets":[{"sig_full":"01.01.00.00.-0025","titel":"Ein weites Feld - Historienbild mit skandaltr\u00e4chtiger Untermalung","untertitel":"Ein Gespr\u00e4ch mit G\u00fcnter Grass \u00fcber seinen Roman"},{"sig_full":"01.01.00.00.-1074","titel":"Die Mandragore - Gedaechtnis und Generationen \u2013 ein Treffen mit G\u00fcnter Grass (Poln.)","untertitel":null},{"sig_full":"01.01.00.00.-1014","titel":"Gespr\u00e4ch mit Lohr","untertitel":null}]},{"word":"Krieg und Frieden","dsets":[{"sig_full":"01.01.00.00.-0025","titel":"Ein weites Feld - Historienbild mit skandaltr\u00e4chtiger Untermalung","untertitel":"Ein Gespr\u00e4ch mit G\u00fcnter Grass \u00fcber seinen Roman"},{"sig_full":"01.01.00.00.-1014","titel":"Gespr\u00e4ch mit Lohr","untertitel":null},{"sig_full":"01.01.00.00.-1328","titel":"Wer liest hat mehr vom Leben","untertitel":null}]},{"word":"Lenz","dsets":[{"sig_full":"01.01.00.00.-0999","titel":"B\u00fcchner und kein Ende: Deutschlands renommierter Literaturpreis","untertitel":"Verleihung des Georg B\u00fcchner-Preises 2005"}]},{"word":"Dantons Tod","dsets":[{"sig_full":"01.01.00.00.-0999","titel":"B\u00fcchner und kein Ende: Deutschlands renommierter Literaturpreis","untertitel":"Verleihung des Georg B\u00fcchner-Preises 2005"},{"sig_full":"01.01.00.00.-0477","titel":"Politisches Theater - Filmdokumentation","untertitel":null}]},{"word":"Ultemosch","dsets":[{"sig_full":"01.01.00.00.-0446","titel":"Es war einmal ein Land","untertitel":"G\u00fcnter Grass liest, G\u00fcnter \"Baby\" Sommer trommelt und spielt"}]},{"word":"Die Trib\u00fcne","dsets":[{"sig_full":"01.01.00.00.-0446","titel":"Es war einmal ein Land","untertitel":"G\u00fcnter Grass liest, G\u00fcnter \"Baby\" Sommer trommelt und spielt"},{"sig_full":"01.01.00.00.-0080","titel":"Es war einmal ein Land - Die Trib\u00fcne - Glaube, Hoffnung, Liebe - Verk\u00fcndigung (3 Takes)","untertitel":"Feature zur Ver\u00f6ffentlichung der Lesung mit Schlagzeug"}]},{"word":"Rattendemo","dsets":[{"sig_full":"01.01.00.00.-0446","titel":"Es war einmal ein Land","untertitel":"G\u00fcnter Grass liest, G\u00fcnter \"Baby\" Sommer trommelt und spielt"}]},{"word":"Sommernachtstraum","dsets":[{"sig_full":"01.01.00.00.-1789","titel":"Ausschnitte aus dem Hearing der Berliner Akademie der K\u00fcnste 1985","untertitel":"Kulturpolitikerhearing"}]},{"word":"Unterwegs von Deutschland nach Deutschland - Tagebuch 1990","dsets":[{"sig_full":"01.01.00.00.-1954","titel":"Keine Empfehlung f\u00fcr \"Unterwegs von Deutschland nach Deutschland\"","untertitel":null},{"sig_full":"01.01.00.00.-1953","titel":"Gegenstimme zu den Lobreden auf die Wiedervereinigung","untertitel":null}]},{"word":"Ein Zug, nicht aufzuhalten","dsets":[{"sig_full":"01.01.00.00.-0755","titel":"Deutschland, einig Vaterland?","untertitel":"Streit ums \"Einig Vaterland\": 1960 \u2013 1990. Eine Diskussion mit G\u00fcnter Grass und Rudolf Augstein."}]},{"word":"Die andere Wahrheit","dsets":[{"sig_full":"01.01.00.00.-0610","titel":"Des Knaben Wunderhorn oder die andere Wahrheit","untertitel":null}]},{"word":"Tagebuch einer Schnecke","dsets":[{"sig_full":"01.01.00.00.-1137","titel":"Freie Meinungs\u00e4u\u00dferung","untertitel":"Interview mit G\u00fcnter Grass"},{"sig_full":"01.01.00.00.-0084","titel":"Das Wappentier der Republik - G\u00fcnter Grass","untertitel":"Portr\u00e4t anl\u00e4\u00dflich des 70. Geburtstages (mit zahlreichen O-T\u00f6nen)"},{"sig_full":"01.01.00.00.-0656","titel":"Nordschau-Magazin Kiel; Beitrag 2: Kieler Tage in Polen","untertitel":null},{"sig_full":"01.01.00.00.-0365","titel":"Der Stein muss immer bewegt werden","untertitel":"G\u00fcnter Grass im Gespr\u00e4ch mit J\u00f6rg-Dieter Kogel und Harro Zimmermann"}]},{"word":"Vier Jahrzehnte - Ein Werkstattbericht","dsets":[{"sig_full":"01.01.00.00.-1133","titel":"Radioskopnews: Ank\u00fcndigung  Buchmesseboykott","untertitel":null},{"sig_full":"01.01.00.00.-1962","titel":"Entwicklung und  Arbeitsprozesse im Werkstattbericht \"Vier Jahrzehnte\"","untertitel":null}]},{"word":"Von dem Fischer un syner Frau","dsets":[{"sig_full":"01.01.00.00.-1127","titel":"Gespr\u00e4ch mit G\u00fcnter Grass Tl. 1","untertitel":null}]},{"word":"Einst in der L\u00f6wenburg","dsets":[{"sig_full":"01.01.00.00.-0953","titel":"Grass liest in der Herzog-August-Bibliothek","untertitel":"Das Treffen in Telgte"},{"sig_full":"01.01.00.00.-0603","titel":"G\u00fcnter Grass zum 75. Geburtstag - Freunde lesen Grass","untertitel":"G\u00fcnter Grass in der freien Akademie der K\u00fcnste in Hamburg"}]},{"word":"\u00dcber den Prozess der Zivilisation","dsets":[{"sig_full":"01.01.00.00.-0903","titel":"Gespr\u00e4chszeit - J\u00f6rg Dieter Kogel im Gespr\u00e4ch mit G\u00fcnter Grass","untertitel":null}]},{"word":"Kaiser Friedrich II. (Buch)","dsets":[{"sig_full":"01.01.00.00.-0903","titel":"Gespr\u00e4chszeit - J\u00f6rg Dieter Kogel im Gespr\u00e4ch mit G\u00fcnter Grass","untertitel":null}]},{"word":"Kopfj\u00e4ger","dsets":[{"sig_full":"01.01.00.00.-0903","titel":"Gespr\u00e4chszeit - J\u00f6rg Dieter Kogel im Gespr\u00e4ch mit G\u00fcnter Grass","untertitel":null}]},{"word":"Die Entdeckung der Langsamkeit","dsets":[{"sig_full":"01.01.00.00.-0903","titel":"Gespr\u00e4chszeit - J\u00f6rg Dieter Kogel im Gespr\u00e4ch mit G\u00fcnter Grass","untertitel":null},{"sig_full":"01.01.00.00.-1014","titel":"Gespr\u00e4ch mit Lohr","untertitel":null},{"sig_full":"01.01.00.00.-1019","titel":"Harro Zimmermann spricht mit G\u00fcnter Grass","untertitel":null}]},{"word":"Zweiunddrei\u00dfig Z\u00e4hne","dsets":[{"sig_full":"01.01.00.00.-0116","titel":"Zweiunddrei\u00dfig Z\u00e4hne","untertitel":"H\u00f6rspiel"},{"sig_full":"01.01.00.00.-1748","titel":"Mitschnitt der Lesung \"Schriftsteller lesen in Berlin\" 1964","untertitel":"Mit einem Referat von Klaus Wagenbach, einer Lesung aus \"Hundejahre\" und Ausschnitten aus der abschlie\u00dfenden Diskussion"}]},{"word":"Theaterspiele","dsets":[{"sig_full":"01.01.00.00.-0116","titel":"Zweiunddrei\u00dfig Z\u00e4hne","untertitel":"H\u00f6rspiel"}]},{"word":"Rede gegen die Gew\u00f6hnung","dsets":[{"sig_full":"01.01.00.00.-0682","titel":"Tagesschau - G\u00fcnter Grass spricht in Athen","untertitel":null}]},{"word":"B\u00fcrger Grass","dsets":[{"sig_full":"01.01.00.00.-0909","titel":"J\u00f6rg Dieter Kogel im Gespr\u00e4ch mit Michael J\u00fcrgs","untertitel":"Gespr\u00e4chszeit am Sonntag"},{"sig_full":"01.01.00.00.-1609","titel":"Neues von und \u00fcber Grass zum 75. Geburtstag","untertitel":"Feature \u00fcber die Neurscheinungen im Herbst 2002"}]},{"word":"Rede eines vaterlandslosen Gesellen","dsets":[{"sig_full":"01.01.00.00.-0051","titel":"Deutschland, Deutschland \u00fcber alles - Kurze Rede eines vaterlandslosen Gesellen","untertitel":"Rede von G\u00fcnter Grass in der Akademie in Tutzing"},{"sig_full":"01.01.00.00.-0089","titel":"Gegen den Glauben an die Allmacht der D-Mark","untertitel":"Gespr\u00e4ch mit G\u00fcnter Grass"},{"sig_full":"01.01.00.00.-0518","titel":"Deutsche Lebensl\u00e4ufe: G\u00fcnter Grass","untertitel":"Portr\u00e4t (3 Takes)"},{"sig_full":"01.01.00.00.-1347","titel":"Zeitfragen - Streitfragen","untertitel":"Deutschland nach der Vereinigung - Diskussion zwischen G\u00fcnter Grass und Martin Walser"},{"sig_full":"01.01.00.00.-0614","titel":"L\u00fcbecker Werkstattbericht","untertitel":"Sechs Vorlesungen an der Medizinischen Universit\u00e4t L\u00fcbeck"}]},{"word":"Grimms W\u00f6rter","dsets":[{"sig_full":"01.01.00.00.-1478","titel":"Eine doppelte Liebeserkl\u00e4rung","untertitel":"\u00dcber die Entstehung von \"Grimms W\u00f6rter\""},{"sig_full":"01.01.00.00.-1810","titel":"Lesung aus \"Grimms W\u00f6rter\" und Gespr\u00e4ch mit Olaf Scholz","untertitel":null},{"sig_full":"01.01.00.00.-1716","titel":"Straelener Atriumsgespr\u00e4ch im Europ\u00e4ischen \u00dcbersetzer-Kollegium 2011","untertitel":"\u00dcbersetzerkonferenz zu \"Grimms W\u00f6rter\""},{"sig_full":"01.01.00.00.-1738","titel":"Zu \u00dcbersetzungen  von \"Grimms W\u00f6rter\" (engl.)","untertitel":"\u00dcbersetzerkonferenz in Straelen 2011"},{"sig_full":"01.01.00.00.-1812","titel":"K\u00fcnstlerbiographie G\u00fcnter Grass","untertitel":"Umfassendes Portr\u00e4t von 2011"},{"sig_full":"01.01.00.00.-1728","titel":"Keine Liebeserkl\u00e4rung an die Br\u00fcder Grimm","untertitel":"O-Ton Sammlung aus der Lesung von \"Grimms W\u00f6rter\" sowie aus dem Interview"},{"sig_full":"01.01.00.00.-1730","titel":"G\u00fcnter Grass \u00fcber die Verleihung des August-Bebel-Preises 2011 (Rohfassung)","untertitel":"Interview zur Verleihung des August-Bebel-Preises 2011 an Oskar Negt"},{"sig_full":"01.01.00.00.-1729","titel":"Denkmal f\u00fcr die G\u00f6ttinger Sieben","untertitel":"Interview mit G\u00fcnter Grass \u00fcber das von ihm entworfene Denkmal"},{"sig_full":"01.01.00.00.-1702","titel":"Ulrich Wickert und G\u00fcnter Grass sprechen \u00fcber \"Grimms W\u00f6rter\"","untertitel":"\"Wickerts B\u00fccher\" im Oktober 2010"},{"sig_full":"01.01.00.00.-1715","titel":"Der Engel, die Ehe, das Ende","untertitel":"F\u00fcnftes Kapitel aus Grimms W\u00f6rter auf dem  6. L\u00fcbecker Literaturtreffen"},{"sig_full":"01.01.00.00.-1712","titel":"\"Ich bin museal geworden\"","untertitel":"Lesung im Plenarsaal der Bremischen B\u00fcrgerschaft"},{"sig_full":"01.01.00.00.-1711","titel":"Liebeserkl\u00e4rung an die deutsche Sprache","untertitel":"G\u00fcnter Grass im Gespr\u00e4ch mit Prof. H. Detering"},{"sig_full":"01.01.00.00.-1721","titel":"Sympathie f\u00fcr politische Beharrlichkeit der Gebr\u00fcder Grimm","untertitel":"Stephan Lohr \u00fcber die Neuerscheinung \"Grimms W\u00f6rter\""},{"sig_full":"01.01.00.00.-1722","titel":"\"Eine Art von Loslassen\"","untertitel":"Klaus Siblewski \u00fcber \"Grimms W\u00f6rter\""},{"sig_full":"01.01.00.00.-1709","titel":"Grimms W\u00f6rter im Haus der Bremischen B\u00fcrgerschaft","untertitel":"Lesung im Plenarsaal"},{"sig_full":"01.01.00.00.-1706","titel":"Der lange Atem der Gebr\u00fcder Grimm","untertitel":"G\u00fcnter Grass \u00fcber \"Grimms W\u00f6rter\" auf dem blauen Sofa der 62. Frankfurter Buchmesse 2010"},{"sig_full":"01.01.00.00.-1735","titel":"G\u00fcnter Grass im Willy-Brandt-Haus 2010","untertitel":"Einf\u00fchrung von Sigmar Gabriel mit anschliessender Lesung"},{"sig_full":"01.01.00.00.-1732","titel":"Grass gegen  Atomstrom","untertitel":"Lesung am AKW Kr\u00fcmmel"},{"sig_full":"02.01.01.00.-0008","titel":"Erscheinung \"Grimms W\u00f6rter\"","untertitel":"Eine Liebeserkl\u00e4rung an die deutsche Sprache"}]},{"word":"Call of the Toad","dsets":[{"sig_full":"01.01.00.00.-0062","titel":"Rede und Reaktionen zur \"Rede vom Verlust\" und den \"Unkenrufe\"","untertitel":null}]},{"word":"Eine Frau","dsets":[{"sig_full":"01.01.00.00.-1489","titel":"Paragraphen und sch\u00f6ne Literatur im Luchterhand-Verlag","untertitel":"Verlagsportrait von Egon Matzerath"}]},{"word":"Die vielen Stimmen Deutschlands","dsets":[{"sig_full":"01.01.00.00.-0887","titel":"Offizieller Arbeitsbeginn der Bundeskulturstiftung (Stiftung) in Halle (Sachsen-Anhalt)","untertitel":null}]},{"word":"Die Verk\u00fcndigung","dsets":[{"sig_full":"01.01.00.00.-0080","titel":"Es war einmal ein Land - Die Trib\u00fcne - Glaube, Hoffnung, Liebe - Verk\u00fcndigung (3 Takes)","untertitel":"Feature zur Ver\u00f6ffentlichung der Lesung mit Schlagzeug"}]},{"word":"Im Krebgsgang","dsets":[{"sig_full":"01.01.00.00.-0956","titel":"\u00dcbersetzer-Konferenz","untertitel":"Kurzinterviews mit vier \u00dcbersetzern"},{"sig_full":"01.01.00.00.-1614","titel":"Tilmann Krause \u00fcber das B\u00fccherjahr 2002","untertitel":"Die gro\u00dfen Literaturdebatten um Grass und Walser"}]},{"word":"\u00d6rtlich bet\u00e4ubt","dsets":[{"sig_full":"01.01.00.00.-0123","titel":"\u00d6rtlich bet\u00e4ubt (Auszug)","untertitel":null},{"sig_full":"01.01.00.00.-0119","titel":"Gespr\u00e4ch mit G\u00fcnter Grass","untertitel":null},{"sig_full":"01.01.00.00.-0306","titel":"F\u00fchrer und Verf\u00fchrte - Eine Sendereihe \u00fcber Geist und Mode unserer Zeit, 15. G\u00fcnter Grass oder Das erf\u00fcllte Image","untertitel":null}]},{"word":"Komm, Trost der Nacht","dsets":[{"sig_full":"01.01.00.00.-0523","titel":"Hans Mayer zum Ged\u00e4chtnis (Auskopplung G\u00fcnter Grass)","untertitel":"Statement zur Person und Lesung aus \"Das Treffen in Telgte\""},{"sig_full":"01.01.00.00.-0603","titel":"G\u00fcnter Grass zum 75. Geburtstag - Freunde lesen Grass","untertitel":"G\u00fcnter Grass in der freien Akademie der K\u00fcnste in Hamburg"},{"sig_full":"01.01.00.00.-1630","titel":"Lyrik aus der Zeit des Drei\u00dfigj\u00e4hrigen Krieges","untertitel":"G\u00fcnter Grass und Peter R\u00fchmkorf rezitieren Barocklyrik aus \"Komm, Trost der Nacht\""}]},{"word":"Des Knaben Wunderhorn","dsets":[{"sig_full":"01.01.00.00.-0523","titel":"Hans Mayer zum Ged\u00e4chtnis (Auskopplung G\u00fcnter Grass)","untertitel":"Statement zur Person und Lesung aus \"Das Treffen in Telgte\""},{"sig_full":"01.01.00.00.-1810","titel":"Lesung aus \"Grimms W\u00f6rter\" und Gespr\u00e4ch mit Olaf Scholz","untertitel":null}]},{"word":"Der Knoten im Revolverlauf","dsets":[{"sig_full":"01.01.00.00.-0962","titel":"Der Knoten im Revolverlauf","untertitel":"Laudatio auf die Enth\u00fcllung der Skulptur \"Non Violence\" von Carl Frederik Reutersw\u00e4rd"}]},{"word":"Freiheit - ein Wort wie L\u00f6ffelstiel","dsets":[{"sig_full":"01.01.00.00.-0124","titel":"Rede des Schriftstellers G\u00fcnter Grass zur Er\u00f6ffnung der von der Gesellschaft f\u00fcr christlich-j\u00fcdische Zusammenarbeit veranstalteten \" Woche der Br\u00fcderlichkeit\". ''Freiheit - ein Wort wie L\u00f6ffelstiel''","untertitel":"Rede zur Woche der Br\u00fcderlichkeit (veranstaltet von der Gesellschaft f\u00fcr christlich-j\u00fcdische Zusammenarbeit)"}]},{"word":"Mein Jahrhundert, Ein weites Feld, Unkenrufe","dsets":[{"sig_full":"01.01.00.00.-0526","titel":"Mein Jahrhundert (Ausz\u00fcge) - Lesung mit Einf\u00fchrungen","untertitel":"Lesung der Kapitel 1900, 1907, 1912, 1919, 1928, 1933, 1937, 1946, 1956, 1964, 1970, 1978, 1990"}]},{"word":"Rede von der Gew\u00f6hnung","dsets":[{"sig_full":"01.01.00.00.-1036","titel":"Ulrich Wickert und G\u00fcnter Grass sprechen \u00fcber \"Beim H\u00e4uten der Zwiebel\"","untertitel":"Wickerts B\u00fccher im August 2006"},{"sig_full":"01.01.00.00.-0267","titel":"Angriffe nach Israel-Reise","untertitel":"Interview mit G\u00fcnter Grass"}]},{"word":"Die Meinungsfreiheit des K\u00fcnstlers in unserer Gesellschaft","dsets":[{"sig_full":"01.01.00.00.-1488","titel":"Solidarit\u00e4t f\u00fcr die Intellektuellen in der UDSSR","untertitel":"Auswirkungen auf die Entspannungspolitik"},{"sig_full":"01.01.00.00.-0084","titel":"Das Wappentier der Republik - G\u00fcnter Grass","untertitel":"Portr\u00e4t anl\u00e4\u00dflich des 70. Geburtstages (mit zahlreichen O-T\u00f6nen)"}]},{"word":"Wor\u00fcber ich schreibe","dsets":[{"sig_full":"01.01.00.00.-0019","titel":"Kinder, wir spielen Verlaufen","untertitel":"Lyrik, gelesen von Matthias Ponnier"},{"sig_full":"01.01.00.00.-0614","titel":"L\u00fcbecker Werkstattbericht","untertitel":"Sechs Vorlesungen an der Medizinischen Universit\u00e4t L\u00fcbeck"}]},{"word":"Vorgetr\u00e4umt","dsets":[{"sig_full":"01.01.00.00.-0019","titel":"Kinder, wir spielen Verlaufen","untertitel":"Lyrik, gelesen von Matthias Ponnier"}]},{"word":"Weil der Wald an den Menschen stirbt","dsets":[{"sig_full":"01.01.00.00.-0019","titel":"Kinder, wir spielen Verlaufen","untertitel":"Lyrik, gelesen von Matthias Ponnier"},{"sig_full":"01.01.00.00.-0614","titel":"L\u00fcbecker Werkstattbericht","untertitel":"Sechs Vorlesungen an der Medizinischen Universit\u00e4t L\u00fcbeck"}]},{"word":"Kinder, wir spielen Verlaufen","dsets":[{"sig_full":"01.01.00.00.-0019","titel":"Kinder, wir spielen Verlaufen","untertitel":"Lyrik, gelesen von Matthias Ponnier"}]},{"word":"Nicht dran r\u00fchren","dsets":[{"sig_full":"01.01.00.00.-0019","titel":"Kinder, wir spielen Verlaufen","untertitel":"Lyrik, gelesen von Matthias Ponnier"}]},{"word":"Das haben wir nicht gewollt","dsets":[{"sig_full":"01.01.00.00.-0019","titel":"Kinder, wir spielen Verlaufen","untertitel":"Lyrik, gelesen von Matthias Ponnier"}]},{"word":"Abschied","dsets":[{"sig_full":"01.01.00.00.-0019","titel":"Kinder, wir spielen Verlaufen","untertitel":"Lyrik, gelesen von Matthias Ponnier"}]},{"word":"Die Nase","dsets":[{"sig_full":"01.01.00.00.-0766","titel":"Szenen vom Weltmarkt Literatur - Sprech-Schallplatte mit Lesungen von G\u00fcnter Grass","untertitel":"Literarische Nachrichten aus der Politik"}]},{"word":"Die Fassade","dsets":[{"sig_full":"01.01.00.00.-0766","titel":"Szenen vom Weltmarkt Literatur - Sprech-Schallplatte mit Lesungen von G\u00fcnter Grass","untertitel":"Literarische Nachrichten aus der Politik"},{"sig_full":"01.01.00.00.-0614","titel":"L\u00fcbecker Werkstattbericht","untertitel":"Sechs Vorlesungen an der Medizinischen Universit\u00e4t L\u00fcbeck"}]},{"word":"Auroras Anla\u00df","dsets":[{"sig_full":"01.01.00.00.-0766","titel":"Szenen vom Weltmarkt Literatur - Sprech-Schallplatte mit Lesungen von G\u00fcnter Grass","untertitel":"Literarische Nachrichten aus der Politik"}]},{"word":"Barf\u00fc\u00dfiger Februar","dsets":[{"sig_full":"01.01.00.00.-0766","titel":"Szenen vom Weltmarkt Literatur - Sprech-Schallplatte mit Lesungen von G\u00fcnter Grass","untertitel":"Literarische Nachrichten aus der Politik"}]},{"word":"Kerner","dsets":[{"sig_full":"01.01.00.00.-0766","titel":"Szenen vom Weltmarkt Literatur - Sprech-Schallplatte mit Lesungen von G\u00fcnter Grass","untertitel":"Literarische Nachrichten aus der Politik"}]},{"word":"Kleist, Moos, Fasane","dsets":[{"sig_full":"01.01.00.00.-0766","titel":"Szenen vom Weltmarkt Literatur - Sprech-Schallplatte mit Lesungen von G\u00fcnter Grass","untertitel":"Literarische Nachrichten aus der Politik"}]},{"word":"Ostwestberlin","dsets":[{"sig_full":"01.01.00.00.-0766","titel":"Szenen vom Weltmarkt Literatur - Sprech-Schallplatte mit Lesungen von G\u00fcnter Grass","untertitel":"Literarische Nachrichten aus der Politik"}]},{"word":"Jakob Oberlin oder Die Kunst der Heimat","dsets":[{"sig_full":"01.01.00.00.-0766","titel":"Szenen vom Weltmarkt Literatur - Sprech-Schallplatte mit Lesungen von G\u00fcnter Grass","untertitel":"Literarische Nachrichten aus der Politik"}]},{"word":"Die Erde bei Meissen","dsets":[{"sig_full":"01.01.00.00.-0766","titel":"Szenen vom Weltmarkt Literatur - Sprech-Schallplatte mit Lesungen von G\u00fcnter Grass","untertitel":"Literarische Nachrichten aus der Politik"}]},{"word":"Ich und die Folgen","dsets":[{"sig_full":"01.01.00.00.-0766","titel":"Szenen vom Weltmarkt Literatur - Sprech-Schallplatte mit Lesungen von G\u00fcnter Grass","untertitel":"Literarische Nachrichten aus der Politik"}]},{"word":"Langsamer knirschender Morgen","dsets":[{"sig_full":"01.01.00.00.-0766","titel":"Szenen vom Weltmarkt Literatur - Sprech-Schallplatte mit Lesungen von G\u00fcnter Grass","untertitel":"Literarische Nachrichten aus der Politik"}]},{"word":"Die Weiber","dsets":[{"sig_full":"01.01.00.00.-0766","titel":"Szenen vom Weltmarkt Literatur - Sprech-Schallplatte mit Lesungen von G\u00fcnter Grass","untertitel":"Literarische Nachrichten aus der Politik"}]},{"word":"Mogadischu Fensterplatz","dsets":[{"sig_full":"01.01.00.00.-0766","titel":"Szenen vom Weltmarkt Literatur - Sprech-Schallplatte mit Lesungen von G\u00fcnter Grass","untertitel":"Literarische Nachrichten aus der Politik"}]},{"word":"Schweren\u00f6ter","dsets":[{"sig_full":"01.01.00.00.-0766","titel":"Szenen vom Weltmarkt Literatur - Sprech-Schallplatte mit Lesungen von G\u00fcnter Grass","untertitel":"Literarische Nachrichten aus der Politik"}]},{"word":1984,"dsets":[{"sig_full":"01.01.00.00.-0383","titel":"Ausschnitt aus einer Rede von G\u00fcnter Grass vor der SPD-Bundeskonferenz in Kiel \u00fcber George Orwell und die Gedanken seines Zukunftsbuchs \"1984\"","untertitel":"George Orwell und sein Zukunftsbuch \"1984\" - Rede vor der SPD-Bundeskonferenz in Kiel (Ausschnitt)"}]},{"word":"In der Sache Robert J. Oppenheimer","dsets":[{"sig_full":"01.01.00.00.-0477","titel":"Politisches Theater - Filmdokumentation","untertitel":null}]},{"word":"Der Stellvertreter","dsets":[{"sig_full":"01.01.00.00.-0477","titel":"Politisches Theater - Filmdokumentation","untertitel":null},{"sig_full":"01.01.00.00.-1256","titel":"Reminiszenzen und Analysen: Engagierte Schriftsteller nach den Bundestagswahlen","untertitel":"Gespr\u00e4ch zwischen B\u00f6ll und Grass"}]},{"word":"Soldaten","dsets":[{"sig_full":"01.01.00.00.-0477","titel":"Politisches Theater - Filmdokumentation","untertitel":null}]},{"word":"Kabale und Liebe","dsets":[{"sig_full":"01.01.00.00.-0477","titel":"Politisches Theater - Filmdokumentation","untertitel":null}]},{"word":"Die Ermittlung","dsets":[{"sig_full":"01.01.00.00.-0477","titel":"Politisches Theater - Filmdokumentation","untertitel":null}]},{"word":"Der Frieden","dsets":[{"sig_full":"01.01.00.00.-0477","titel":"Politisches Theater - Filmdokumentation","untertitel":null}]},{"word":"Im Kongo","dsets":[{"sig_full":"01.01.00.00.-0477","titel":"Politisches Theater - Filmdokumentation","untertitel":null}]},{"word":"Der zerbrochene Krug","dsets":[{"sig_full":"01.01.00.00.-0477","titel":"Politisches Theater - Filmdokumentation","untertitel":null}]},{"word":"Drau\u00dfen vor der T\u00fcr","dsets":[{"sig_full":"01.01.00.00.-0477","titel":"Politisches Theater - Filmdokumentation","untertitel":null},{"sig_full":"01.01.00.00.-0614","titel":"L\u00fcbecker Werkstattbericht","untertitel":"Sechs Vorlesungen an der Medizinischen Universit\u00e4t L\u00fcbeck"},{"sig_full":"01.01.00.00.-1413","titel":"R\u00fcckblende Tr\u00fcmmerliteratur","untertitel":"Nachkriegsliteratur und die Entstehung der Gruppe 47"}]},{"word":"Rundgang","dsets":[{"sig_full":"01.01.00.00.-1150","titel":"Die Kehrseite der Medaille","untertitel":"Der Lyriker G\u00fcnter Grass"}]},{"word":"Die Klingel","dsets":[{"sig_full":"01.01.00.00.-1150","titel":"Die Kehrseite der Medaille","untertitel":"Der Lyriker G\u00fcnter Grass"}]},{"word":"Der Unfall","dsets":[{"sig_full":"01.01.00.00.-1150","titel":"Die Kehrseite der Medaille","untertitel":"Der Lyriker G\u00fcnter Grass"}]},{"word":"Messer, Gabel, Scher' und Licht","dsets":[{"sig_full":"01.01.00.00.-1150","titel":"Die Kehrseite der Medaille","untertitel":"Der Lyriker G\u00fcnter Grass"}]},{"word":"Lamento bei Glatteis","dsets":[{"sig_full":"01.01.00.00.-1150","titel":"Die Kehrseite der Medaille","untertitel":"Der Lyriker G\u00fcnter Grass"},{"sig_full":"01.01.00.00.-0606","titel":"Lyrische Beute - Gedichte aus f\u00fcnfzig Jahren","untertitel":"Rohmaterial zur sp\u00e4teren Ver\u00f6ffentlichung \"Lyrische Beute\" auf 3 CDs"}]},{"word":"Kirschen","dsets":[{"sig_full":"01.01.00.00.-1150","titel":"Die Kehrseite der Medaille","untertitel":"Der Lyriker G\u00fcnter Grass"},{"sig_full":"01.01.00.00.-0606","titel":"Lyrische Beute - Gedichte aus f\u00fcnfzig Jahren","untertitel":"Rohmaterial zur sp\u00e4teren Ver\u00f6ffentlichung \"Lyrische Beute\" auf 3 CDs"},{"sig_full":"01.01.00.00.-0187","titel":"Gleisdreieck","untertitel":"G\u00fcnter Grass liest 7 Gedichte"}]},{"word":"Zorn \u00c4rger Wut","dsets":[{"sig_full":"01.01.00.00.-0271","titel":"Zorn \u00c4rger Wut","untertitel":"Von der Ohnmacht des Protestes nebst einem Rezept zur \u00dcberwindung derselben"},{"sig_full":"01.01.00.00.-0095","titel":"Die Schweinekopfs\u00fclze","untertitel":"Gedicht aus \"Ausgefragt\""},{"sig_full":"01.01.00.00.-0255","titel":"In Ohnmacht gefallen","untertitel":"Lesung des Gedichtes aus dem Band \"Ausgefragt\""}]},{"word":"Irgendwas machen","dsets":[{"sig_full":"01.01.00.00.-0271","titel":"Zorn \u00c4rger Wut","untertitel":"Von der Ohnmacht des Protestes nebst einem Rezept zur \u00dcberwindung derselben"}]},{"word":"In Ohnmacht gefallen","dsets":[{"sig_full":"01.01.00.00.-0271","titel":"Zorn \u00c4rger Wut","untertitel":"Von der Ohnmacht des Protestes nebst einem Rezept zur \u00dcberwindung derselben"},{"sig_full":"01.01.00.00.-0255","titel":"In Ohnmacht gefallen","untertitel":"Lesung des Gedichtes aus dem Band \"Ausgefragt\""}]},{"word":"Die Schweinekopfs\u00fclze","dsets":[{"sig_full":"01.01.00.00.-0271","titel":"Zorn \u00c4rger Wut","untertitel":"Von der Ohnmacht des Protestes nebst einem Rezept zur \u00dcberwindung derselben"},{"sig_full":"01.01.00.00.-1416","titel":"Lutz G\u00f6rner rezitiert Grass","untertitel":"Folge 182"}]},{"word":"Ulysses","dsets":[{"sig_full":"01.01.00.00.-1485","titel":"Gibt es eine Zukunft der Sprache und Literatur?","untertitel":null},{"sig_full":"01.01.00.00.-0371","titel":"Dieselbe Tinte - G\u00fcnter Grass und Hans Mayer im Gespr\u00e4ch \u00fcber das Wort und das Bild","untertitel":null},{"sig_full":"01.01.00.00.-0614","titel":"L\u00fcbecker Werkstattbericht","untertitel":"Sechs Vorlesungen an der Medizinischen Universit\u00e4t L\u00fcbeck"},{"sig_full":"01.01.00.00.-1678","titel":"Happy Birthday  Mr. Grass!","untertitel":"Gratulationen aus aller Welt  zum 80. Geburtstag"}]},{"word":"Candide","dsets":[{"sig_full":"01.01.00.00.-0896","titel":"SPD-Wahlkampfauftakt in Neum\u00fcnster","untertitel":null},{"sig_full":"01.01.00.00.-0614","titel":"L\u00fcbecker Werkstattbericht","untertitel":"Sechs Vorlesungen an der Medizinischen Universit\u00e4t L\u00fcbeck"}]},{"word":"Ein Abwasch","dsets":[{"sig_full":"01.01.00.00.-0245","titel":"Vorablesung aus \"Der Butt\" - Kapitel \"Ein Abwasch\"","untertitel":null},{"sig_full":"01.01.00.00.-0181","titel":"Der Butt - Lesung der Kapitel Ein Abwasch und Schonischer Hering","untertitel":"Mitschnitt einer Veranstaltung im Funkhaus des SDR"}]},{"word":"Gasag","dsets":[{"sig_full":"01.01.00.00.-0464","titel":"Feder & Fl\u00f6te - Dreizehn Gedichte wie Stegreifkompositionen","untertitel":"Geburtstagsst\u00e4ndchen - Willy Brandt"}]},{"word":"Prophetenkost","dsets":[{"sig_full":"01.01.00.00.-0464","titel":"Feder & Fl\u00f6te - Dreizehn Gedichte wie Stegreifkompositionen","untertitel":"Geburtstagsst\u00e4ndchen - Willy Brandt"},{"sig_full":"01.01.00.00.-1416","titel":"Lutz G\u00f6rner rezitiert Grass","untertitel":"Folge 182"},{"sig_full":"01.01.00.00.-0606","titel":"Lyrische Beute - Gedichte aus f\u00fcnfzig Jahren","untertitel":"Rohmaterial zur sp\u00e4teren Ver\u00f6ffentlichung \"Lyrische Beute\" auf 3 CDs"},{"sig_full":"01.01.00.00.-0614","titel":"L\u00fcbecker Werkstattbericht","untertitel":"Sechs Vorlesungen an der Medizinischen Universit\u00e4t L\u00fcbeck"}]},{"word":"Die Nonnen","dsets":[{"sig_full":"01.01.00.00.-0464","titel":"Feder & Fl\u00f6te - Dreizehn Gedichte wie Stegreifkompositionen","untertitel":"Geburtstagsst\u00e4ndchen - Willy Brandt"}]},{"word":"Gefl\u00fcgel auf dem Zentralfriedhof","dsets":[{"sig_full":"01.01.00.00.-0464","titel":"Feder & Fl\u00f6te - Dreizehn Gedichte wie Stegreifkompositionen","untertitel":"Geburtstagsst\u00e4ndchen - Willy Brandt"}]},{"word":"Kurzschlu\u00df","dsets":[{"sig_full":"01.01.00.00.-0464","titel":"Feder & Fl\u00f6te - Dreizehn Gedichte wie Stegreifkompositionen","untertitel":"Geburtstagsst\u00e4ndchen - Willy Brandt"},{"sig_full":"01.01.00.00.-0606","titel":"Lyrische Beute - Gedichte aus f\u00fcnfzig Jahren","untertitel":"Rohmaterial zur sp\u00e4teren Ver\u00f6ffentlichung \"Lyrische Beute\" auf 3 CDs"},{"sig_full":"01.01.00.00.-0187","titel":"Gleisdreieck","untertitel":"G\u00fcnter Grass liest 7 Gedichte"},{"sig_full":"01.01.00.00.-0001","titel":"Gleisdreieck","untertitel":"G\u00fcnter Grass liest siebzehn eigene Gedichte"}]},{"word":"Demian","dsets":[{"sig_full":"01.01.00.00.-1483","titel":"Was gilt die deutsche Literatur im Ausland?","untertitel":"Eindr\u00fccke aus Nordamerika"}]},{"word":"Der Steppenwolf","dsets":[{"sig_full":"01.01.00.00.-1483","titel":"Was gilt die deutsche Literatur im Ausland?","untertitel":"Eindr\u00fccke aus Nordamerika"}]},{"word":"Das Glasperlenspiel","dsets":[{"sig_full":"01.01.00.00.-1483","titel":"Was gilt die deutsche Literatur im Ausland?","untertitel":"Eindr\u00fccke aus Nordamerika"}]},{"word":"The World of G\u00fcnter Grass","dsets":[{"sig_full":"01.01.00.00.-1483","titel":"Was gilt die deutsche Literatur im Ausland?","untertitel":"Eindr\u00fccke aus Nordamerika"}]},{"word":"Galileo Galilei","dsets":[{"sig_full":"01.01.00.00.-1483","titel":"Was gilt die deutsche Literatur im Ausland?","untertitel":"Eindr\u00fccke aus Nordamerika"}]},{"word":"Hochzeitsgesellschaft","dsets":[{"sig_full":"01.01.00.00.-1483","titel":"Was gilt die deutsche Literatur im Ausland?","untertitel":"Eindr\u00fccke aus Nordamerika"}]},{"word":"Todesfuge","dsets":[{"sig_full":"01.01.00.00.-1747","titel":"Gespr\u00e4ch mit einer Berliner Schulklasse 1963","untertitel":"Ausschnitt aus \"Katz und Maus\" und Diskussion"},{"sig_full":"01.01.00.00.-1749","titel":"Literatur ohne Lesebuch - G\u00fcnter Grass diskutiert mit Berliner Sch\u00fclern in Neuk\u00f6lln","untertitel":"G\u00fcnter Grass liest und stellt sich den kritischen Fragen von Sch\u00fclern"}]},{"word":"Der Besuch der alten Dame","dsets":[{"sig_full":"01.01.00.00.-1747","titel":"Gespr\u00e4ch mit einer Berliner Schulklasse 1963","untertitel":"Ausschnitt aus \"Katz und Maus\" und Diskussion"},{"sig_full":"01.01.00.00.-1749","titel":"Literatur ohne Lesebuch - G\u00fcnter Grass diskutiert mit Berliner Sch\u00fclern in Neuk\u00f6lln","untertitel":"G\u00fcnter Grass liest und stellt sich den kritischen Fragen von Sch\u00fclern"}]},{"word":"Klage und Gebet der Gesindek\u00f6chin Amanda Woyke","dsets":[{"sig_full":"01.01.00.00.-0091","titel":"Der Butt - Warum Kartoffelsuppe himmlisch schmeckt","untertitel":"G\u00fcnter Grass liest aus seinem Roman"},{"sig_full":"01.01.00.00.-0614","titel":"L\u00fcbecker Werkstattbericht","untertitel":"Sechs Vorlesungen an der Medizinischen Universit\u00e4t L\u00fcbeck"}]},{"word":"Fr\u00fchschichten","dsets":[{"sig_full":"01.01.00.00.-0289","titel":"Hundejahre - Kapitel: Fr\u00fchschichten","untertitel":"Mit einleitender \u00dcbersicht \u00fcber den Roman von Walter H\u00f6llerer"}]},{"word":"Im Hinterhof. Bericht \u00fcber eine Reise nach Nicaragua.","dsets":[{"sig_full":"01.01.00.00.-0236","titel":"\u00dcber Nicaragua - Interview mit G\u00fcnter Grass","untertitel":null}]},{"word":"Deutschstunde","dsets":[{"sig_full":"01.01.00.00.-1177","titel":"Aufstand des Wortes","untertitel":"50 Jahre Gruppe 47"},{"sig_full":"01.01.00.00.-1486","titel":"Siegfried Lenz und G\u00fcnter Grass als Wahlhelfer 1971","untertitel":"Wahlkampf in Schleswig-Holstein"}]},{"word":"Tango notturno","dsets":[{"sig_full":"01.01.00.00.-0785","titel":"G\u00fcnter Grass und sein verstorbener Freund Walter H\u00f6llerer","untertitel":"Die Dokumentation"}]},{"word":"Tango mortale","dsets":[{"sig_full":"01.01.00.00.-0785","titel":"G\u00fcnter Grass und sein verstorbener Freund Walter H\u00f6llerer","untertitel":"Die Dokumentation"},{"sig_full":"01.01.00.00.-0603","titel":"G\u00fcnter Grass zum 75. Geburtstag - Freunde lesen Grass","untertitel":"G\u00fcnter Grass in der freien Akademie der K\u00fcnste in Hamburg"}]},{"word":"Military Blues","dsets":[{"sig_full":"01.01.00.00.-0785","titel":"G\u00fcnter Grass und sein verstorbener Freund Walter H\u00f6llerer","untertitel":"Die Dokumentation"}]},{"word":"Walter H\u00f6llerer nachgerufen","dsets":[{"sig_full":"01.01.00.00.-0785","titel":"G\u00fcnter Grass und sein verstorbener Freund Walter H\u00f6llerer","untertitel":"Die Dokumentation"}]},{"word":"Lexikon der Weltliteratur","dsets":[{"sig_full":"01.01.00.00.-0771","titel":"\"Zunge Zeigen\" als unscheinbares Reisetagebuch","untertitel":"Titel, Thesen, Temperamente: 40. internationale Buchmesse Frankfurt 1988"}]},{"word":"Der Literaturbrockhaus","dsets":[{"sig_full":"01.01.00.00.-0771","titel":"\"Zunge Zeigen\" als unscheinbares Reisetagebuch","untertitel":"Titel, Thesen, Temperamente: 40. internationale Buchmesse Frankfurt 1988"}]},{"word":"Harenbergs Lexikon der Weltliteratur","dsets":[{"sig_full":"01.01.00.00.-0771","titel":"\"Zunge Zeigen\" als unscheinbares Reisetagebuch","untertitel":"Titel, Thesen, Temperamente: 40. internationale Buchmesse Frankfurt 1988"}]},{"word":"Literaturlexikon","dsets":[{"sig_full":"01.01.00.00.-0771","titel":"\"Zunge Zeigen\" als unscheinbares Reisetagebuch","untertitel":"Titel, Thesen, Temperamente: 40. internationale Buchmesse Frankfurt 1988"}]},{"word":"Kindlers Neues Literaturlexikon","dsets":[{"sig_full":"01.01.00.00.-0771","titel":"\"Zunge Zeigen\" als unscheinbares Reisetagebuch","untertitel":"Titel, Thesen, Temperamente: 40. internationale Buchmesse Frankfurt 1988"}]},{"word":"Der Wanderer","dsets":[{"sig_full":"01.01.00.00.-0771","titel":"\"Zunge Zeigen\" als unscheinbares Reisetagebuch","untertitel":"Titel, Thesen, Temperamente: 40. internationale Buchmesse Frankfurt 1988"}]},{"word":"Zeit des Fasans","dsets":[{"sig_full":"01.01.00.00.-0771","titel":"\"Zunge Zeigen\" als unscheinbares Reisetagebuch","untertitel":"Titel, Thesen, Temperamente: 40. internationale Buchmesse Frankfurt 1988"}]},{"word":"Suche","dsets":[{"sig_full":"01.01.00.00.-0771","titel":"\"Zunge Zeigen\" als unscheinbares Reisetagebuch","untertitel":"Titel, Thesen, Temperamente: 40. internationale Buchmesse Frankfurt 1988"}]},{"word":"Sinn und Form","dsets":[{"sig_full":"01.01.00.00.-0771","titel":"\"Zunge Zeigen\" als unscheinbares Reisetagebuch","untertitel":"Titel, Thesen, Temperamente: 40. internationale Buchmesse Frankfurt 1988"}]},{"word":"Die letzte Welt","dsets":[{"sig_full":"01.01.00.00.-0771","titel":"\"Zunge Zeigen\" als unscheinbares Reisetagebuch","untertitel":"Titel, Thesen, Temperamente: 40. internationale Buchmesse Frankfurt 1988"}]},{"word":"Metamorphosen","dsets":[{"sig_full":"01.01.00.00.-0771","titel":"\"Zunge Zeigen\" als unscheinbares Reisetagebuch","untertitel":"Titel, Thesen, Temperamente: 40. internationale Buchmesse Frankfurt 1988"}]},{"word":"Tabu 2","dsets":[{"sig_full":"01.01.00.00.-0905","titel":"Peter R\u00fchmkorf und G\u00fcnter Grass auf der Frankfurter Buchmesse 2004","untertitel":"Literaturforum im NWR"}]},{"word":"F\u00fcnf Jahrzehnte","dsets":[{"sig_full":"01.01.00.00.-0905","titel":"Peter R\u00fchmkorf und G\u00fcnter Grass auf der Frankfurter Buchmesse 2004","untertitel":"Literaturforum im NWR"},{"sig_full":"01.01.00.00.-0833","titel":"ARD Morgenmagazin 6.10.2004","untertitel":"G\u00fcnter Grass als K\u00fcnstler"}]},{"word":"Wenn ich mal richtig ICH sag","dsets":[{"sig_full":"01.01.00.00.-0905","titel":"Peter R\u00fchmkorf und G\u00fcnter Grass auf der Frankfurter Buchmesse 2004","untertitel":"Literaturforum im NWR"}]},{"word":"Die Jahre, die ihr kennt","dsets":[{"sig_full":"01.01.00.00.-0905","titel":"Peter R\u00fchmkorf und G\u00fcnter Grass auf der Frankfurter Buchmesse 2004","untertitel":"Literaturforum im NWR"}]},{"word":"Das lyrische Weltbild der Nachkriegsdeutschen","dsets":[{"sig_full":"01.01.00.00.-0905","titel":"Peter R\u00fchmkorf und G\u00fcnter Grass auf der Frankfurter Buchmesse 2004","untertitel":"Literaturforum im NWR"}]},{"word":"Peer Gynt","dsets":[{"sig_full":"01.01.00.00.-0905","titel":"Peter R\u00fchmkorf und G\u00fcnter Grass auf der Frankfurter Buchmesse 2004","untertitel":"Literaturforum im NWR"}]},{"word":"Widerstand lernen und politische Gegenreden 1980-1983","dsets":[{"sig_full":"01.01.00.00.-0103","titel":"Die R\u00e4ttin","untertitel":"Interview mit G\u00fcnter Grass \u00fcber seinen Roman (tel.)"}]},{"word":"Wer k\u00f6nnte uns das Wasser reichen","dsets":[{"sig_full":"01.01.00.00.-0302","titel":"Anno 62 - Junge Deutsche Autoren (II): Der Trommler: G\u00fcnter Grass","untertitel":null}]},{"word":"Ideen. Das Buch Le Grand","dsets":[{"sig_full":"01.01.00.00.-0302","titel":"Anno 62 - Junge Deutsche Autoren (II): Der Trommler: G\u00fcnter Grass","untertitel":null}]},{"word":"R\u00fcckblick auf die Blechtrommel oder Der Autor als fragw\u00fcrdiger Zeuge","dsets":[{"sig_full":"01.01.00.00.-0603","titel":"G\u00fcnter Grass zum 75. Geburtstag - Freunde lesen Grass","untertitel":"G\u00fcnter Grass in der freien Akademie der K\u00fcnste in Hamburg"}]},{"word":"Kartoffelschalen","dsets":[{"sig_full":"01.01.00.00.-0603","titel":"G\u00fcnter Grass zum 75. Geburtstag - Freunde lesen Grass","untertitel":"G\u00fcnter Grass in der freien Akademie der K\u00fcnste in Hamburg"}]},{"word":"Bebel zu Gast","dsets":[{"sig_full":"01.01.00.00.-0603","titel":"G\u00fcnter Grass zum 75. Geburtstag - Freunde lesen Grass","untertitel":"G\u00fcnter Grass in der freien Akademie der K\u00fcnste in Hamburg"}]},{"word":"K der K\u00e4fer","dsets":[{"sig_full":"01.01.00.00.-0603","titel":"G\u00fcnter Grass zum 75. Geburtstag - Freunde lesen Grass","untertitel":"G\u00fcnter Grass in der freien Akademie der K\u00fcnste in Hamburg"}]},{"word":"M\u00f6bel im Freien","dsets":[{"sig_full":"01.01.00.00.-0603","titel":"G\u00fcnter Grass zum 75. Geburtstag - Freunde lesen Grass","untertitel":"G\u00fcnter Grass in der freien Akademie der K\u00fcnste in Hamburg"},{"sig_full":"01.01.00.00.-0606","titel":"Lyrische Beute - Gedichte aus f\u00fcnfzig Jahren","untertitel":"Rohmaterial zur sp\u00e4teren Ver\u00f6ffentlichung \"Lyrische Beute\" auf 3 CDs"}]},{"word":"Grau","dsets":[{"sig_full":"01.01.00.00.-0603","titel":"G\u00fcnter Grass zum 75. Geburtstag - Freunde lesen Grass","untertitel":"G\u00fcnter Grass in der freien Akademie der K\u00fcnste in Hamburg"},{"sig_full":"01.01.00.00.-0606","titel":"Lyrische Beute - Gedichte aus f\u00fcnfzig Jahren","untertitel":"Rohmaterial zur sp\u00e4teren Ver\u00f6ffentlichung \"Lyrische Beute\" auf 3 CDs"}]},{"word":"Stiller Abend","dsets":[{"sig_full":"01.01.00.00.-0603","titel":"G\u00fcnter Grass zum 75. Geburtstag - Freunde lesen Grass","untertitel":"G\u00fcnter Grass in der freien Akademie der K\u00fcnste in Hamburg"},{"sig_full":"01.01.00.00.-0606","titel":"Lyrische Beute - Gedichte aus f\u00fcnfzig Jahren","untertitel":"Rohmaterial zur sp\u00e4teren Ver\u00f6ffentlichung \"Lyrische Beute\" auf 3 CDs"},{"sig_full":"01.01.00.00.-0263","titel":"Ausgefragt","untertitel":"G\u00fcnter Grass liest 6 eigene Gedichte aus seinem Lyrikband"}]},{"word":"Der Vater","dsets":[{"sig_full":"01.01.00.00.-0603","titel":"G\u00fcnter Grass zum 75. Geburtstag - Freunde lesen Grass","untertitel":"G\u00fcnter Grass in der freien Akademie der K\u00fcnste in Hamburg"},{"sig_full":"01.01.00.00.-0606","titel":"Lyrische Beute - Gedichte aus f\u00fcnfzig Jahren","untertitel":"Rohmaterial zur sp\u00e4teren Ver\u00f6ffentlichung \"Lyrische Beute\" auf 3 CDs"}]},{"word":"Augenblickliches Gl\u00fcck","dsets":[{"sig_full":"01.01.00.00.-0603","titel":"G\u00fcnter Grass zum 75. Geburtstag - Freunde lesen Grass","untertitel":"G\u00fcnter Grass in der freien Akademie der K\u00fcnste in Hamburg"}]},{"word":"Zuletzt drei W\u00fcnsche","dsets":[{"sig_full":"01.01.00.00.-0603","titel":"G\u00fcnter Grass zum 75. Geburtstag - Freunde lesen Grass","untertitel":"G\u00fcnter Grass in der freien Akademie der K\u00fcnste in Hamburg"}]},{"word":"Das Gewicht der Welt","dsets":[{"sig_full":"01.01.00.00.-0701","titel":"Buchmesse in Frankfurt","untertitel":"Tagesschau"}]},{"word":"Calcutta-Bl\u00e4tter","dsets":[{"sig_full":"01.01.00.00.-0054","titel":"Ich bin ein Zeit-Genosse","untertitel":"Gespr\u00e4ch mit G\u00fcnter Grass \u00fcber Deutscht\u00fcmelei, Kulturprotzerei und seine Vers\u00f6hnung mit Bremen"},{"sig_full":"01.01.00.00.-0580","titel":"Calcutta - Er\u00f6ffnung der Ausstellung mit Calcutta-Bl\u00e4ttern von Grass aus dem Besitz der Freien Hansestadt Bremen","untertitel":null}]},{"word":"Des Kaisers neue Kleider","dsets":[{"sig_full":"01.01.00.00.-0480","titel":"Phantasie als Existenznotwendigkeit","untertitel":"Siegfried Lenz im Gespr\u00e4ch mit G\u00fcnter Grass"},{"sig_full":"01.01.00.00.-0125","titel":"Des Kaisers neue Kleider","untertitel":"Dich singe ich, Demokratie - Rede im Bundestagswahlkampf 1965 im Audimax der Technischen Hochschule Braunschweig"},{"sig_full":"01.01.00.00.-0524","titel":"Illustrationen zu M\u00e4rchen von Hans Christian Andersen","untertitel":"Ausstellungser\u00f6ffnung in Leipzig, Neues Bildermuseum"},{"sig_full":"01.01.00.00.-1226","titel":"Spectrum: G\u00fcnter Grass zum Paragraphen 218","untertitel":null},{"sig_full":"01.01.00.00.-1929","titel":"\"Der Butt im Griff\" und \"der Schatten\" in D\u00e4nemark","untertitel":null}]},{"word":"Der Mythos von Sisyphos","dsets":[{"sig_full":"01.01.00.00.-0480","titel":"Phantasie als Existenznotwendigkeit","untertitel":"Siegfried Lenz im Gespr\u00e4ch mit G\u00fcnter Grass"},{"sig_full":"01.01.00.00.-0937","titel":"Zum Tod von Czeslaw Milosz","untertitel":"Eine pers\u00f6nliche Erinnerung"},{"sig_full":"01.01.00.00.-0614","titel":"L\u00fcbecker Werkstattbericht","untertitel":"Sechs Vorlesungen an der Medizinischen Universit\u00e4t L\u00fcbeck"}]},{"word":"Pueblo","dsets":[{"sig_full":"01.01.00.00.-1498","titel":"Die Bedeutung der lateinamerikanischen Literatur (span.)","untertitel":"Horizonte - El Festival americana Berlina"}]},{"word":"Ejemplo","dsets":[{"sig_full":"01.01.00.00.-1498","titel":"Die Bedeutung der lateinamerikanischen Literatur (span.)","untertitel":"Horizonte - El Festival americana Berlina"}]},{"word":"Primero de Enero","dsets":[{"sig_full":"01.01.00.00.-1498","titel":"Die Bedeutung der lateinamerikanischen Literatur (span.)","untertitel":"Horizonte - El Festival americana Berlina"}]},{"word":"El llano en llamas","dsets":[{"sig_full":"01.01.00.00.-1498","titel":"Die Bedeutung der lateinamerikanischen Literatur (span.)","untertitel":"Horizonte - El Festival americana Berlina"}]},{"word":"La sombra del Caudillo","dsets":[{"sig_full":"01.01.00.00.-1498","titel":"Die Bedeutung der lateinamerikanischen Literatur (span.)","untertitel":"Horizonte - El Festival americana Berlina"}]},{"word":"Amazonas","dsets":[{"sig_full":"01.01.00.00.-1498","titel":"Die Bedeutung der lateinamerikanischen Literatur (span.)","untertitel":"Horizonte - El Festival americana Berlina"}]},{"word":"Ende der Bescheidenheit","dsets":[{"sig_full":"01.01.00.00.-1342","titel":"Funkhausgespr\u00e4che:  Erfahrungen ihrer Zeit","untertitel":"Livediskussion aus dem Kleinen Sendesaal des K\u00f6lner Funkhauses: Eine Sendung anl\u00e4\u00dflich des 30-j\u00e4hrigen Bestehens des Verbandes deutscher Schriftsteller"}]},{"word":"Zukunftsmusik oder Der Mehlwurm spricht","dsets":[{"sig_full":"01.01.00.00.-0536","titel":"Zukunftsmusik oder Der Mehlwurm spricht - Rede \u00fcber das Geld","untertitel":"Vortrag vor der Europ\u00e4ischen Investitionsbank im Bremer Rathaus am 19. Oktober 2000"},{"sig_full":"01.01.00.00.-0552","titel":"Zukunftsmusik oder: Der Mehlwurm spricht - Rede \u00fcber das Geld (mit Vorreden)","untertitel":"Vortrag vor der Europ\u00e4ischen Investitionsbank im Bremer Rathaus am 19. Oktober 2000 mit  Vorrednern"}]},{"word":"Die Linksh\u00e4nder","dsets":[{"sig_full":"01.01.00.00.-1126","titel":"Die Linksh\u00e4nder","untertitel":null},{"sig_full":"01.01.00.00.-0150","titel":"Die Linksh\u00e4nder (bulgar.)","untertitel":"kein O-Ton Grass"},{"sig_full":"01.01.00.00.-0149","titel":"Die Linksh\u00e4nder (slowen.)","untertitel":"kein O-Ton Grass"}]},{"word":"Lyrische Beute","dsets":[{"sig_full":"01.01.00.00.-1202","titel":"WestArt: G\u00fcnter Grass: Grafik und Skulptur","untertitel":"Ausstellung: \"Ohne die Feder zu wechseln\""},{"sig_full":"01.01.00.00.-0606","titel":"Lyrische Beute - Gedichte aus f\u00fcnfzig Jahren","untertitel":"Rohmaterial zur sp\u00e4teren Ver\u00f6ffentlichung \"Lyrische Beute\" auf 3 CDs"}]},{"word":"Durch die Erde ein Riss","dsets":[{"sig_full":"01.01.00.00.-1153","titel":"Kurzportr\u00e4t: Loest wird 70","untertitel":null}]},{"word":"Es geht seinen Gang oder M\u00fchen in unserer Ebene","dsets":[{"sig_full":"01.01.00.00.-1153","titel":"Kurzportr\u00e4t: Loest wird 70","untertitel":null}]},{"word":"Zehn Minuten bis Buffalo","dsets":[{"sig_full":"01.01.00.00.-0119","titel":"Gespr\u00e4ch mit G\u00fcnter Grass","untertitel":null}]},{"word":"Das steinerne Brautbett","dsets":[{"sig_full":"01.01.00.00.-1014","titel":"Gespr\u00e4ch mit Lohr","untertitel":null}]},{"word":"Schlachthaus Nummer 5","dsets":[{"sig_full":"01.01.00.00.-1014","titel":"Gespr\u00e4ch mit Lohr","untertitel":null}]},{"word":"Kleiner Mann, was nun?","dsets":[{"sig_full":"01.01.00.00.-1014","titel":"Gespr\u00e4ch mit Lohr","untertitel":null}]},{"word":"Der Untertan","dsets":[{"sig_full":"01.01.00.00.-1014","titel":"Gespr\u00e4ch mit Lohr","untertitel":null},{"sig_full":"01.01.00.00.-0614","titel":"L\u00fcbecker Werkstattbericht","untertitel":"Sechs Vorlesungen an der Medizinischen Universit\u00e4t L\u00fcbeck"}]},{"word":"Hundejahre, Aus dem Tagebuch einer Schnecke","dsets":[{"sig_full":"01.01.00.00.-0121","titel":"Erinnerungen an Danzig","untertitel":"Gespr\u00e4ch mit G\u00fcnter Grass"}]},{"word":"Menschheit am Wendepunkt","dsets":[{"sig_full":"01.01.00.00.-0102","titel":"Fortgeschrittener Wahnsinn","untertitel":null}]},{"word":"Mannomann","dsets":[{"sig_full":"01.01.00.00.-0102","titel":"Fortgeschrittener Wahnsinn","untertitel":null}]},{"word":"Kontinent (Zeitschrift)","dsets":[{"sig_full":"01.01.00.00.-0102","titel":"Fortgeschrittener Wahnsinn","untertitel":null}]},{"word":"Die Meinungsfreitheit des K\u00fcnstlers in unserer Gesellschaft","dsets":[{"sig_full":"01.01.00.00.-0309","titel":"Bringt die Ost-West-Entspannung Gefahren f\u00fcr die Intellektuellen? - Bericht \u00fcber eine Europarattagung in Florenz","untertitel":"Bericht \u00fcber eine Europarattagung in Florenz"}]},{"word":"Die Korrekturen","dsets":[{"sig_full":"01.01.00.00.-1811","titel":"Nachruf zum Tod von Helmut Frielinghaus","untertitel":"G\u00fcnter Grass und Denis Scheck im Telefoninterview"}]},{"word":"Mein Schutzengel","dsets":[{"sig_full":"01.01.00.00.-1171","titel":"Mein Schutzengel","untertitel":null},{"sig_full":"01.01.00.00.-0606","titel":"Lyrische Beute - Gedichte aus f\u00fcnfzig Jahren","untertitel":"Rohmaterial zur sp\u00e4teren Ver\u00f6ffentlichung \"Lyrische Beute\" auf 3 CDs"}]},{"word":"Als ich 32 Jahre alt war, wurde ich ber\u00fchmt","dsets":[{"sig_full":"01.01.00.00.-1416","titel":"Lutz G\u00f6rner rezitiert Grass","untertitel":"Folge 182"}]},{"word":"Vom H\u00f6rensagen","dsets":[{"sig_full":"01.01.00.00.-1416","titel":"Lutz G\u00f6rner rezitiert Grass","untertitel":"Folge 182"}]},{"word":"Chicago der W\u00fcste","dsets":[{"sig_full":"01.01.00.00.-1356","titel":"Vom \"Leeren Viertel\"","untertitel":"G\u00fcnter Grass im Jemen"}]},{"word":"Tour de Jemen","dsets":[{"sig_full":"01.01.00.00.-1356","titel":"Vom \"Leeren Viertel\"","untertitel":"G\u00fcnter Grass im Jemen"},{"sig_full":"01.01.00.00.-1925","titel":"F\u00fcr elf Tage im Jemen","untertitel":"Die begleitete Jemen-Reise als Staatsgast"}]},{"word":"Der Mann ohne Eigenschaften","dsets":[{"sig_full":"01.01.00.00.-1851","titel":"Res\u00fcmee zur Medienresonanz des israelkritischen Gedichts","untertitel":null}]},{"word":"West-\u00f6stliches H\u00f6llengel\u00e4chter","dsets":[{"sig_full":"01.01.00.00.-1793","titel":"Rede vor dem internationalen PEN-Kongress in New York 1986","untertitel":null}]},{"word":"Das deutsche Kettens\u00e4genmassaker","dsets":[{"sig_full":"01.01.00.00.-1368","titel":"Was ist heute links?","untertitel":"Kurzstatements"}]},{"word":"Bertolt Brecht: Leben Eduards des Zweiten","dsets":[{"sig_full":"01.01.00.00.-0326","titel":"\u00dcber Lion Feuchtwanger - Gespr\u00e4ch mit G\u00fcnter Grass","untertitel":null}]},{"word":"Feuchtwanger, Lion: Jud S\u00fc\u00df, Exil, Die Geschwister Oppenheim, Erfolg, Maultasch","dsets":[{"sig_full":"01.01.00.00.-0326","titel":"\u00dcber Lion Feuchtwanger - Gespr\u00e4ch mit G\u00fcnter Grass","untertitel":null}]},{"word":"Fontane, Theodor: Der Stechlin","dsets":[{"sig_full":"01.01.00.00.-0326","titel":"\u00dcber Lion Feuchtwanger - Gespr\u00e4ch mit G\u00fcnter Grass","untertitel":null}]},{"word":"Schwierigkeiten eines Vaters, seinen Kindern Auschwitz zu erkl\u00e4ren","dsets":[{"sig_full":"01.01.00.00.-1371","titel":"Gespr\u00e4ch mit G\u00fcnter Grass zum Golfkrieg und zur sozialen Situation der DDR","untertitel":null}]},{"word":"Seelandschaft mit Pocahontas","dsets":[{"sig_full":"01.01.00.00.-1369","titel":"Bericht \u00fcber eine Tagung in Rendsburg","untertitel":"Begegnungen mit Arno Schmidt"},{"sig_full":"01.01.00.00.-1733","titel":"Er\u00f6ffnung der Sonderausstellung \"Arno Schmidt.  Der Schriftsteller als Fotograf\"  in L\u00fcbeck","untertitel":"Vernissage mit G\u00fcnter Grass in der Katharinenkirche"}]},{"word":"In Kupfer, auf Stein","dsets":[{"sig_full":"01.01.00.00.-0908","titel":"Gespr\u00e4chzeit am Sonntag","untertitel":null}]},{"word":"Vor- und Nachgeschichte der Trag\u00f6die des Coriolanus von Livius und Plutarch \u00fcber Shakespeare bis zu Brecht und mir","dsets":[{"sig_full":"01.01.00.00.-1750","titel":"G\u00fcnter Grass diskutiert mit Sch\u00fclern des Berliner Humboldt-Gymnasiums","untertitel":"Lesung aus dem vierten Akt \"Die Plebejer proben den Aufstand\""}]},{"word":"Unruhe als erste B\u00fcrgerpflicht","dsets":[{"sig_full":"01.01.00.00.-1750","titel":"G\u00fcnter Grass diskutiert mit Sch\u00fclern des Berliner Humboldt-Gymnasiums","untertitel":"Lesung aus dem vierten Akt \"Die Plebejer proben den Aufstand\""}]},{"word":"Konflikte. Rede zur Verleihung des Theodor-Heuss-Preises","dsets":[{"sig_full":"01.01.00.00.-0084","titel":"Das Wappentier der Republik - G\u00fcnter Grass","untertitel":"Portr\u00e4t anl\u00e4\u00dflich des 70. Geburtstages (mit zahlreichen O-T\u00f6nen)"}]},{"word":"L 76. Demokratie und Sozialismus","dsets":[{"sig_full":"01.01.00.00.-0084","titel":"Das Wappentier der Republik - G\u00fcnter Grass","untertitel":"Portr\u00e4t anl\u00e4\u00dflich des 70. Geburtstages (mit zahlreichen O-T\u00f6nen)"}]},{"word":"Vom Recht auf Widerstand","dsets":[{"sig_full":"01.01.00.00.-0084","titel":"Das Wappentier der Republik - G\u00fcnter Grass","untertitel":"Portr\u00e4t anl\u00e4\u00dflich des 70. Geburtstages (mit zahlreichen O-T\u00f6nen)"}]},{"word":"Oskar-Tulla-Mahlke","dsets":[{"sig_full":"01.01.00.00.-1028","titel":"Kleckerburg verloren","untertitel":"G\u00fcnter Grass - Von Danzig nach Gdansk"}]},{"word":"M\u00e4usefest","dsets":[{"sig_full":"01.01.00.00.-0315","titel":"Lesung (u.a. aus \"Onkel, Onkel\")","untertitel":null}]},{"word":"Kleckerburg, Gesamtdeutscher M\u00e4rz","dsets":[{"sig_full":"01.01.00.00.-0315","titel":"Lesung (u.a. aus \"Onkel, Onkel\")","untertitel":null}]},{"word":"Wer schweigt, wird schuldig","dsets":[{"sig_full":"01.01.00.00.-0292","titel":"Offener Brief an die Mitglieder des Schriftstellerverbandes der DDR","untertitel":"Aufforderung zur Stellungnahme zur Spaltungsaktion vom 13. August 1961 Stellung zu nehmen"},{"sig_full":"01.01.00.00.-1308","titel":"Das muss raus","untertitel":"DLF- Podcast vom 12.08.2008"}]},{"word":"Kopfgeburten der Die Deutschen sterben aus","dsets":[{"sig_full":"01.01.00.00.-0323","titel":"Kopfgeburten oder Die Deutschen sterben aus (Auszug)","untertitel":"Anthologie live- Mitschnitt einer Autorenlesung am 29.02. 1980 im Hofbr\u00e4uhaus M\u00fcnchen anl\u00e4sslich des V. Schriftstellerkongresses des VS in der IG Druck und Papier"}]},{"word":"Deutschland, einig Vaterland?","dsets":[{"sig_full":"01.01.00.00.-0756","titel":"Deutschland, einig Vaterland? Ein Streitgespr\u00e4ch","untertitel":"Ausschnitt aus dem Streitgespr\u00e4ch zwischen Rudolf Augustein und G\u00fcnter Grass"}]},{"word":"Kurze Rede eines vaterlandslosen Gesellen","dsets":[{"sig_full":"01.01.00.00.-0756","titel":"Deutschland, einig Vaterland? Ein Streitgespr\u00e4ch","untertitel":"Ausschnitt aus dem Streitgespr\u00e4ch zwischen Rudolf Augustein und G\u00fcnter Grass"},{"sig_full":"01.01.00.00.-0330","titel":"Neue Antworten auf die deutsche Frage - Dokumentation eines deutsch-deutschen Gespr\u00e4chs in der Evangelischen Akademie in Tutzing vom 31. Januar und 1. Februar 1990","untertitel":"Mit Beitr\u00e4gen von Hans-Dietrich Genscher, Willy Brandt, G\u00fcnter Grass und G\u00fcnter de Bruyn"}]},{"word":"\u00dcber das Ja und das Nein","dsets":[{"sig_full":"01.01.00.00.-1481","titel":"Das Ja und das Nein","untertitel":"Bericht \u00fcber die Verleihung  Carl-von-Ossietzky-Medaille an G\u00fcnter Grass"},{"sig_full":"01.01.00.00.-1741","titel":"Stellungnahmen zu Carl von Ossietzky und der Medaillen-Verleihung","untertitel":"G\u00fcnter Grass und Kai Herrmann sprechen \u00fcber den Preis"},{"sig_full":"01.01.00.00.-1882","titel":"Redeausschnitt zur Verleihung der Carl-von Ossietzky-Medaille","untertitel":null}]},{"word":"Die Gans und die f\u00fcnf K\u00f6che","dsets":[{"sig_full":"01.01.00.00.-0652","titel":"Ballett: die ruhelose Kunst","untertitel":null}]},{"word":"Stoffreste","dsets":[{"sig_full":"01.01.00.00.-0652","titel":"Ballett: die ruhelose Kunst","untertitel":null}]},{"word":"F\u00fcnf K\u00f6che","dsets":[{"sig_full":"01.01.00.00.-0652","titel":"Ballett: die ruhelose Kunst","untertitel":null}]},{"word":"Die Vogelscheuchen","dsets":[{"sig_full":"01.01.00.00.-0652","titel":"Ballett: die ruhelose Kunst","untertitel":null},{"sig_full":"01.01.00.00.-0664","titel":"Petra Pascal singt das Gedicht 'Die Vogelscheuche' von G\u00fcnter Grass","untertitel":"Treffpunkt Studio 6"}]},{"word":"Gebrannte Erde","dsets":[{"sig_full":"01.01.00.00.-0360","titel":"Gebrannte Erde","untertitel":"Rohmaterial der Lesung f\u00fcr \"Extratext\""}]},{"word":"Als vom Butt die Gr\u00e4ten \u00fcbrig geblieben waren","dsets":[{"sig_full":"01.01.00.00.-0360","titel":"Gebrannte Erde","untertitel":"Rohmaterial der Lesung f\u00fcr \"Extratext\""}]},{"word":"Die Wenigen und die Vielen","dsets":[{"sig_full":"01.01.00.00.-1019","titel":"Harro Zimmermann spricht mit G\u00fcnter Grass","untertitel":null}]},{"word":"Sonnenallee","dsets":[{"sig_full":"01.01.00.00.-1209","titel":"Kulturszene: VS-Jubil\u00e4umskongress","untertitel":"Verband Deutscher Schriftsteller"}]},{"word":"Nie wieder schweigen","dsets":[{"sig_full":"01.01.00.00.-1207","titel":"Morgenmagazin: Internationaler PEN Kongress in Moskau","untertitel":"Erste PEN Konferenz in Russland"},{"sig_full":"01.01.00.00.-1918","titel":"Warnung vor Beschr\u00e4nkungen der demokratischen Freiheiten in Russland","untertitel":"Welt - P.E.N. Kongress Moskau 2000"},{"sig_full":"01.01.00.00.-1919","titel":"Scharfe Kritik in Moskau an Russlands Tschetschenienkrieg","untertitel":null},{"sig_full":"01.01.00.00.-1917","titel":"PEN-Weltkongress zum Thema Pressefreiheit","untertitel":null},{"sig_full":"01.01.00.00.-1577","titel":"Thema Tschetschenien-Krieg auf dem internationalen PEN-Kongress 2000","untertitel":"Kongress unbeachtet von den russischen Medien"},{"sig_full":"01.01.00.00.-0561","titel":"PEN-Kongre\u00df in Moskau - ARD-Tagesthemen","untertitel":"Sind die Dichter das gute Gewissen der Politik?"}]},{"word":"Freitag","dsets":[{"sig_full":"01.01.00.00.-1097","titel":"Jazz und Lyrik","untertitel":null}]},{"word":"Kinderjahre","dsets":[{"sig_full":"01.01.00.00.-1531","titel":"Die Deutschen und ihre Dichter","untertitel":"Interview auf der 47. internationalen Frankfurter Buchmesse 1995"}]},{"word":"Irrungen, Wirrungen","dsets":[{"sig_full":"01.01.00.00.-1531","titel":"Die Deutschen und ihre Dichter","untertitel":"Interview auf der 47. internationalen Frankfurter Buchmesse 1995"},{"sig_full":"01.01.00.00.-1248","titel":"ZAK: Der Wochendurchblick","untertitel":"G\u00fcnter Grass als Studiogast"}]},{"word":"Da sagte der Butt","dsets":[{"sig_full":"01.01.00.00.-0973","titel":"Wer lacht hier, hat gelacht?","untertitel":"Lyrik und Prosa. Schlagzeug und Percussion auf 2 Tonkassetten."}]},{"word":"Federn blasen","dsets":[{"sig_full":"01.01.00.00.-0795","titel":"Das Haus in der Stadt der sieben T\u00fcrme","untertitel":"Rede von G\u00fcnter Grass anl\u00e4\u00dflich der Feierstunde zum 10. Todestag von Willy Brandt am 7. Oktober 2002, 18 Uhr, Theater L\u00fcbeck"},{"sig_full":"01.01.00.00.-0590","titel":"Das Haus in der Stadt der sieben T\u00fcrme","untertitel":"Rede zum 10. Todestag von Willy Brandt"}]},{"word":"Dich singe ich, Demokratie","dsets":[{"sig_full":"01.01.00.00.-0795","titel":"Das Haus in der Stadt der sieben T\u00fcrme","untertitel":"Rede von G\u00fcnter Grass anl\u00e4\u00dflich der Feierstunde zum 10. Todestag von Willy Brandt am 7. Oktober 2002, 18 Uhr, Theater L\u00fcbeck"},{"sig_full":"01.01.00.00.-0125","titel":"Des Kaisers neue Kleider","untertitel":"Dich singe ich, Demokratie - Rede im Bundestagswahlkampf 1965 im Audimax der Technischen Hochschule Braunschweig"}]},{"word":"Loblied auf Willy","dsets":[{"sig_full":"01.01.00.00.-0795","titel":"Das Haus in der Stadt der sieben T\u00fcrme","untertitel":"Rede von G\u00fcnter Grass anl\u00e4\u00dflich der Feierstunde zum 10. Todestag von Willy Brandt am 7. Oktober 2002, 18 Uhr, Theater L\u00fcbeck"},{"sig_full":"01.01.00.00.-0125","titel":"Des Kaisers neue Kleider","untertitel":"Dich singe ich, Demokratie - Rede im Bundestagswahlkampf 1965 im Audimax der Technischen Hochschule Braunschweig"},{"sig_full":"01.01.00.00.-0952","titel":"Interview mit der Sch\u00fclerzeitung \"Fl\u00fcstert\u00fcte\"","untertitel":"Die Fl\u00fcstert\u00fcte, Sch\u00fclerzeitung des Gymnasiums Meppen"}]},{"word":"Novemberland (1-13)","dsets":[{"sig_full":"01.01.00.00.-0433","titel":"Novemberland - Autorenlesung","untertitel":null}]},{"word":"Hiroshima-Notizen","dsets":[{"sig_full":"01.01.00.00.-1532","titel":"Kenzaburo Oe im Interview (japan.)","untertitel":null}]},{"word":"Bohnen und Birnen","dsets":[{"sig_full":"01.01.00.00.-0606","titel":"Lyrische Beute - Gedichte aus f\u00fcnfzig Jahren","untertitel":"Rohmaterial zur sp\u00e4teren Ver\u00f6ffentlichung \"Lyrische Beute\" auf 3 CDs"},{"sig_full":"01.01.00.00.-0186","titel":"Die Vorz\u00fcge der Windh\u00fchner","untertitel":"G\u00fcnter Grass liest 2 Gedichte (Die Vorz\u00fcge der Windh\u00fchner (01'20''); Bohnen und Birnen (01'00''))"}]},{"word":"Die Schule der Ten\u00f6re","dsets":[{"sig_full":"01.01.00.00.-0606","titel":"Lyrische Beute - Gedichte aus f\u00fcnfzig Jahren","untertitel":"Rohmaterial zur sp\u00e4teren Ver\u00f6ffentlichung \"Lyrische Beute\" auf 3 CDs"}]},{"word":"Mein elfter Finger","dsets":[{"sig_full":"01.01.00.00.-0606","titel":"Lyrische Beute - Gedichte aus f\u00fcnfzig Jahren","untertitel":"Rohmaterial zur sp\u00e4teren Ver\u00f6ffentlichung \"Lyrische Beute\" auf 3 CDs"}]},{"word":"Mi\u00dflungener \u00dcberfall","dsets":[{"sig_full":"01.01.00.00.-0606","titel":"Lyrische Beute - Gedichte aus f\u00fcnfzig Jahren","untertitel":"Rohmaterial zur sp\u00e4teren Ver\u00f6ffentlichung \"Lyrische Beute\" auf 3 CDs"},{"sig_full":"01.01.00.00.-0614","titel":"L\u00fcbecker Werkstattbericht","untertitel":"Sechs Vorlesungen an der Medizinischen Universit\u00e4t L\u00fcbeck"}]},{"word":"Wandlung","dsets":[{"sig_full":"01.01.00.00.-0606","titel":"Lyrische Beute - Gedichte aus f\u00fcnfzig Jahren","untertitel":"Rohmaterial zur sp\u00e4teren Ver\u00f6ffentlichung \"Lyrische Beute\" auf 3 CDs"}]},{"word":"Klappst\u00fchle","dsets":[{"sig_full":"01.01.00.00.-0606","titel":"Lyrische Beute - Gedichte aus f\u00fcnfzig Jahren","untertitel":"Rohmaterial zur sp\u00e4teren Ver\u00f6ffentlichung \"Lyrische Beute\" auf 3 CDs"},{"sig_full":"01.01.00.00.-0001","titel":"Gleisdreieck","untertitel":"G\u00fcnter Grass liest siebzehn eigene Gedichte"}]},{"word":"Lamento bei Regen","dsets":[{"sig_full":"01.01.00.00.-0606","titel":"Lyrische Beute - Gedichte aus f\u00fcnfzig Jahren","untertitel":"Rohmaterial zur sp\u00e4teren Ver\u00f6ffentlichung \"Lyrische Beute\" auf 3 CDs"}]},{"word":"Inventar oder Die Ballade von der zerbrochenen Vase","dsets":[{"sig_full":"01.01.00.00.-0606","titel":"Lyrische Beute - Gedichte aus f\u00fcnfzig Jahren","untertitel":"Rohmaterial zur sp\u00e4teren Ver\u00f6ffentlichung \"Lyrische Beute\" auf 3 CDs"}]},{"word":"Falada","dsets":[{"sig_full":"01.01.00.00.-0606","titel":"Lyrische Beute - Gedichte aus f\u00fcnfzig Jahren","untertitel":"Rohmaterial zur sp\u00e4teren Ver\u00f6ffentlichung \"Lyrische Beute\" auf 3 CDs"},{"sig_full":"01.01.00.00.-0001","titel":"Gleisdreieck","untertitel":"G\u00fcnter Grass liest siebzehn eigene Gedichte"}]},{"word":"Racine l\u00e4\u00dft sein Wappen \u00e4ndern","dsets":[{"sig_full":"01.01.00.00.-0606","titel":"Lyrische Beute - Gedichte aus f\u00fcnfzig Jahren","untertitel":"Rohmaterial zur sp\u00e4teren Ver\u00f6ffentlichung \"Lyrische Beute\" auf 3 CDs"}]},{"word":"Abgelagert","dsets":[{"sig_full":"01.01.00.00.-0606","titel":"Lyrische Beute - Gedichte aus f\u00fcnfzig Jahren","untertitel":"Rohmaterial zur sp\u00e4teren Ver\u00f6ffentlichung \"Lyrische Beute\" auf 3 CDs"}]},{"word":"Frost und Gebi\u00df","dsets":[{"sig_full":"01.01.00.00.-0606","titel":"Lyrische Beute - Gedichte aus f\u00fcnfzig Jahren","untertitel":"Rohmaterial zur sp\u00e4teren Ver\u00f6ffentlichung \"Lyrische Beute\" auf 3 CDs"},{"sig_full":"01.01.00.00.-0614","titel":"L\u00fcbecker Werkstattbericht","untertitel":"Sechs Vorlesungen an der Medizinischen Universit\u00e4t L\u00fcbeck"}]},{"word":"Zwischen Marathon und Athen","dsets":[{"sig_full":"01.01.00.00.-0606","titel":"Lyrische Beute - Gedichte aus f\u00fcnfzig Jahren","untertitel":"Rohmaterial zur sp\u00e4teren Ver\u00f6ffentlichung \"Lyrische Beute\" auf 3 CDs"}]},{"word":"Drei Wochen sp\u00e4ter","dsets":[{"sig_full":"01.01.00.00.-0606","titel":"Lyrische Beute - Gedichte aus f\u00fcnfzig Jahren","untertitel":"Rohmaterial zur sp\u00e4teren Ver\u00f6ffentlichung \"Lyrische Beute\" auf 3 CDs"},{"sig_full":"01.01.00.00.-0187","titel":"Gleisdreieck","untertitel":"G\u00fcnter Grass liest 7 Gedichte"},{"sig_full":"01.01.00.00.-0001","titel":"Gleisdreieck","untertitel":"G\u00fcnter Grass liest siebzehn eigene Gedichte"}]},{"word":"Gl\u00fcck","dsets":[{"sig_full":"01.01.00.00.-0606","titel":"Lyrische Beute - Gedichte aus f\u00fcnfzig Jahren","untertitel":"Rohmaterial zur sp\u00e4teren Ver\u00f6ffentlichung \"Lyrische Beute\" auf 3 CDs"},{"sig_full":"01.01.00.00.-0187","titel":"Gleisdreieck","untertitel":"G\u00fcnter Grass liest 7 Gedichte"}]},{"word":"Saturn","dsets":[{"sig_full":"01.01.00.00.-0606","titel":"Lyrische Beute - Gedichte aus f\u00fcnfzig Jahren","untertitel":"Rohmaterial zur sp\u00e4teren Ver\u00f6ffentlichung \"Lyrische Beute\" auf 3 CDs"}]},{"word":"Schulpause","dsets":[{"sig_full":"01.01.00.00.-0606","titel":"Lyrische Beute - Gedichte aus f\u00fcnfzig Jahren","untertitel":"Rohmaterial zur sp\u00e4teren Ver\u00f6ffentlichung \"Lyrische Beute\" auf 3 CDs"}]},{"word":"Mein gro\u00dfes Ja bildet S\u00e4tze mit kleinem Nein","dsets":[{"sig_full":"01.01.00.00.-0606","titel":"Lyrische Beute - Gedichte aus f\u00fcnfzig Jahren","untertitel":"Rohmaterial zur sp\u00e4teren Ver\u00f6ffentlichung \"Lyrische Beute\" auf 3 CDs"},{"sig_full":"01.01.00.00.-0614","titel":"L\u00fcbecker Werkstattbericht","untertitel":"Sechs Vorlesungen an der Medizinischen Universit\u00e4t L\u00fcbeck"}]},{"word":"Ja","dsets":[{"sig_full":"01.01.00.00.-0606","titel":"Lyrische Beute - Gedichte aus f\u00fcnfzig Jahren","untertitel":"Rohmaterial zur sp\u00e4teren Ver\u00f6ffentlichung \"Lyrische Beute\" auf 3 CDs"},{"sig_full":"01.01.00.00.-0270","titel":"Gedichte","untertitel":"Ein Gedicht und sein Autor"},{"sig_full":"01.01.00.00.-0263","titel":"Ausgefragt","untertitel":"G\u00fcnter Grass liest 6 eigene Gedichte aus seinem Lyrikband"}]},{"word":"Schlager im Ohr","dsets":[{"sig_full":"01.01.00.00.-0606","titel":"Lyrische Beute - Gedichte aus f\u00fcnfzig Jahren","untertitel":"Rohmaterial zur sp\u00e4teren Ver\u00f6ffentlichung \"Lyrische Beute\" auf 3 CDs"}]},{"word":"Badeleben","dsets":[{"sig_full":"01.01.00.00.-0606","titel":"Lyrische Beute - Gedichte aus f\u00fcnfzig Jahren","untertitel":"Rohmaterial zur sp\u00e4teren Ver\u00f6ffentlichung \"Lyrische Beute\" auf 3 CDs"}]},{"word":"Pl\u00f6tzliche Angst","dsets":[{"sig_full":"01.01.00.00.-0606","titel":"Lyrische Beute - Gedichte aus f\u00fcnfzig Jahren","untertitel":"Rohmaterial zur sp\u00e4teren Ver\u00f6ffentlichung \"Lyrische Beute\" auf 3 CDs"},{"sig_full":"01.01.00.00.-0188","titel":"Ausgefragt","untertitel":"G\u00fcnter Grass liest 7 Gedichte (aus \"Ausgefragt\")"}]},{"word":"K\u00f6nig Lear","dsets":[{"sig_full":"01.01.00.00.-0606","titel":"Lyrische Beute - Gedichte aus f\u00fcnfzig Jahren","untertitel":"Rohmaterial zur sp\u00e4teren Ver\u00f6ffentlichung \"Lyrische Beute\" auf 3 CDs"},{"sig_full":"01.01.00.00.-0188","titel":"Ausgefragt","untertitel":"G\u00fcnter Grass liest 7 Gedichte (aus \"Ausgefragt\")"},{"sig_full":"01.01.00.00.-0274","titel":"Die Gruppe 47 in Princeton (mit Lyrik-Lesung von Grass)","untertitel":"Dokumentation der 28. Tagung der Gruppe 47"}]},{"word":"Vom Rest unterm Nagel","dsets":[{"sig_full":"01.01.00.00.-0606","titel":"Lyrische Beute - Gedichte aus f\u00fcnfzig Jahren","untertitel":"Rohmaterial zur sp\u00e4teren Ver\u00f6ffentlichung \"Lyrische Beute\" auf 3 CDs"}]},{"word":"Schlaflos","dsets":[{"sig_full":"01.01.00.00.-0606","titel":"Lyrische Beute - Gedichte aus f\u00fcnfzig Jahren","untertitel":"Rohmaterial zur sp\u00e4teren Ver\u00f6ffentlichung \"Lyrische Beute\" auf 3 CDs"}]},{"word":"Silberblick","dsets":[{"sig_full":"01.01.00.00.-0606","titel":"Lyrische Beute - Gedichte aus f\u00fcnfzig Jahren","untertitel":"Rohmaterial zur sp\u00e4teren Ver\u00f6ffentlichung \"Lyrische Beute\" auf 3 CDs"},{"sig_full":"01.01.00.00.-0270","titel":"Gedichte","untertitel":"Ein Gedicht und sein Autor"},{"sig_full":"01.01.00.00.-0263","titel":"Ausgefragt","untertitel":"G\u00fcnter Grass liest 6 eigene Gedichte aus seinem Lyrikband"}]},{"word":"Dreht euch nicht um","dsets":[{"sig_full":"01.01.00.00.-0606","titel":"Lyrische Beute - Gedichte aus f\u00fcnfzig Jahren","untertitel":"Rohmaterial zur sp\u00e4teren Ver\u00f6ffentlichung \"Lyrische Beute\" auf 3 CDs"}]},{"word":"Hymne","dsets":[{"sig_full":"01.01.00.00.-0606","titel":"Lyrische Beute - Gedichte aus f\u00fcnfzig Jahren","untertitel":"Rohmaterial zur sp\u00e4teren Ver\u00f6ffentlichung \"Lyrische Beute\" auf 3 CDs"}]},{"word":"Kettenrauchen","dsets":[{"sig_full":"01.01.00.00.-0606","titel":"Lyrische Beute - Gedichte aus f\u00fcnfzig Jahren","untertitel":"Rohmaterial zur sp\u00e4teren Ver\u00f6ffentlichung \"Lyrische Beute\" auf 3 CDs"},{"sig_full":"01.01.00.00.-0270","titel":"Gedichte","untertitel":"Ein Gedicht und sein Autor"},{"sig_full":"01.01.00.00.-0263","titel":"Ausgefragt","untertitel":"G\u00fcnter Grass liest 6 eigene Gedichte aus seinem Lyrikband"},{"sig_full":"01.01.00.00.-1623","titel":"Kettenrauchen (Lesung)","untertitel":null}]},{"word":"Die Erstgeburt","dsets":[{"sig_full":"01.01.00.00.-0606","titel":"Lyrische Beute - Gedichte aus f\u00fcnfzig Jahren","untertitel":"Rohmaterial zur sp\u00e4teren Ver\u00f6ffentlichung \"Lyrische Beute\" auf 3 CDs"}]},{"word":"Tour de France","dsets":[{"sig_full":"01.01.00.00.-0606","titel":"Lyrische Beute - Gedichte aus f\u00fcnfzig Jahren","untertitel":"Rohmaterial zur sp\u00e4teren Ver\u00f6ffentlichung \"Lyrische Beute\" auf 3 CDs"},{"sig_full":"01.01.00.00.-0009","titel":"Lesung vor Kollegen","untertitel":"G\u00fcnter Grass liest f\u00fcnf eigene Gedichte (Ausschnitt aus einer Lesung vor der \"Gruppe 47\" in der G\u00f6hrde 1961)"}]},{"word":"Dekadenz","dsets":[{"sig_full":"01.01.00.00.-0606","titel":"Lyrische Beute - Gedichte aus f\u00fcnfzig Jahren","untertitel":"Rohmaterial zur sp\u00e4teren Ver\u00f6ffentlichung \"Lyrische Beute\" auf 3 CDs"},{"sig_full":"01.01.00.00.-0009","titel":"Lesung vor Kollegen","untertitel":"G\u00fcnter Grass liest f\u00fcnf eigene Gedichte (Ausschnitt aus einer Lesung vor der \"Gruppe 47\" in der G\u00f6hrde 1961)"}]},{"word":"Politische Landschaft","dsets":[{"sig_full":"01.01.00.00.-0606","titel":"Lyrische Beute - Gedichte aus f\u00fcnfzig Jahren","untertitel":"Rohmaterial zur sp\u00e4teren Ver\u00f6ffentlichung \"Lyrische Beute\" auf 3 CDs"},{"sig_full":"01.01.00.00.-0188","titel":"Ausgefragt","untertitel":"G\u00fcnter Grass liest 7 Gedichte (aus \"Ausgefragt\")"}]},{"word":"Bevor es verj\u00e4hrt","dsets":[{"sig_full":"01.01.00.00.-0606","titel":"Lyrische Beute - Gedichte aus f\u00fcnfzig Jahren","untertitel":"Rohmaterial zur sp\u00e4teren Ver\u00f6ffentlichung \"Lyrische Beute\" auf 3 CDs"}]},{"word":"Gem\u00fcsetest","dsets":[{"sig_full":"01.01.00.00.-0606","titel":"Lyrische Beute - Gedichte aus f\u00fcnfzig Jahren","untertitel":"Rohmaterial zur sp\u00e4teren Ver\u00f6ffentlichung \"Lyrische Beute\" auf 3 CDs"},{"sig_full":"01.01.00.00.-0274","titel":"Die Gruppe 47 in Princeton (mit Lyrik-Lesung von Grass)","untertitel":"Dokumentation der 28. Tagung der Gruppe 47"}]},{"word":"Im Botanischen Garten","dsets":[{"sig_full":"01.01.00.00.-0606","titel":"Lyrische Beute - Gedichte aus f\u00fcnfzig Jahren","untertitel":"Rohmaterial zur sp\u00e4teren Ver\u00f6ffentlichung \"Lyrische Beute\" auf 3 CDs"}]},{"word":"Falsche Sch\u00f6nheit","dsets":[{"sig_full":"01.01.00.00.-0606","titel":"Lyrische Beute - Gedichte aus f\u00fcnfzig Jahren","untertitel":"Rohmaterial zur sp\u00e4teren Ver\u00f6ffentlichung \"Lyrische Beute\" auf 3 CDs"}]},{"word":"Europas Schande","dsets":[{"sig_full":"01.01.00.00.-1870","titel":"Replik an G\u00fcnter Grass zu seinem Europagedicht","untertitel":null},{"sig_full":"01.01.00.00.-1889","titel":"Ehrung zum Europ\u00e4er des Jahres 2012","untertitel":"Von der Preisverleihung aus L\u00fcbeck"}]},{"word":"Sansibar oder der letzte Grund","dsets":[{"sig_full":"01.01.00.00.-1857","titel":"Funkhausgespr\u00e4ch \u00fcber die Bedeutung und Wirkung des israelkritischen Gedichts von G\u00fcnter Grass","untertitel":"V. Neuhaus und M. Schwering diskutieren  \u00fcber die Radikalit\u00e4t der politischen Entw\u00fcrfe von G\u00fcnter Grass und dessen Wirkung auf die Gesellschaft"},{"sig_full":"01.01.00.00.-1541","titel":"Der internationale Ruf von G\u00fcnter Grass","untertitel":"Im Ausland gesch\u00e4tzt, im Inland gehasst"},{"sig_full":"01.01.00.00.-1733","titel":"Er\u00f6ffnung der Sonderausstellung \"Arno Schmidt.  Der Schriftsteller als Fotograf\"  in L\u00fcbeck","untertitel":"Vernissage mit G\u00fcnter Grass in der Katharinenkirche"}]},{"word":"Kein Platz f\u00fcr Tiere","dsets":[{"sig_full":"01.01.00.00.-1526","titel":"Der Erwerb der Taschenbuchrechte f\u00fcr G\u00fcnter Grass Titel","untertitel":"Internationale Buchmesse Frankfurt 1993 - DTV-Verleger Wolfram G\u00f6bel im Interview"}]},{"word":"Was ist des Deutschen Vaterland","dsets":[{"sig_full":"01.01.00.00.-0125","titel":"Des Kaisers neue Kleider","untertitel":"Dich singe ich, Demokratie - Rede im Bundestagswahlkampf 1965 im Audimax der Technischen Hochschule Braunschweig"}]},{"word":"Midnight's Children","dsets":[{"sig_full":"01.01.00.00.-0542","titel":"\u00dcber das Zeichnen und Schreiben - Eine Dokumentationsausstellung des Goethe-Instituts in der Bremischen B\u00fcrgerschaft","untertitel":"Podiumsdiskussion"}]},{"word":"Fundsachen f\u00fcr Grass-Leser","dsets":[{"sig_full":"01.01.00.00.-0542","titel":"\u00dcber das Zeichnen und Schreiben - Eine Dokumentationsausstellung des Goethe-Instituts in der Bremischen B\u00fcrgerschaft","untertitel":"Podiumsdiskussion"},{"sig_full":"01.01.00.00.-1182","titel":"G\u00fcnter Grass - Die Romane in Bildern","untertitel":null},{"sig_full":"01.01.00.00.-1609","titel":"Neues von und \u00fcber Grass zum 75. Geburtstag","untertitel":"Feature \u00fcber die Neurscheinungen im Herbst 2002"},{"sig_full":"01.01.00.00.-1608","titel":"Pointierter Biss bei  \"Fundsachen f\u00fcr Grass-Leser\"","untertitel":"Ausstellung Im Literaturarchiv der Berliner Akademie der K\u00fcnste 2002"}]},{"word":"Rede \u00fcber den Standort","dsets":[{"sig_full":"01.01.00.00.-1535","titel":"Rede \u00fcber den Standort","untertitel":null}]},{"word":"San Siverio","dsets":[{"sig_full":"01.01.00.00.-1102","titel":"Neue deutsche Prosa","untertitel":"Kritische Portr\u00e4ts von Heinz von Cramer, G\u00fcnter Grass und Uwe Johnson"}]},{"word":"Die Kunstfigur","dsets":[{"sig_full":"01.01.00.00.-1102","titel":"Neue deutsche Prosa","untertitel":"Kritische Portr\u00e4ts von Heinz von Cramer, G\u00fcnter Grass und Uwe Johnson"}]},{"word":"O Susanna","dsets":[{"sig_full":"01.01.00.00.-0310","titel":"Das h\u00f6r ich gern (14. Folge) - G\u00fcnter Grass","untertitel":"Musik von Igor Strawinsky, Guiseppe Tartini u.a."}]},{"word":"Rotgr\u00fcne Rede","dsets":[{"sig_full":"01.01.00.00.-0420","titel":"Grass in Halle (mit Redeausschnitten)","untertitel":null}]},{"word":"Beritten hin und zur\u00fcck","dsets":[{"sig_full":"01.01.00.00.-1748","titel":"Mitschnitt der Lesung \"Schriftsteller lesen in Berlin\" 1964","untertitel":"Mit einem Referat von Klaus Wagenbach, einer Lesung aus \"Hundejahre\" und Ausschnitten aus der abschlie\u00dfenden Diskussion"}]},{"word":"F\u00fcnf V\u00f6gel","dsets":[{"sig_full":"01.01.00.00.-1748","titel":"Mitschnitt der Lesung \"Schriftsteller lesen in Berlin\" 1964","untertitel":"Mit einem Referat von Klaus Wagenbach, einer Lesung aus \"Hundejahre\" und Ausschnitten aus der abschlie\u00dfenden Diskussion"}]},{"word":"Rede \u00fcber Deutschland","dsets":[{"sig_full":"01.01.00.00.-1217","titel":"Reden \u00fcber Deutschland","untertitel":null}]},{"word":"Big Sur und die Orangen des Hieronymus Bosch","dsets":[{"sig_full":"01.01.00.00.-0622","titel":"Tagesschau zur Verleihung des Georg-B\u00fcchner-Preises","untertitel":"Darmstadt: Verleihung des Georg-B\u00fcchner-Preises an G\u00fcnter Grass (Auschnitt)"}]},{"word":"Im Westen nichts Neues","dsets":[{"sig_full":"01.01.00.00.-0489","titel":"Mein Jahrhundert - Folge 1 (1900, 1903, 1908, 1910, 1913, 1914, 1918, 1919, 1921, 1923, 1925, 1927, 1930)","untertitel":null}]},{"word":"Lilien aus Schlaf","dsets":[{"sig_full":"01.01.00.00.-0118","titel":"Gedichte unserer Zeit - Jahrestagung des S\u00fcddeutschen Schriftstellerverbandes 1955 mit der Verk\u00fcndung der Preistr\u00e4ger des   ersten Lyrikwettbewerbs des SDR","untertitel":"Ausschnitt: Lesung des Gedichts \"Lilien aus Schlaf\" von G\u00fcnter Grass und O-Ton Fritz Eberhard: Begr\u00fcndung f\u00fcr die Vergabe des 3. Preises an G\u00fcnter Grass"},{"sig_full":"01.01.00.00.-0521","titel":"Laudatio zur Verleihung der Hermann-Kesten-Medaille an G\u00fcnter Grass","untertitel":"Gek\u00fcrzte Radio-Fassung der Rede"}]},{"word":"Wir und Israel","dsets":[{"sig_full":"01.01.00.00.-1880","titel":"G\u00fcnter Grass spricht auf einer Sympathiekundgebung f\u00fcr Israel","untertitel":"Kundgebung vier Tage nach Ausbruch des Sechstagekrieges"}]},{"word":"\u00dcber das Ja und Nein","dsets":[{"sig_full":"01.01.00.00.-0136","titel":"\u00dcber das Ja und Nein","untertitel":"Rede zur Verleihung der Carl-von-Ossietzky-Medaille (Ausschnitt)"}]},{"word":"Westw\u00e4rts und nicht vergessen","dsets":[{"sig_full":"01.01.00.00.-1215","titel":"Kulturweltspiegel: Interview mit G\u00fcnter Grass","untertitel":null}]},{"word":"Die Prinzessin auf der Erbse","dsets":[{"sig_full":"01.01.00.00.-0524","titel":"Illustrationen zu M\u00e4rchen von Hans Christian Andersen","untertitel":"Ausstellungser\u00f6ffnung in Leipzig, Neues Bildermuseum"}]},{"word":"Das M\u00e4dchen mit den Schwefelh\u00f6lzern","dsets":[{"sig_full":"01.01.00.00.-0524","titel":"Illustrationen zu M\u00e4rchen von Hans Christian Andersen","untertitel":"Ausstellungser\u00f6ffnung in Leipzig, Neues Bildermuseum"}]},{"word":"Herzenskummer","dsets":[{"sig_full":"01.01.00.00.-0524","titel":"Illustrationen zu M\u00e4rchen von Hans Christian Andersen","untertitel":"Ausstellungser\u00f6ffnung in Leipzig, Neues Bildermuseum"}]},{"word":"Hans Tollpatsch","dsets":[{"sig_full":"01.01.00.00.-0524","titel":"Illustrationen zu M\u00e4rchen von Hans Christian Andersen","untertitel":"Ausstellungser\u00f6ffnung in Leipzig, Neues Bildermuseum"}]},{"word":"Das h\u00e4ssliche junge Entlein","dsets":[{"sig_full":"01.01.00.00.-0524","titel":"Illustrationen zu M\u00e4rchen von Hans Christian Andersen","untertitel":"Ausstellungser\u00f6ffnung in Leipzig, Neues Bildermuseum"}]},{"word":"Von Beruf Handwerker","dsets":[{"sig_full":"01.01.00.00.-0431","titel":"Wort und Bild","untertitel":"Ausschnitt aus der T\u00fcbinger Poetik-Vorlesung"}]},{"word":"\u00dcber den Standort","dsets":[{"sig_full":"01.01.00.00.-0363","titel":"Gespr\u00e4ch mit G\u00fcnter Grass","untertitel":null}]},{"word":"Im Hinterhof. Bericht \u00fcber eine Reise nach Nicaragua","dsets":[{"sig_full":"01.01.00.00.-0183","titel":"Modell einer neuen Revolution","untertitel":"Gespr\u00e4ch mit G\u00fcnter Grass nach seiner R\u00fcckkehr aus Nicaragua"}]},{"word":"Laudatio auf Yasar Kemal","dsets":[{"sig_full":"01.01.00.00.-1546","titel":"Laudatio auf Yasar Kemal","untertitel":"Ausschnitt aus der Verleihung des Friedenspreises des Deutschen Buchhandels an Yasar Kemal 1997"}]},{"word":"Zorn des Meeres","dsets":[{"sig_full":"01.01.00.00.-1546","titel":"Laudatio auf Yasar Kemal","untertitel":"Ausschnitt aus der Verleihung des Friedenspreises des Deutschen Buchhandels an Yasar Kemal 1997"},{"sig_full":"01.01.00.00.-1373","titel":"G\u00fcnter Grass \u00fcber die T\u00fcrkei und Ya\u015far Kemal","untertitel":"Telefoninterview vor der Friedenpreisverleihung 1997"}]},{"word":"Mehmet mein Falke","dsets":[{"sig_full":"01.01.00.00.-1546","titel":"Laudatio auf Yasar Kemal","untertitel":"Ausschnitt aus der Verleihung des Friedenspreises des Deutschen Buchhandels an Yasar Kemal 1997"}]},{"word":"Der Wind aus der Ebene","dsets":[{"sig_full":"01.01.00.00.-1546","titel":"Laudatio auf Yasar Kemal","untertitel":"Ausschnitt aus der Verleihung des Friedenspreises des Deutschen Buchhandels an Yasar Kemal 1997"}]},{"word":"Unsterblichkeitskraut","dsets":[{"sig_full":"01.01.00.00.-1546","titel":"Laudatio auf Yasar Kemal","untertitel":"Ausschnitt aus der Verleihung des Friedenspreises des Deutschen Buchhandels an Yasar Kemal 1997"}]},{"word":"Eisenerde, Kupferhimmel","dsets":[{"sig_full":"01.01.00.00.-1546","titel":"Laudatio auf Yasar Kemal","untertitel":"Ausschnitt aus der Verleihung des Friedenspreises des Deutschen Buchhandels an Yasar Kemal 1997"}]},{"word":"Lied der Tausend Stiere","dsets":[{"sig_full":"01.01.00.00.-1546","titel":"Laudatio auf Yasar Kemal","untertitel":"Ausschnitt aus der Verleihung des Friedenspreises des Deutschen Buchhandels an Yasar Kemal 1997"}]},{"word":"Schonischer Hering","dsets":[{"sig_full":"01.01.00.00.-0181","titel":"Der Butt - Lesung der Kapitel Ein Abwasch und Schonischer Hering","untertitel":"Mitschnitt einer Veranstaltung im Funkhaus des SDR"}]},{"word":"Gedichte: Whisky","dsets":[{"sig_full":"01.01.00.00.-0372","titel":"F\u00fcnf Gedichte - Lesung auf der Herbsttagung der Gruppe 47","untertitel":null}]},{"word":"Kinderpredigt","dsets":[{"sig_full":"01.01.00.00.-0372","titel":"F\u00fcnf Gedichte - Lesung auf der Herbsttagung der Gruppe 47","untertitel":null},{"sig_full":"01.01.00.00.-0009","titel":"Lesung vor Kollegen","untertitel":"G\u00fcnter Grass liest f\u00fcnf eigene Gedichte (Ausschnitt aus einer Lesung vor der \"Gruppe 47\" in der G\u00f6hrde 1961)"}]},{"word":"Allein","dsets":[{"sig_full":"01.01.00.00.-0372","titel":"F\u00fcnf Gedichte - Lesung auf der Herbsttagung der Gruppe 47","untertitel":null},{"sig_full":"01.01.00.00.-0009","titel":"Lesung vor Kollegen","untertitel":"G\u00fcnter Grass liest f\u00fcnf eigene Gedichte (Ausschnitt aus einer Lesung vor der \"Gruppe 47\" in der G\u00f6hrde 1961)"}]},{"word":"Stehaufm\u00e4nnchen","dsets":[{"sig_full":"01.01.00.00.-0372","titel":"F\u00fcnf Gedichte - Lesung auf der Herbsttagung der Gruppe 47","untertitel":null},{"sig_full":"01.01.00.00.-0009","titel":"Lesung vor Kollegen","untertitel":"G\u00fcnter Grass liest f\u00fcnf eigene Gedichte (Ausschnitt aus einer Lesung vor der \"Gruppe 47\" in der G\u00f6hrde 1961)"}]},{"word":"Duell mit dem Geier","dsets":[{"sig_full":"01.01.00.00.-0372","titel":"F\u00fcnf Gedichte - Lesung auf der Herbsttagung der Gruppe 47","untertitel":null},{"sig_full":"01.01.00.00.-0009","titel":"Lesung vor Kollegen","untertitel":"G\u00fcnter Grass liest f\u00fcnf eigene Gedichte (Ausschnitt aus einer Lesung vor der \"Gruppe 47\" in der G\u00f6hrde 1961)"}]},{"word":"Der Llano in Flammen","dsets":[{"sig_full":"01.01.00.00.-1545","titel":"G\u00fcnter Grass und S\u00fcdamerika (span.)","untertitel":"W\u00fcrdigung anl\u00e4\u00dflich des 70. Geburtstags"}]},{"word":"Eine Messe f\u00fcr die Stadt Arras","dsets":[{"sig_full":"01.01.00.00.-0770","titel":"Grass Interview - Deutsche Gegenwartsliteratur in der VR China als Raubdrucke","untertitel":"40. Frankfurter Buchmesse 1988"}]},{"word":"Brasilien, Brasilien","dsets":[{"sig_full":"01.01.00.00.-0770","titel":"Grass Interview - Deutsche Gegenwartsliteratur in der VR China als Raubdrucke","untertitel":"40. Frankfurter Buchmesse 1988"}]},{"word":"Kleine Lieben","dsets":[{"sig_full":"01.01.00.00.-0770","titel":"Grass Interview - Deutsche Gegenwartsliteratur in der VR China als Raubdrucke","untertitel":"40. Frankfurter Buchmesse 1988"}]},{"word":"Die Familie Manzoni","dsets":[{"sig_full":"01.01.00.00.-0770","titel":"Grass Interview - Deutsche Gegenwartsliteratur in der VR China als Raubdrucke","untertitel":"40. Frankfurter Buchmesse 1988"}]},{"word":"Dschamilja","dsets":[{"sig_full":"01.01.00.00.-0770","titel":"Grass Interview - Deutsche Gegenwartsliteratur in der VR China als Raubdrucke","untertitel":"40. Frankfurter Buchmesse 1988"}]},{"word":"Das dritte Buch \u00fcber Achim","dsets":[{"sig_full":"01.01.00.00.-0772","titel":"R\u00fcckblick auf 40 Jahre Buchmesse Frankfurt","untertitel":"Autoren, Stars und Gesch\u00e4fte"}]},{"word":"Das Elend der Welt","dsets":[{"sig_full":"01.01.00.00.-1376","titel":"B\u00fcrger von Deutschland","untertitel":"Grass zur nationalen und internationalen politischen Lage"}]},{"word":"Maytas Geschichte","dsets":[{"sig_full":"01.01.00.00.-1116","titel":"Radioskop: Ich bedauere die Auseinandersetzung mit G\u00fcnter Grass","untertitel":null}]},{"word":"Bin ich nun Schreiber oder Zeichner?","dsets":[{"sig_full":"01.01.00.00.-0571","titel":"Ohne die Tinte zu wechseln","untertitel":"G\u00fcnter Grass anl\u00e4\u00dflich der Er\u00f6ffnung des G\u00fcnter-Grass-Hauses am 20. Oktober 2002 im Gro\u00dfen Haus des Theaters L\u00fcbeck"},{"sig_full":"01.01.00.00.-1432","titel":"Launig: Die G\u00fcnter Grass Ausstellung\" W\u00f6rtliche Bilder\" in H\u00fcrth","untertitel":"Vollst\u00e4ndige Radiosendung"},{"sig_full":"01.01.00.00.-1611","titel":"Ein besonders gro\u00dfes Geschenk direkt vor der Haust\u00fcr","untertitel":"\u00dcber die Er\u00f6ffnung des G\u00fcnter Grass-Hauses"}]},{"word":"Liebe gepr\u00fcft","dsets":[{"sig_full":"01.01.00.00.-0571","titel":"Ohne die Tinte zu wechseln","untertitel":"G\u00fcnter Grass anl\u00e4\u00dflich der Er\u00f6ffnung des G\u00fcnter-Grass-Hauses am 20. Oktober 2002 im Gro\u00dfen Haus des Theaters L\u00fcbeck"}]},{"word":"Die Fremde als andauernde Erfahrung","dsets":[{"sig_full":"01.01.00.00.-1898","titel":"Verleihung des Thomas-Mann-Preises an G\u00fcnter Grass","untertitel":null}]},{"word":"Der lesende Arbeiter","dsets":[{"sig_full":"01.01.00.00.-0672","titel":"Der lesende Arbeiter - Rede zum f\u00fcnfzigj\u00e4hrigen Bestehen der B\u00fcchergilde Gutenberg","untertitel":"Hessenschau"}]},{"word":"Ein Schn\u00e4ppchen namens DDR","dsets":[{"sig_full":"01.01.00.00.-0521","titel":"Laudatio zur Verleihung der Hermann-Kesten-Medaille an G\u00fcnter Grass","untertitel":"Gek\u00fcrzte Radio-Fassung der Rede"},{"sig_full":"01.01.00.00.-0614","titel":"L\u00fcbecker Werkstattbericht","untertitel":"Sechs Vorlesungen an der Medizinischen Universit\u00e4t L\u00fcbeck"}]},{"word":"Briefe \u00fcber die Grenzen","dsets":[{"sig_full":"01.01.00.00.-0521","titel":"Laudatio zur Verleihung der Hermann-Kesten-Medaille an G\u00fcnter Grass","untertitel":"Gek\u00fcrzte Radio-Fassung der Rede"}]},{"word":"Tadell\u00f6ser und Wolf","dsets":[{"sig_full":"01.01.00.00.-1908","titel":"Walter Kempowski  als erster Autor der Lesereihe \"Autoren  des Jahrhunderts\"","untertitel":null},{"sig_full":"01.02.00.00.-1908","titel":"Walter Kempowski  als erster Autor der Lesereihe \"Autoren  des Jahrhunderts\"","untertitel":null}]},{"word":"Im Block","dsets":[{"sig_full":"01.01.00.00.-1908","titel":"Walter Kempowski  als erster Autor der Lesereihe \"Autoren  des Jahrhunderts\"","untertitel":null},{"sig_full":"01.02.00.00.-1908","titel":"Walter Kempowski  als erster Autor der Lesereihe \"Autoren  des Jahrhunderts\"","untertitel":null}]},{"word":"Vom Abenteuer der Aufkl\u00e4rung","dsets":[{"sig_full":"01.01.00.00.-1553","titel":"G\u00fcnter Grass \u00fcber den an ihn verliehenen Prinz von Asturien-Preis","untertitel":null},{"sig_full":"01.01.00.00.-1550","titel":"Vom Abenteuer der Aufkl\u00e4rung","untertitel":"Interview mit Harro Zimmermann anl\u00e4\u00dflich der  Ver\u00f6ffentlichung des Interviewbandes"},{"sig_full":"01.01.00.00.-0532","titel":"Pressekonferenz: Vom Abenteuer der Aufkl\u00e4rung","untertitel":"Werkstattgespr\u00e4che mit G\u00fcnter Grass"}]},{"word":"Hundert Jahre Einsamkeit","dsets":[{"sig_full":"01.01.00.00.-1553","titel":"G\u00fcnter Grass \u00fcber den an ihn verliehenen Prinz von Asturien-Preis","untertitel":null}]},{"word":"Midnight Children","dsets":[{"sig_full":"01.01.00.00.-1553","titel":"G\u00fcnter Grass \u00fcber den an ihn verliehenen Prinz von Asturien-Preis","untertitel":null}]},{"word":"Nebel","dsets":[{"sig_full":"01.01.00.00.-1553","titel":"G\u00fcnter Grass \u00fcber den an ihn verliehenen Prinz von Asturien-Preis","untertitel":null},{"sig_full":"01.01.00.00.-0614","titel":"L\u00fcbecker Werkstattbericht","untertitel":"Sechs Vorlesungen an der Medizinischen Universit\u00e4t L\u00fcbeck"}]},{"word":"Die verratene Revolution - Deutschland 1918\/19","dsets":[{"sig_full":"01.01.00.00.-0303","titel":"Die verratene Revolution - Diskussion \u00fcber das Buch von Sebastian Haffner","untertitel":null}]},{"word":"Mutter Courage und ihre Kinder","dsets":[{"sig_full":"01.01.00.00.-1474","titel":"Thomas Brasch und G\u00fcnter Grass im Gespr\u00e4ch (Industrieproduktion)","untertitel":"Literatur und Zensur in der BRD und DDR"}]},{"word":"Der geteilte Himmel","dsets":[{"sig_full":"01.01.00.00.-1552","titel":"Stimmen zu Christa Wolfs 70. Geburtstag","untertitel":"Statements von G\u00fcnter Grass, Christoph Hein und Christa Wolf"},{"sig_full":"01.01.00.00.-1551","titel":"Schreiben bedeutet Ged\u00e4chtnis zu bewahren","untertitel":"Zum 70. Geburtstag von Christa Wolf"}]},{"word":"Kindheitsmuster","dsets":[{"sig_full":"01.01.00.00.-1552","titel":"Stimmen zu Christa Wolfs 70. Geburtstag","untertitel":"Statements von G\u00fcnter Grass, Christoph Hein und Christa Wolf"},{"sig_full":"01.01.00.00.-1551","titel":"Schreiben bedeutet Ged\u00e4chtnis zu bewahren","untertitel":"Zum 70. Geburtstag von Christa Wolf"}]},{"word":"Medea","dsets":[{"sig_full":"01.01.00.00.-1552","titel":"Stimmen zu Christa Wolfs 70. Geburtstag","untertitel":"Statements von G\u00fcnter Grass, Christoph Hein und Christa Wolf"},{"sig_full":"01.01.00.00.-1580","titel":"Wende-Zeiten","untertitel":"Die ostdeutsche Kultur zehn Jahre nach der Vereininigung"},{"sig_full":"01.01.00.00.-0609","titel":"Verleihung des B\u00fccherpreises, Leipzig","untertitel":"Verleihung des B\u00fccherpreises 2002 f\u00fcr Christa Wolf"},{"sig_full":"01.01.00.00.-1551","titel":"Schreiben bedeutet Ged\u00e4chtnis zu bewahren","untertitel":"Zum 70. Geburtstag von Christa Wolf"}]},{"word":"Wir Urheber","dsets":[{"sig_full":"01.01.00.00.-0359","titel":"In der Petrikirche","untertitel":"Gespr\u00e4ch und Lesung mit G\u00fcnter Grass und Heide Simonis"}]},{"word":"Versuchte N\u00e4he","dsets":[{"sig_full":"01.01.00.00.-0241","titel":"Unter den achtzehn T\u00fcrmen der Maria von dem Teyn","untertitel":"G\u00fcnter Grass liest eine Erz\u00e4hlung aus Hans Joachim Sch\u00e4dlichs Buch \"Versuchte N\u00e4he\""}]},{"word":"Unter den Achtzehn T\u00fcrmen","dsets":[{"sig_full":"01.01.00.00.-0241","titel":"Unter den achtzehn T\u00fcrmen der Maria von dem Teyn","untertitel":"G\u00fcnter Grass liest eine Erz\u00e4hlung aus Hans Joachim Sch\u00e4dlichs Buch \"Versuchte N\u00e4he\""}]},{"word":"Kleine Schule der Poesie","dsets":[{"sig_full":"01.01.00.00.-0241","titel":"Unter den achtzehn T\u00fcrmen der Maria von dem Teyn","untertitel":"G\u00fcnter Grass liest eine Erz\u00e4hlung aus Hans Joachim Sch\u00e4dlichs Buch \"Versuchte N\u00e4he\""}]},{"word":"Der Erw\u00e4hlte","dsets":[{"sig_full":"01.01.00.00.-1494","titel":"Mann, Grass und B\u00f6ll lesen aus ihren Werken","untertitel":"Stimmen der Dichter"}]},{"word":"Gruppenbild mit Dame","dsets":[{"sig_full":"01.01.00.00.-1494","titel":"Mann, Grass und B\u00f6ll lesen aus ihren Werken","untertitel":"Stimmen der Dichter"}]},{"word":"Das Zirkuskind","dsets":[{"sig_full":"01.01.00.00.-1560","titel":"Ich war arm wie eine Kirchenmaus","untertitel":"Wiederholung des Gespr\u00e4chs zum  70. Geburtstags vom 16.10.1997 in Ausschnitten anl\u00e4sslich des Literaturnobelpreises"}]},{"word":"\u00dcber meinen Lehrer D\u00f6blin","dsets":[{"sig_full":"01.01.00.00.-1201","titel":"Die Provinz ist die Geburtsst\u00e4tte der Literatur","untertitel":"G\u00fcnter Grass im Gespr\u00e4ch \u00fcber  Heinrich B\u00f6ll"},{"sig_full":"01.01.00.00.-0264","titel":"\u00dcber meinen Lehrer Alfred D\u00f6blin","untertitel":"Rede zum zehnten Todestag D\u00f6blins in der Akademie der K\u00fcnste"}]},{"word":"Die verlorene Ehre der Katharina Blum","dsets":[{"sig_full":"01.01.00.00.-1201","titel":"Die Provinz ist die Geburtsst\u00e4tte der Literatur","untertitel":"G\u00fcnter Grass im Gespr\u00e4ch \u00fcber  Heinrich B\u00f6ll"}]},{"word":"Wo warst Du, Adam?","dsets":[{"sig_full":"01.01.00.00.-1201","titel":"Die Provinz ist die Geburtsst\u00e4tte der Literatur","untertitel":"G\u00fcnter Grass im Gespr\u00e4ch \u00fcber  Heinrich B\u00f6ll"}]},{"word":"Nova Kultura (Zeitschrift)","dsets":[{"sig_full":"01.01.00.00.-0937","titel":"Zum Tod von Czeslaw Milosz","untertitel":"Eine pers\u00f6nliche Erinnerung"}]},{"word":"Warum erst jetzt?","dsets":[{"sig_full":"01.01.00.00.-0247","titel":"Verleihung der Carl-von-Ossietzky-Medaille an Betty Williams","untertitel":"Mit Laudatio von G\u00fcnter Grass: \"Warum erst jetzt?\" (Ausschnitt)"}]},{"word":"Versuch einer \u00f6ffentlichen Dreinrede","dsets":[{"sig_full":"01.01.00.00.-1432","titel":"Launig: Die G\u00fcnter Grass Ausstellung\" W\u00f6rtliche Bilder\" in H\u00fcrth","untertitel":"Vollst\u00e4ndige Radiosendung"}]},{"word":"Udine","dsets":[{"sig_full":"01.01.00.00.-1490","titel":"Wenn Dichter malen und Maler dichten","untertitel":"Das Problem Doppelbegabung"}]},{"word":"Der gr\u00fcne Heinrich","dsets":[{"sig_full":"01.01.00.00.-1490","titel":"Wenn Dichter malen und Maler dichten","untertitel":"Das Problem Doppelbegabung"}]},{"word":"M\u00f6rder - Hoffnung der Frauen","dsets":[{"sig_full":"01.01.00.00.-1490","titel":"Wenn Dichter malen und Maler dichten","untertitel":"Das Problem Doppelbegabung"}]},{"word":"Heptomeros","dsets":[{"sig_full":"01.01.00.00.-1490","titel":"Wenn Dichter malen und Maler dichten","untertitel":"Das Problem Doppelbegabung"}]},{"word":"Kriegslied","dsets":[{"sig_full":"01.01.00.00.-1438","titel":"Ein Krieg im Irak ist wahrscheinlich","untertitel":"Interview mit G\u00fcnter Grass"}]},{"word":"Apokalypse des Johannes","dsets":[{"sig_full":"01.01.00.00.-0219","titel":"Die R\u00e4ttin - Gespr\u00e4ch mit G\u00fcnter Grass \u00fcber seinen Roman","untertitel":null}]},{"word":"Ben und Dieter","dsets":[{"sig_full":"01.01.00.00.-0268","titel":"Rede von der Gew\u00f6hnung","untertitel":"Gehalten w\u00e4hrend einer Israel-Reise in Jerusalem (auch in Tel Aviv)"}]},{"word":"Der Tod in Venedig","dsets":[{"sig_full":"01.01.00.00.-1579","titel":"Verdeutschung als Schicksal","untertitel":"\u00dcber G\u00fcnter Grass, den Irak und das Schreiben auf Deutsch"}]},{"word":"Die Leiden des jungen Werther","dsets":[{"sig_full":"01.01.00.00.-1579","titel":"Verdeutschung als Schicksal","untertitel":"\u00dcber G\u00fcnter Grass, den Irak und das Schreiben auf Deutsch"},{"sig_full":"01.01.00.00.-0614","titel":"L\u00fcbecker Werkstattbericht","untertitel":"Sechs Vorlesungen an der Medizinischen Universit\u00e4t L\u00fcbeck"},{"sig_full":"01.01.00.00.-1680","titel":"G\u00fcnter Grass wird 80 Jahre alt (russisch)","untertitel":null}]},{"word":"Bei Tisch","dsets":[{"sig_full":"01.01.00.00.-0274","titel":"Die Gruppe 47 in Princeton (mit Lyrik-Lesung von Grass)","untertitel":"Dokumentation der 28. Tagung der Gruppe 47"}]},{"word":"Nach der Aktion","dsets":[{"sig_full":"01.01.00.00.-0274","titel":"Die Gruppe 47 in Princeton (mit Lyrik-Lesung von Grass)","untertitel":"Dokumentation der 28. Tagung der Gruppe 47"}]},{"word":"Doppelportrait","dsets":[{"sig_full":"01.01.00.00.-0274","titel":"Die Gruppe 47 in Princeton (mit Lyrik-Lesung von Grass)","untertitel":"Dokumentation der 28. Tagung der Gruppe 47"}]},{"word":"Das gelobte Land","dsets":[{"sig_full":"01.01.00.00.-1580","titel":"Wende-Zeiten","untertitel":"Die ostdeutsche Kultur zehn Jahre nach der Vereininigung"}]},{"word":"Helden wie wir","dsets":[{"sig_full":"01.01.00.00.-1580","titel":"Wende-Zeiten","untertitel":"Die ostdeutsche Kultur zehn Jahre nach der Vereininigung"}]},{"word":"Ich","dsets":[{"sig_full":"01.01.00.00.-1580","titel":"Wende-Zeiten","untertitel":"Die ostdeutsche Kultur zehn Jahre nach der Vereininigung"}]},{"word":"Umsiedlerin","dsets":[{"sig_full":"01.01.00.00.-1580","titel":"Wende-Zeiten","untertitel":"Die ostdeutsche Kultur zehn Jahre nach der Vereininigung"}]},{"word":"Wilhelm Tell","dsets":[{"sig_full":"01.01.00.00.-1580","titel":"Wende-Zeiten","untertitel":"Die ostdeutsche Kultur zehn Jahre nach der Vereininigung"}]},{"word":"Alte Heimat","dsets":[{"sig_full":"01.01.00.00.-1932","titel":"Hochkar\u00e4tiges Lyrikertreffen nach 38 Jahren","untertitel":null}]},{"word":"Mr. Peter's Connections","dsets":[{"sig_full":"01.01.00.00.-1576","titel":"\"Mein Jahrhundert\" auf der B\u00fchne des Thalia Theaters","untertitel":"Horst K\u00f6nigstein inszeniert  Szenen und Figuren als Theaterst\u00fcck"}]},{"word":"Der Ring des Nibelungen","dsets":[{"sig_full":"01.01.00.00.-1576","titel":"\"Mein Jahrhundert\" auf der B\u00fchne des Thalia Theaters","untertitel":"Horst K\u00f6nigstein inszeniert  Szenen und Figuren als Theaterst\u00fcck"}]},{"word":"Ohne Stimme","dsets":[{"sig_full":"01.01.00.00.-1581","titel":"G\u00fcnter Grass auf  der internationaler Konferenz des Europarates zum Thema Rassismus","untertitel":"G\u00fcnter Grass ruft zu mehr Zivilcourage auf"}]},{"word":"Im Vollbesitz seiner Zweifel","dsets":[{"sig_full":"01.01.00.00.-1933","titel":"Lyrik der vergangenen Jahrzehnte","untertitel":null},{"sig_full":"01.02.00.00.-1933","titel":"Lyrik der vergangenen Jahrzehnte","untertitel":null}]},{"word":"Die Schei\u00dfe","dsets":[{"sig_full":"01.01.00.00.-1933","titel":"Lyrik der vergangenen Jahrzehnte","untertitel":null},{"sig_full":"01.02.00.00.-1933","titel":"Lyrik der vergangenen Jahrzehnte","untertitel":null}]},{"word":"Hochseil","dsets":[{"sig_full":"01.01.00.00.-1933","titel":"Lyrik der vergangenen Jahrzehnte","untertitel":null},{"sig_full":"01.02.00.00.-1933","titel":"Lyrik der vergangenen Jahrzehnte","untertitel":null}]},{"word":"Lied von denen, auf die alles zutrifft und die alles schon wissen","dsets":[{"sig_full":"01.01.00.00.-1933","titel":"Lyrik der vergangenen Jahrzehnte","untertitel":null},{"sig_full":"01.02.00.00.-1933","titel":"Lyrik der vergangenen Jahrzehnte","untertitel":null}]},{"word":"Mailied f\u00fcr junge Genossin","dsets":[{"sig_full":"01.01.00.00.-1933","titel":"Lyrik der vergangenen Jahrzehnte","untertitel":null},{"sig_full":"01.02.00.00.-1933","titel":"Lyrik der vergangenen Jahrzehnte","untertitel":null}]},{"word":"Land der Feuer","dsets":[{"sig_full":"01.01.00.00.-1569","titel":"Die Schriftstellerin Sylvia Iparraguirre aus Argentinien (span.)","untertitel":"Bedeutung von Landschaft und Ort in Werken von Schriftstellern"}]},{"word":"Im Kleiderschrank","dsets":[{"sig_full":"01.01.00.00.-0262","titel":"Ge\u00f6ffneter Schrank - G\u00fcnter Grass liest ein Gedicht aus dem Band \"Die Vorz\u00fcge der Windh\u00fchner\" und Interpretation des Gedichts von Klaus Wagenbach","untertitel":null}]},{"word":"Karfreitagskost","dsets":[{"sig_full":"01.01.00.00.-0262","titel":"Ge\u00f6ffneter Schrank - G\u00fcnter Grass liest ein Gedicht aus dem Band \"Die Vorz\u00fcge der Windh\u00fchner\" und Interpretation des Gedichts von Klaus Wagenbach","untertitel":null}]},{"word":"Inventar oder die Ballade von der zerbrochenen Vase","dsets":[{"sig_full":"01.01.00.00.-0262","titel":"Ge\u00f6ffneter Schrank - G\u00fcnter Grass liest ein Gedicht aus dem Band \"Die Vorz\u00fcge der Windh\u00fchner\" und Interpretation des Gedichts von Klaus Wagenbach","untertitel":null}]},{"word":"Rosa","dsets":[{"sig_full":"01.01.00.00.-1586","titel":"Verleihung des Alfred-D\u00f6blin-Preises 2001 (bengali)","untertitel":null}]},{"word":"Natura Morta","dsets":[{"sig_full":"01.01.00.00.-1586","titel":"Verleihung des Alfred-D\u00f6blin-Preises 2001 (bengali)","untertitel":null}]},{"word":"Man wei\u00df nicht, was man ist\u2026","dsets":[{"sig_full":"01.01.00.00.-1630","titel":"Lyrik aus der Zeit des Drei\u00dfigj\u00e4hrigen Krieges","untertitel":"G\u00fcnter Grass und Peter R\u00fchmkorf rezitieren Barocklyrik aus \"Komm, Trost der Nacht\""}]},{"word":"Gedanken \u00fcber die Zeit","dsets":[{"sig_full":"01.01.00.00.-1630","titel":"Lyrik aus der Zeit des Drei\u00dfigj\u00e4hrigen Krieges","untertitel":"G\u00fcnter Grass und Peter R\u00fchmkorf rezitieren Barocklyrik aus \"Komm, Trost der Nacht\""}]},{"word":"Umschrift eines Sarges","dsets":[{"sig_full":"01.01.00.00.-1630","titel":"Lyrik aus der Zeit des Drei\u00dfigj\u00e4hrigen Krieges","untertitel":"G\u00fcnter Grass und Peter R\u00fchmkorf rezitieren Barocklyrik aus \"Komm, Trost der Nacht\""}]},{"word":"Baudolino","dsets":[{"sig_full":"01.01.00.00.-0609","titel":"Verleihung des B\u00fccherpreises, Leipzig","untertitel":"Verleihung des B\u00fccherpreises 2002 f\u00fcr Christa Wolf"}]},{"word":"Butt im Griff","dsets":[{"sig_full":"01.01.00.00.-0609","titel":"Verleihung des B\u00fccherpreises, Leipzig","untertitel":"Verleihung des B\u00fccherpreises 2002 f\u00fcr Christa Wolf"}]},{"word":"Leibhaftig","dsets":[{"sig_full":"01.01.00.00.-0609","titel":"Verleihung des B\u00fccherpreises, Leipzig","untertitel":"Verleihung des B\u00fccherpreises 2002 f\u00fcr Christa Wolf"}]},{"word":"Nach drei\u00dfig Jahren","dsets":[{"sig_full":"01.01.00.00.-1596","titel":"Der Festakt zur Gr\u00fcndung der Kulturstiftung des Bundes in Halle","untertitel":"Kontroversen, Schwerpunkte und Dialogprinzipien"}]},{"word":"Der Vorleser","dsets":[{"sig_full":"01.01.00.00.-1585","titel":"Berlin in Paris","untertitel":"Salon des livres Paris 2001"}]},{"word":"Stadt, Land, Fluss","dsets":[{"sig_full":"01.01.00.00.-1585","titel":"Berlin in Paris","untertitel":"Salon des livres Paris 2001"}]},{"word":"Den Widerstand lernen, ihn leisten und zu ihm auffordern","dsets":[{"sig_full":"01.01.00.00.-1224","titel":"Widerstandsproblematik und Verteidigungspolitik in Deutschland","untertitel":"Interview mit G\u00fcnter Grass"},{"sig_full":"01.01.00.00.-1640","titel":"Das Verschweigen zu sp\u00e4t beendet","untertitel":"Kommentar zur Grass-Mitgliedschaft der Waffen-SS"}]},{"word":"Weltende","dsets":[{"sig_full":"01.01.00.00.-0614","titel":"L\u00fcbecker Werkstattbericht","untertitel":"Sechs Vorlesungen an der Medizinischen Universit\u00e4t L\u00fcbeck"}]},{"word":"Prophezeiung","dsets":[{"sig_full":"01.01.00.00.-0614","titel":"L\u00fcbecker Werkstattbericht","untertitel":"Sechs Vorlesungen an der Medizinischen Universit\u00e4t L\u00fcbeck"}]},{"word":"Der Kaffeew\u00e4rmer","dsets":[{"sig_full":"01.01.00.00.-0614","titel":"L\u00fcbecker Werkstattbericht","untertitel":"Sechs Vorlesungen an der Medizinischen Universit\u00e4t L\u00fcbeck"}]},{"word":"Mein Radiergummi","dsets":[{"sig_full":"01.01.00.00.-0614","titel":"L\u00fcbecker Werkstattbericht","untertitel":"Sechs Vorlesungen an der Medizinischen Universit\u00e4t L\u00fcbeck"}]},{"word":"Der Autor als fragw\u00fcrdiger Zeuge","dsets":[{"sig_full":"01.01.00.00.-0614","titel":"L\u00fcbecker Werkstattbericht","untertitel":"Sechs Vorlesungen an der Medizinischen Universit\u00e4t L\u00fcbeck"}]},{"word":"Tristam Shandy","dsets":[{"sig_full":"01.01.00.00.-0614","titel":"L\u00fcbecker Werkstattbericht","untertitel":"Sechs Vorlesungen an der Medizinischen Universit\u00e4t L\u00fcbeck"}]},{"word":"Simplizissimus","dsets":[{"sig_full":"01.01.00.00.-0614","titel":"L\u00fcbecker Werkstattbericht","untertitel":"Sechs Vorlesungen an der Medizinischen Universit\u00e4t L\u00fcbeck"}]},{"word":"Landst\u00f6rzerin Courage","dsets":[{"sig_full":"01.01.00.00.-0614","titel":"L\u00fcbecker Werkstattbericht","untertitel":"Sechs Vorlesungen an der Medizinischen Universit\u00e4t L\u00fcbeck"}]},{"word":"Manhatten Transfer","dsets":[{"sig_full":"01.01.00.00.-0614","titel":"L\u00fcbecker Werkstattbericht","untertitel":"Sechs Vorlesungen an der Medizinischen Universit\u00e4t L\u00fcbeck"}]},{"word":"Falter und Gl\u00fchbirne","dsets":[{"sig_full":"01.01.00.00.-0614","titel":"L\u00fcbecker Werkstattbericht","untertitel":"Sechs Vorlesungen an der Medizinischen Universit\u00e4t L\u00fcbeck"},{"sig_full":"01.01.00.00.-0189","titel":"Die Blechtrommel","untertitel":"2 Ausz\u00fcge: Falter und Gl\u00fchbirne (Oskars Geburt); Fernwirkender Gesang vom Stockturm aus gesungen"}]},{"word":"Billiard um halb zehn","dsets":[{"sig_full":"01.01.00.00.-0614","titel":"L\u00fcbecker Werkstattbericht","untertitel":"Sechs Vorlesungen an der Medizinischen Universit\u00e4t L\u00fcbeck"},{"sig_full":"01.01.00.00.-1252","titel":"Die Suche nach einer bewohnbaren Sprache in einem bewohnbaren Land","untertitel":"Hommage f\u00fcr Heinrich B\u00f6ll"}]},{"word":"Kleine Aufforderung zum gro\u00dfen Mundaufmachen - oder der Wasserspeier spricht","dsets":[{"sig_full":"01.01.00.00.-0614","titel":"L\u00fcbecker Werkstattbericht","untertitel":"Sechs Vorlesungen an der Medizinischen Universit\u00e4t L\u00fcbeck"}]},{"word":"Und was k\u00f6nnen wir Schriftsteller tun? Offener Brief an Anna Seghers","dsets":[{"sig_full":"01.01.00.00.-0614","titel":"L\u00fcbecker Werkstattbericht","untertitel":"Sechs Vorlesungen an der Medizinischen Universit\u00e4t L\u00fcbeck"}]},{"word":"Das siebte Kreuz","dsets":[{"sig_full":"01.01.00.00.-0614","titel":"L\u00fcbecker Werkstattbericht","untertitel":"Sechs Vorlesungen an der Medizinischen Universit\u00e4t L\u00fcbeck"}]},{"word":"Kleine Rede f\u00fcr Arno Schmidt","dsets":[{"sig_full":"01.01.00.00.-0614","titel":"L\u00fcbecker Werkstattbericht","untertitel":"Sechs Vorlesungen an der Medizinischen Universit\u00e4t L\u00fcbeck"},{"sig_full":"01.01.00.00.-1733","titel":"Er\u00f6ffnung der Sonderausstellung \"Arno Schmidt.  Der Schriftsteller als Fotograf\"  in L\u00fcbeck","untertitel":"Vernissage mit G\u00fcnter Grass in der Katharinenkirche"}]},{"word":"POUM oder die Vergangenheit fliegt mit","dsets":[{"sig_full":"01.01.00.00.-0614","titel":"L\u00fcbecker Werkstattbericht","untertitel":"Sechs Vorlesungen an der Medizinischen Universit\u00e4t L\u00fcbeck"}]},{"word":"Der Fremde","dsets":[{"sig_full":"01.01.00.00.-0614","titel":"L\u00fcbecker Werkstattbericht","untertitel":"Sechs Vorlesungen an der Medizinischen Universit\u00e4t L\u00fcbeck"}]},{"word":"Die Pest","dsets":[{"sig_full":"01.01.00.00.-0614","titel":"L\u00fcbecker Werkstattbericht","untertitel":"Sechs Vorlesungen an der Medizinischen Universit\u00e4t L\u00fcbeck"}]},{"word":"Der Mensch in der Revolte","dsets":[{"sig_full":"01.01.00.00.-0614","titel":"L\u00fcbecker Werkstattbericht","untertitel":"Sechs Vorlesungen an der Medizinischen Universit\u00e4t L\u00fcbeck"}]},{"word":"Vor- und Nachgeschichte der Trag\u00f6die des Corolianus von Livius und Plutarch \u00fcber Shakespeare bis zu Brecht und mir","dsets":[{"sig_full":"01.01.00.00.-0614","titel":"L\u00fcbecker Werkstattbericht","untertitel":"Sechs Vorlesungen an der Medizinischen Universit\u00e4t L\u00fcbeck"}]},{"word":"Politisches Tagebuch","dsets":[{"sig_full":"01.01.00.00.-0614","titel":"L\u00fcbecker Werkstattbericht","untertitel":"Sechs Vorlesungen an der Medizinischen Universit\u00e4t L\u00fcbeck"},{"sig_full":"01.01.00.00.-0151","titel":"Berlin, ach Berlin","untertitel":"Lesung des Kapitels \"In Kreuzberg fehlt ein Minarett\""}]},{"word":"In Kreuzberg fehlt ein Minarett","dsets":[{"sig_full":"01.01.00.00.-0614","titel":"L\u00fcbecker Werkstattbericht","untertitel":"Sechs Vorlesungen an der Medizinischen Universit\u00e4t L\u00fcbeck"},{"sig_full":"01.01.00.00.-0151","titel":"Berlin, ach Berlin","untertitel":"Lesung des Kapitels \"In Kreuzberg fehlt ein Minarett\""}]},{"word":"Helene Migr\u00e4ne","dsets":[{"sig_full":"01.01.00.00.-0614","titel":"L\u00fcbecker Werkstattbericht","untertitel":"Sechs Vorlesungen an der Medizinischen Universit\u00e4t L\u00fcbeck"}]},{"word":"Kot gereimt","dsets":[{"sig_full":"01.01.00.00.-0614","titel":"L\u00fcbecker Werkstattbericht","untertitel":"Sechs Vorlesungen an der Medizinischen Universit\u00e4t L\u00fcbeck"}]},{"word":"Josephs-Romane","dsets":[{"sig_full":"01.01.00.00.-0614","titel":"L\u00fcbecker Werkstattbericht","untertitel":"Sechs Vorlesungen an der Medizinischen Universit\u00e4t L\u00fcbeck"}]},{"word":"Schlo\u00df Gripsholm","dsets":[{"sig_full":"01.01.00.00.-0614","titel":"L\u00fcbecker Werkstattbericht","untertitel":"Sechs Vorlesungen an der Medizinischen Universit\u00e4t L\u00fcbeck"}]},{"word":"Ollefritz","dsets":[{"sig_full":"01.01.00.00.-0614","titel":"L\u00fcbecker Werkstattbericht","untertitel":"Sechs Vorlesungen an der Medizinischen Universit\u00e4t L\u00fcbeck"}]},{"word":"Menschliches Elend","dsets":[{"sig_full":"01.01.00.00.-0614","titel":"L\u00fcbecker Werkstattbericht","untertitel":"Sechs Vorlesungen an der Medizinischen Universit\u00e4t L\u00fcbeck"}]},{"word":"Von der Widerw\u00e4rtigkeit des Krieges","dsets":[{"sig_full":"01.01.00.00.-0614","titel":"L\u00fcbecker Werkstattbericht","untertitel":"Sechs Vorlesungen an der Medizinischen Universit\u00e4t L\u00fcbeck"}]},{"word":"Die Vernichtung der Menschheit hat begonnen","dsets":[{"sig_full":"01.01.00.00.-0614","titel":"L\u00fcbecker Werkstattbericht","untertitel":"Sechs Vorlesungen an der Medizinischen Universit\u00e4t L\u00fcbeck"}]},{"word":"Hinsehen und Aufzeichnen","dsets":[{"sig_full":"01.01.00.00.-0614","titel":"L\u00fcbecker Werkstattbericht","untertitel":"Sechs Vorlesungen an der Medizinischen Universit\u00e4t L\u00fcbeck"}]},{"word":"Das Eigentum","dsets":[{"sig_full":"01.01.00.00.-0614","titel":"L\u00fcbecker Werkstattbericht","untertitel":"Sechs Vorlesungen an der Medizinischen Universit\u00e4t L\u00fcbeck"}]},{"word":"Der Hessische Landbote","dsets":[{"sig_full":"01.01.00.00.-0614","titel":"L\u00fcbecker Werkstattbericht","untertitel":"Sechs Vorlesungen an der Medizinischen Universit\u00e4t L\u00fcbeck"}]},{"word":"Lastenausgleich","dsets":[{"sig_full":"01.01.00.00.-0614","titel":"L\u00fcbecker Werkstattbericht","untertitel":"Sechs Vorlesungen an der Medizinischen Universit\u00e4t L\u00fcbeck"}]},{"word":"Ann\u00e4hernd schottisch","dsets":[{"sig_full":"01.01.00.00.-0614","titel":"L\u00fcbecker Werkstattbericht","untertitel":"Sechs Vorlesungen an der Medizinischen Universit\u00e4t L\u00fcbeck"}]},{"word":"Vom Denkmal herab gesprochen","dsets":[{"sig_full":"01.01.00.00.-0614","titel":"L\u00fcbecker Werkstattbericht","untertitel":"Sechs Vorlesungen an der Medizinischen Universit\u00e4t L\u00fcbeck"}]},{"word":"Heiter bleiben","dsets":[{"sig_full":"01.01.00.00.-0614","titel":"L\u00fcbecker Werkstattbericht","untertitel":"Sechs Vorlesungen an der Medizinischen Universit\u00e4t L\u00fcbeck"}]},{"word":"Rapsbl\u00fcte","dsets":[{"sig_full":"01.01.00.00.-0614","titel":"L\u00fcbecker Werkstattbericht","untertitel":"Sechs Vorlesungen an der Medizinischen Universit\u00e4t L\u00fcbeck"}]},{"word":"Kontrastmittel","dsets":[{"sig_full":"01.01.00.00.-0614","titel":"L\u00fcbecker Werkstattbericht","untertitel":"Sechs Vorlesungen an der Medizinischen Universit\u00e4t L\u00fcbeck"}]},{"word":"Seit Grimms Zeiten","dsets":[{"sig_full":"01.01.00.00.-0614","titel":"L\u00fcbecker Werkstattbericht","untertitel":"Sechs Vorlesungen an der Medizinischen Universit\u00e4t L\u00fcbeck"}]},{"word":"Das Beil im Schuppen","dsets":[{"sig_full":"01.01.00.00.-0614","titel":"L\u00fcbecker Werkstattbericht","untertitel":"Sechs Vorlesungen an der Medizinischen Universit\u00e4t L\u00fcbeck"}]},{"word":"In diesem trocknen Sommer","dsets":[{"sig_full":"01.01.00.00.-0614","titel":"L\u00fcbecker Werkstattbericht","untertitel":"Sechs Vorlesungen an der Medizinischen Universit\u00e4t L\u00fcbeck"}]},{"word":"Kurze Geschichte","dsets":[{"sig_full":"01.01.00.00.-0614","titel":"L\u00fcbecker Werkstattbericht","untertitel":"Sechs Vorlesungen an der Medizinischen Universit\u00e4t L\u00fcbeck"}]},{"word":"Amanda herzlos","dsets":[{"sig_full":"01.01.00.00.-1592","titel":"\u00dcber die Popularit\u00e4t von G\u00fcnter Grass auf dem polnischen B\u00fcchermarkt (poln.)","untertitel":"Telefoninterview mit Joanna Konopacka"}]},{"word":"Die polnische Post von Danzig","dsets":[{"sig_full":"01.01.00.00.-1592","titel":"\u00dcber die Popularit\u00e4t von G\u00fcnter Grass auf dem polnischen B\u00fcchermarkt (poln.)","untertitel":"Telefoninterview mit Joanna Konopacka"}]},{"word":"Hitlers Mann in Danzig","dsets":[{"sig_full":"01.01.00.00.-1592","titel":"\u00dcber die Popularit\u00e4t von G\u00fcnter Grass auf dem polnischen B\u00fcchermarkt (poln.)","untertitel":"Telefoninterview mit Joanna Konopacka"}]},{"word":"Harry Potter","dsets":[{"sig_full":"01.01.00.00.-1594","titel":"Buchbesprechung und Kritik zu \u201eIm Krebsgang\u201c (russisch)","untertitel":"\u00dcber die Neuerscheinung der Novelle"}]},{"word":"Meissner Tedeum","dsets":[{"sig_full":"01.01.00.00.-1234","titel":"Almanach der Woche: Meissner Tedeum","untertitel":"Probenausschnitte"},{"sig_full":"01.01.00.00.-0948","titel":"Meissner Tedeum","untertitel":"Nach dem \"Tedeum laudamus\" deutsch von Martin Luther und einem antiphonischen Text von G\u00fcnter Grass"}]},{"word":"Der Ernstfall","dsets":[{"sig_full":"01.01.00.00.-1647","titel":"Das Verschweigen war ein Fehler (tel.)","untertitel":"Gr\u00fcnde f\u00fcr das sp\u00e4te Bekenntnis zur Waffen-SS"}]},{"word":"99 Schleier","dsets":[{"sig_full":"01.01.00.00.-1620","titel":"Schleier der Religionen (arab.)","untertitel":"Zweisprachige Lesung"}]},{"word":"Es war einmal ein Land, das hie\u00df Deutsch","dsets":[{"sig_full":"01.01.00.00.-1620","titel":"Schleier der Religionen (arab.)","untertitel":"Zweisprachige Lesung"}]},{"word":"West-\u00d6stlicher Divan","dsets":[{"sig_full":"01.01.00.00.-1620","titel":"Schleier der Religionen (arab.)","untertitel":"Zweisprachige Lesung"},{"sig_full":"01.01.00.00.-1332","titel":"Laudatio zum Ernst-Toller-Preis 2007","untertitel":"Ernst-Toller-Preis 2007 f\u00fcr G\u00fcnter Grass"}]},{"word":"G\u00fcnter Grass (Biographie von Claudia Mayer-Iswandy)","dsets":[{"sig_full":"01.01.00.00.-1609","titel":"Neues von und \u00fcber Grass zum 75. Geburtstag","untertitel":"Feature \u00fcber die Neurscheinungen im Herbst 2002"}]},{"word":"Unerbittliche Freunde","dsets":[{"sig_full":"01.01.00.00.-1609","titel":"Neues von und \u00fcber Grass zum 75. Geburtstag","untertitel":"Feature \u00fcber die Neurscheinungen im Herbst 2002"}]},{"word":"Wechselrahmen","dsets":[{"sig_full":"01.01.00.00.-1242","titel":"Hier und Heute - 15 Jahre D\u00fcsseldorfer Kunstverein","untertitel":"Arbeitsgemeinschaft Kultureller Organisationen"}]},{"word":"Heimatmuseum","dsets":[{"sig_full":"01.01.00.00.-1614","titel":"Tilmann Krause \u00fcber das B\u00fccherjahr 2002","untertitel":"Die gro\u00dfen Literaturdebatten um Grass und Walser"}]},{"word":"Die Kapitulation oder Deutscher Katholizismus heute","dsets":[{"sig_full":"01.01.00.00.-1256","titel":"Reminiszenzen und Analysen: Engagierte Schriftsteller nach den Bundestagswahlen","untertitel":"Gespr\u00e4ch zwischen B\u00f6ll und Grass"}]},{"word":"Ansichten eines Clowns","dsets":[{"sig_full":"01.01.00.00.-1256","titel":"Reminiszenzen und Analysen: Engagierte Schriftsteller nach den Bundestagswahlen","untertitel":"Gespr\u00e4ch zwischen B\u00f6ll und Grass"}]},{"word":"Die Arroganz der Macht","dsets":[{"sig_full":"01.01.00.00.-1245","titel":"WDR Extra: Der Zorn des G\u00fcnter Grass","untertitel":"Diskussion zur Grass' Kritik am Asylrecht als Friedenspreislaudator f\u00fcr Ya\u015far Kemal"}]},{"word":"Alles auf Zucker","dsets":[{"sig_full":"01.01.00.00.-1636","titel":"Vers\u00f6hnung als menschliches Thema","untertitel":"\u00dcber die Adaption der \"Unkenrufe\" aus einem polnischen Blickwinkel"}]},{"word":"Unkenrufe - Zeit der Vers\u00f6hnung","dsets":[{"sig_full":"01.01.00.00.-1636","titel":"Vers\u00f6hnung als menschliches Thema","untertitel":"\u00dcber die Adaption der \"Unkenrufe\" aus einem polnischen Blickwinkel"}]},{"word":"Stilles Land (Film)","dsets":[{"sig_full":"01.01.00.00.-1249","titel":"Theater um Deutschland","untertitel":"K\u00fcnstler setzen sich mit der Wiedervereinigung auseinander"}]},{"word":"Hundert Jahre CDU - Spiel ohne Grenzen","dsets":[{"sig_full":"01.01.00.00.-1249","titel":"Theater um Deutschland","untertitel":"K\u00fcnstler setzen sich mit der Wiedervereinigung auseinander"}]},{"word":"A Prayer for Owen Meany","dsets":[{"sig_full":"01.01.00.00.-1680","titel":"G\u00fcnter Grass wird 80 Jahre alt (russisch)","untertitel":null},{"sig_full":"01.01.00.00.-1676","titel":"Als guter Erz\u00e4hler gesch\u00e4tzt","untertitel":"Grass'  Wirkung in den USA"},{"sig_full":"01.01.00.00.-1678","titel":"Happy Birthday  Mr. Grass!","untertitel":"Gratulationen aus aller Welt  zum 80. Geburtstag"}]},{"word":"Schreiben in friedloser Welt","dsets":[{"sig_full":"01.01.00.00.-1638","titel":"Warum der PEN nicht unpolitisch ist","untertitel":"PEN-Kongress: Schreiben in friedloser Welt 2006"}]},{"word":"Wir Abnicker: \u00dcber Macht und Ohnmacht der Volksvertreter","dsets":[{"sig_full":"01.01.00.00.-1703","titel":"Lobbyisten und die Macht und Ohnmacht der Volksvertreter","untertitel":"Bundestagsabgeordnete als \"Abnicker\""}]},{"word":"Zum Beispiel Kalkutta","dsets":[{"sig_full":"01.01.00.00.-1691","titel":"\"My broken love\" Kalkutta  (bengali)","untertitel":"Martin K\u00e4mpchen \u00fcber Kalkutta und G\u00fcnter Grass"}]},{"word":"Mein Falke","dsets":[{"sig_full":"01.01.00.00.-1372","titel":"Portr\u00e4t  Ya\u015far Kemal","untertitel":"Leben und Werk des Friedenspreistr\u00e4gers von 1997"}]},{"word":"Die toten Seelen","dsets":[{"sig_full":"01.01.00.00.-1372","titel":"Portr\u00e4t  Ya\u015far Kemal","untertitel":"Leben und Werk des Friedenspreistr\u00e4gers von 1997"}]},{"word":"Auch die V\u00f6gel sind fort","dsets":[{"sig_full":"01.01.00.00.-1372","titel":"Portr\u00e4t  Ya\u015far Kemal","untertitel":"Leben und Werk des Friedenspreistr\u00e4gers von 1997"}]},{"word":"Aus meinem Leben","dsets":[{"sig_full":"01.01.00.00.-1730","titel":"G\u00fcnter Grass \u00fcber die Verleihung des August-Bebel-Preises 2011 (Rohfassung)","untertitel":"Interview zur Verleihung des August-Bebel-Preises 2011 an Oskar Negt"}]},{"word":"Die Frau und der Sozialismus","dsets":[{"sig_full":"01.01.00.00.-1730","titel":"G\u00fcnter Grass \u00fcber die Verleihung des August-Bebel-Preises 2011 (Rohfassung)","untertitel":"Interview zur Verleihung des August-Bebel-Preises 2011 an Oskar Negt"}]},{"word":"Soll und Haben","dsets":[{"sig_full":"01.01.00.00.-1711","titel":"Liebeserkl\u00e4rung an die deutsche Sprache","untertitel":"G\u00fcnter Grass im Gespr\u00e4ch mit Prof. H. Detering"}]},{"word":"Fremd daheim","dsets":[{"sig_full":"01.01.00.00.-1519","titel":"Der Kraftakt deutsche Einheit","untertitel":null}]},{"word":"Hierzulande Andernorts","dsets":[{"sig_full":"01.01.00.00.-1551","titel":"Schreiben bedeutet Ged\u00e4chtnis zu bewahren","untertitel":"Zum 70. Geburtstag von Christa Wolf"}]},{"word":"Moskauer Novelle","dsets":[{"sig_full":"01.01.00.00.-1551","titel":"Schreiben bedeutet Ged\u00e4chtnis zu bewahren","untertitel":"Zum 70. Geburtstag von Christa Wolf"}]},{"word":"Kein Ort nirgends","dsets":[{"sig_full":"01.01.00.00.-1551","titel":"Schreiben bedeutet Ged\u00e4chtnis zu bewahren","untertitel":"Zum 70. Geburtstag von Christa Wolf"}]},{"word":"Was bleibt","dsets":[{"sig_full":"01.01.00.00.-1551","titel":"Schreiben bedeutet Ged\u00e4chtnis zu bewahren","untertitel":"Zum 70. Geburtstag von Christa Wolf"}]},{"word":"Akteneinsicht Christa Wolf. Zerrspiegel und Dialog","dsets":[{"sig_full":"01.01.00.00.-1551","titel":"Schreiben bedeutet Ged\u00e4chtnis zu bewahren","untertitel":"Zum 70. Geburtstag von Christa Wolf"}]},{"word":"Begegnungen Third Street","dsets":[{"sig_full":"01.01.00.00.-1551","titel":"Schreiben bedeutet Ged\u00e4chtnis zu bewahren","untertitel":"Zum 70. Geburtstag von Christa Wolf"}]},{"word":"Schreiben gegen die verstreichende Zeit","dsets":[{"sig_full":"01.01.00.00.-1541","titel":"Der internationale Ruf von G\u00fcnter Grass","untertitel":"Im Ausland gesch\u00e4tzt, im Inland gehasst"}]},{"word":"Zum Tod von Stephan Hermlin","dsets":[{"sig_full":"01.01.00.00.-0016","titel":"Ansprache zum 70. Geburtstag von Stephan Hermlin","untertitel":null}]},{"word":"Die Stadt hinter dem Strom","dsets":[{"sig_full":"01.01.00.00.-1413","titel":"R\u00fcckblende Tr\u00fcmmerliteratur","untertitel":"Nachkriegsliteratur und die Entstehung der Gruppe 47"}]},{"word":"Die Gesellschaft vom Dachboden","dsets":[{"sig_full":"01.01.00.00.-1413","titel":"R\u00fcckblende Tr\u00fcmmerliteratur","untertitel":"Nachkriegsliteratur und die Entstehung der Gruppe 47"}]},{"word":"Der SS-Staat","dsets":[{"sig_full":"01.01.00.00.-1413","titel":"R\u00fcckblende Tr\u00fcmmerliteratur","untertitel":"Nachkriegsliteratur und die Entstehung der Gruppe 47"}]},{"word":"Der Totenwald","dsets":[{"sig_full":"01.01.00.00.-1413","titel":"R\u00fcckblende Tr\u00fcmmerliteratur","untertitel":"Nachkriegsliteratur und die Entstehung der Gruppe 47"}]},{"word":"Der Ruf (Zeitschrift)","dsets":[{"sig_full":"01.01.00.00.-1413","titel":"R\u00fcckblende Tr\u00fcmmerliteratur","untertitel":"Nachkriegsliteratur und die Entstehung der Gruppe 47"}]},{"word":"Whisky","dsets":[{"sig_full":"01.01.00.00.-0009","titel":"Lesung vor Kollegen","untertitel":"G\u00fcnter Grass liest f\u00fcnf eigene Gedichte (Ausschnitt aus einer Lesung vor der \"Gruppe 47\" in der G\u00f6hrde 1961)"}]},{"word":"Goldm\u00e4ulchen","dsets":[{"sig_full":"01.01.00.00.-0003","titel":"Vom Phantastischen zum Politischen? G\u00fcnter Grass \u00fcber seine literarische Entwicklung","untertitel":"Ein Gespr\u00e4ch"}]},{"word":"Brief an einen jungen Katholiken","dsets":[{"sig_full":"01.01.00.00.-1252","titel":"Die Suche nach einer bewohnbaren Sprache in einem bewohnbaren Land","untertitel":"Hommage f\u00fcr Heinrich B\u00f6ll"}]},{"word":"Befehl und Verantwortung","dsets":[{"sig_full":"01.01.00.00.-1252","titel":"Die Suche nach einer bewohnbaren Sprache in einem bewohnbaren Land","untertitel":"Hommage f\u00fcr Heinrich B\u00f6ll"}]},{"word":"Der abentheuerliche Simplicissimus Teutsch","dsets":[{"sig_full":"01.01.00.00.-1417","titel":"Zu Besuch im schwarzen Fulda","untertitel":"Ausstellungser\u00f6ffnung \"Auf einem anderen Blatt\""},{"sig_full":"01.01.00.00.-1328","titel":"Wer liest hat mehr vom Leben","untertitel":null}]},{"word":"Unterwegs von Deutschland nach Deutschland","dsets":[{"sig_full":"01.01.00.00.-1417","titel":"Zu Besuch im schwarzen Fulda","untertitel":"Ausstellungser\u00f6ffnung \"Auf einem anderen Blatt\""},{"sig_full":"01.01.00.00.-1955","titel":"Grass l\u00e4sst Deutschland keine Ruhe","untertitel":null}]},{"word":"Vom linksschreibenden Herzen","dsets":[{"sig_full":"01.01.00.00.-1567","titel":"Bilanz der Frankfurter Buchmesse 1999","untertitel":"Nachbericht von der 51. internationalen Buchmesse Frankfurt"}]},{"word":"G\u00fcnter Grass im Visier - Die Stasi-Akte","dsets":[{"sig_full":"01.01.00.00.-1720","titel":"\"G\u00fcnter Grass im Visier der STASI\" auf der Leipziger Buchmesse 2010","untertitel":"Szenische Lesung"}]},{"word":"Die R\u00e4uber","dsets":[{"sig_full":"01.01.00.00.-0006","titel":"Hundejahre","untertitel":"G\u00fcnter Grass liest Ausschnitte aus seinem Roman"}]},{"word":"Die Ballade von der schwarzen Wolke","dsets":[{"sig_full":"01.01.00.00.-0001","titel":"Gleisdreieck","untertitel":"G\u00fcnter Grass liest siebzehn eigene Gedichte"}]},{"word":"\u00dcberflu\u00df","dsets":[{"sig_full":"01.01.00.00.-0001","titel":"Gleisdreieck","untertitel":"G\u00fcnter Grass liest siebzehn eigene Gedichte"}]},{"word":"Novemberland. 13 Sonette","dsets":[{"sig_full":"01.01.00.00.-1699","titel":"Kahlschlag und Raubbau \u2013 Die Landschaften der Deutschen Einheit bei G\u00fcnter Grass","untertitel":"Vortrag zur Er\u00f6ffnung der Ausstellung \u201eG\u00fcnter Grass und die Deutsche Einheit \u2013 Zeugnisse einer Auseinandersetzung\u201c"}]},{"word":"Ernst Tholler - Der Hinkemann","dsets":[{"sig_full":"01.01.00.00.-0317","titel":"G\u00fcnter Grass bei der Erlanger Studentenwoche - Interview","untertitel":"Bericht und Ausschnitte von der Erlanger Studententheaterwoche in Erlangen, 1960."}]},{"word":"G\u00fcnter Weisenborn - Vom Eulenspiegel, vom Federle und von der dicken Pompanne","dsets":[{"sig_full":"01.01.00.00.-0317","titel":"G\u00fcnter Grass bei der Erlanger Studentenwoche - Interview","untertitel":"Bericht und Ausschnitte von der Erlanger Studententheaterwoche in Erlangen, 1960."}]},{"word":"Goldm\u00e4ulchen oder die Diskussionsrunde","dsets":[{"sig_full":"01.01.00.00.-0131","titel":"Goldm\u00e4ulchen oder die Diskussionsrunde","untertitel":"Bericht \u00fcber die Urauff\u00fchrung des Theaterst\u00fcckes \"Goldm\u00e4ulchen oder die Diskussionsrunde\" von G\u00fcnter Grass im Juli 1964 im M\u00fcnchner Werkraumtheater"}]},{"word":"Der Name der Rose","dsets":[{"sig_full":"01.01.00.00.-0680","titel":"Gratwanderung zwischen Sprachen und Kulturen (Palermo)","untertitel":"Wolfgang Rumpf im Gespr\u00e4ch mit G\u00fcnter Grass"}]},{"word":"Das Haus in der Stadt der sieben T\u00fcrme","dsets":[{"sig_full":"01.01.00.00.-0590","titel":"Das Haus in der Stadt der sieben T\u00fcrme","untertitel":"Rede zum 10. Todestag von Willy Brandt"}]},{"word":"Die dritte Brust","dsets":[{"sig_full":"01.01.00.00.-0148","titel":"Schaupl\u00e4tze der Weltliteratur - G\u00fcnter Grass und Danzig","untertitel":"Interview und Lesung aus dem Roman \"Der Butt\", Ausz\u00fcge aus Kapitel 1, \"Die dritte Brust\", \"Ach Butt, dein M\u00e4rchen geht b\u00f6se aus\" + Gespr\u00e4ch"}]},{"word":"L\u00fcbecker Werkstattbericht","dsets":[{"sig_full":"01.01.00.00.-0578","titel":"Begehung der Forschungsstelle in der IUB (G\u00fcnter Grass Stiftung Bremen) - Pressekonferenz (unvollst\u00e4ndig!!)","untertitel":null}]},{"word":"Hinkemann","dsets":[{"sig_full":"01.01.00.00.-1332","titel":"Laudatio zum Ernst-Toller-Preis 2007","untertitel":"Ernst-Toller-Preis 2007 f\u00fcr G\u00fcnter Grass"}]},{"word":"Eine Jugend in Deutschland","dsets":[{"sig_full":"01.01.00.00.-1332","titel":"Laudatio zum Ernst-Toller-Preis 2007","untertitel":"Ernst-Toller-Preis 2007 f\u00fcr G\u00fcnter Grass"},{"sig_full":"01.01.00.00.-1331","titel":"Preisbegr\u00fcndung Ernst-Toller-Preis 2007","untertitel":"Ernst-Toller-Preis 2007 f\u00fcr G\u00fcnter Grass"}]},{"word":"Die Wandlung","dsets":[{"sig_full":"01.01.00.00.-1332","titel":"Laudatio zum Ernst-Toller-Preis 2007","untertitel":"Ernst-Toller-Preis 2007 f\u00fcr G\u00fcnter Grass"}]},{"word":"\u00dcber die Deutschen","dsets":[{"sig_full":"01.01.00.00.-1332","titel":"Laudatio zum Ernst-Toller-Preis 2007","untertitel":"Ernst-Toller-Preis 2007 f\u00fcr G\u00fcnter Grass"}]},{"word":"Hyperion","dsets":[{"sig_full":"01.01.00.00.-1332","titel":"Laudatio zum Ernst-Toller-Preis 2007","untertitel":"Ernst-Toller-Preis 2007 f\u00fcr G\u00fcnter Grass"}]},{"word":"Wanderers Gem\u00fctsruhe","dsets":[{"sig_full":"01.01.00.00.-1332","titel":"Laudatio zum Ernst-Toller-Preis 2007","untertitel":"Ernst-Toller-Preis 2007 f\u00fcr G\u00fcnter Grass"}]},{"word":"Mariazuehren","dsets":[{"sig_full":"01.01.00.00.-0328","titel":"Das Vivarium des G.G. - Eine Diskussion zum 60. Geburtstag von G\u00fcnter Grass","untertitel":"(kein O-Ton Grass)"}]},{"word":"Die Bibel","dsets":[{"sig_full":"01.01.00.00.-0156","titel":"G\u00fcnter Grass zweiter Besuch in Kalkutta (bengalisch)","untertitel":"Kalkutta als Wohnort von G\u00fcnter Grass"}]},{"word":"Zum Beispiel Calcutta","dsets":[{"sig_full":"01.01.00.00.-0161","titel":"Zum Beispiel Calcutta - Ansprache von G\u00fcnter Grass vor Mitgliedern des \"Club of Rome\" (leicht gek\u00fcrzte Fassung)","untertitel":"Anmoderation, Rede und Abmoderation"},{"sig_full":"01.01.00.00.-0162","titel":"21. Tagung des \"Club of Rome\" in Hannover","untertitel":null},{"sig_full":"01.01.00.00.-1972","titel":"Von Katastrophen, Umw\u00e4lzungen und Feindbildern in der Zukunft","untertitel":"Ausschnitt einer Rede vor dem Club of Rome 1989"}]},{"word":"10 Minuten bis Buffalo","dsets":[{"sig_full":"01.01.00.00.-0314","titel":"Gespr\u00e4ch mit G\u00fcnter Grass","untertitel":"Erlanger Tagung der Studentenb\u00fchnen. Erfahrungen mit der B\u00fchne. Das Publikum. Brecht. Das absurde Theater."}]},{"word":"Orpheus","dsets":[{"sig_full":"01.01.00.00.-0157","titel":"Gespr\u00e4ch mit G\u00fcnter Grass zum 60. Geburtstag (darin: Lesung des Gedichts \"Orpheus\")","untertitel":null}]},{"word":"Eulenspiegel","dsets":[{"sig_full":"01.01.00.00.-0906","titel":"Grass liest die \"F\u00e4lscher-Geschichte\" aus dem Roman \"Die R\u00e4ttin\"","untertitel":"\"Malskat\"-Lesefassung des Romans"}]},{"word":"Schlo\u00df Hubertus","dsets":[{"sig_full":"01.01.00.00.-0906","titel":"Grass liest die \"F\u00e4lscher-Geschichte\" aus dem Roman \"Die R\u00e4ttin\"","untertitel":"\"Malskat\"-Lesefassung des Romans"}]},{"word":"Das M\u00e4dchen vom Moorhof","dsets":[{"sig_full":"01.01.00.00.-0906","titel":"Grass liest die \"F\u00e4lscher-Geschichte\" aus dem Roman \"Die R\u00e4ttin\"","untertitel":"\"Malskat\"-Lesefassung des Romans"}]},{"word":"Die fidele Tankstelle","dsets":[{"sig_full":"01.01.00.00.-0906","titel":"Grass liest die \"F\u00e4lscher-Geschichte\" aus dem Roman \"Die R\u00e4ttin\"","untertitel":"\"Malskat\"-Lesefassung des Romans"}]},{"word":"Nun danket alle Gott","dsets":[{"sig_full":"01.01.00.00.-0906","titel":"Grass liest die \"F\u00e4lscher-Geschichte\" aus dem Roman \"Die R\u00e4ttin\"","untertitel":"\"Malskat\"-Lesefassung des Romans"}]},{"word":"Wanderungen durch die Mark Brandenburg","dsets":[{"sig_full":"01.01.00.00.-0364","titel":"Zwei Jahrhunderte werden besichtigt","untertitel":"Gespr\u00e4ch mit G\u00fcnter Grass \u00fcber \"Ein weites Feld\""}]},{"word":"Moby Dick","dsets":[{"sig_full":"01.01.00.00.-1328","titel":"Wer liest hat mehr vom Leben","untertitel":null}]},{"word":"Zeiten des Gl\u00fccks im Ungl\u00fcck","dsets":[{"sig_full":"01.01.00.00.-1281","titel":"G\u00fcnter Grass und Amitav Gosh","untertitel":"Interview w\u00e4hrend der Buchmesse 2006 mit Themenschwerpunkt Indien"}]},{"word":"Duineser Elegien","dsets":[{"sig_full":"01.01.00.00.-1281","titel":"G\u00fcnter Grass und Amitav Gosh","untertitel":"Interview w\u00e4hrend der Buchmesse 2006 mit Themenschwerpunkt Indien"}]},{"word":"Tod eines Handlungsreisenden","dsets":[{"sig_full":"01.01.00.00.-1334","titel":"Volker Schl\u00f6ndorff liest aus seiner Autobiographie","untertitel":null}]},{"word":"Sagen des klassischen Altertums","dsets":[{"sig_full":"01.01.00.00.-1334","titel":"Volker Schl\u00f6ndorff liest aus seiner Autobiographie","untertitel":null}]},{"word":"Kampf der Tertia","dsets":[{"sig_full":"01.01.00.00.-1334","titel":"Volker Schl\u00f6ndorff liest aus seiner Autobiographie","untertitel":null}]},{"word":"Zettels Traum","dsets":[{"sig_full":"01.01.00.00.-1733","titel":"Er\u00f6ffnung der Sonderausstellung \"Arno Schmidt.  Der Schriftsteller als Fotograf\"  in L\u00fcbeck","untertitel":"Vernissage mit G\u00fcnter Grass in der Katharinenkirche"}]},{"word":"Das steinerne Herz","dsets":[{"sig_full":"01.01.00.00.-1733","titel":"Er\u00f6ffnung der Sonderausstellung \"Arno Schmidt.  Der Schriftsteller als Fotograf\"  in L\u00fcbeck","untertitel":"Vernissage mit G\u00fcnter Grass in der Katharinenkirche"}]},{"word":"Eintagsfliegen","dsets":[{"sig_full":"01.01.00.00.-1969","titel":"Arnon Gr\u00fcnberg und G\u00fcnter Grass \u00fcber Antisemitismus, Israel und den 2. Weltkrieg","untertitel":"Gespr\u00e4ch anl\u00e4\u00dflich des Prager Autorenfestivals 2013"}]},{"word":"Die schlesischen Weber","dsets":[{"sig_full":"01.01.00.00.-1969","titel":"Arnon Gr\u00fcnberg und G\u00fcnter Grass \u00fcber Antisemitismus, Israel und den 2. Weltkrieg","untertitel":"Gespr\u00e4ch anl\u00e4\u00dflich des Prager Autorenfestivals 2013"}]},{"word":"Terminus Aussenseiter","dsets":[{"sig_full":"02.07.00.00.-0002","titel":"Cafe Central","untertitel":"Schriftsteller als Au\u00dfenseiter"}]},{"word":"Tabu I - Tageb\u00fccher 1989-1991","dsets":[{"sig_full":"01.01.00.00.-1949","titel":"Nachruf f\u00fcr Peter R\u00fchmkorf","untertitel":"G\u00fcnter Grass und Hans Magnus Enzensberger erinnern sich"}]}]}